{"id":64052,"date":"2026-04-28T05:18:48","date_gmt":"2026-04-28T09:18:48","guid":{"rendered":"https:\/\/noticiasveraces.com\/?p=64052"},"modified":"2026-04-28T05:18:48","modified_gmt":"2026-04-28T09:18:48","slug":"el-tributo-de-la-princesa-kate-a-la-princesa-diana-que-paso-desapercibido-real-noticias","status":"publish","type":"post","link":"https:\/\/noticiasveraces.com\/?p=64052","title":{"rendered":"El tributo de la princesa Kate a la princesa Diana que pas\u00f3 desapercibido | Real | Noticias"},"content":{"rendered":"<p> \n<\/p>\n<div>\n<p>La llamativa apariencia de Catalina llam\u00f3 la atenci\u00f3n no s\u00f3lo por su uso simb\u00f3lico del color, un gui\u00f1o a la bandera del pa\u00eds vecino, sino tambi\u00e9n por un atuendo cuidadosamente pensado que guardaba un sorprendente parecido con un look pasado usado por la princesa Diana. La conexi\u00f3n con el estilo de Diana se hizo evidente a trav\u00e9s de la elecci\u00f3n de sastrer\u00eda y paleta de colores de Catherine, que reflejaba fielmente un traje notable usado por la fallecida Princesa de Gales en 1995.<\/p>\n<\/div>\n<div>\n<p>El abrigo presentaba una silueta elegantemente entallada con una cintura definida y l\u00edneas limpias, rematada con una solapa blanca contrastante que agregaba estructura y contraste visual.<\/p>\n<\/div>\n<div>\n<p>Combin\u00f3 el look con zapatos de tac\u00f3n azul marino de Gianvito Rossi y llevaba un bolso de mano DeMellier London, con un precio de \u00a3 330. Los accesorios se mantuvieron minimalistas y refinados, en consonancia con el car\u00e1cter formal del evento.<\/p>\n<\/div>\n<div>\n<p>Las joyas de la mujer de 44 a\u00f1os a\u00f1adieron una capa adicional de significado. Llevaba aretes de doble racimo de diamantes y zafiros de la princesa Diana. Junto a ellos, eligi\u00f3 un collar con colgante de diamantes y tanzanita en forma de pera de G. Collins &#038; Sons, cuyo valor se estima en \u00a3 8,400.<\/p>\n<\/div>\n<div>\n<p>El aspecto general se parec\u00eda mucho al traje usado por la princesa Diana en 1995 durante una visita a Alemania, donde asisti\u00f3 a una ceremonia para presentar nuevos colores al Regimiento de Guardias de Dragones Ligeros.<\/p>\n<\/div>\n<div>\n<p>En esa ocasi\u00f3n, Diana visti\u00f3 un conjunto azul marino y blanco que combinaba de manera similar una elegante sastrer\u00eda con detalles contrastantes.<\/p>\n<\/div>\n<div>\n<p>Ambos conjuntos presentan una silueta estructurada, una cintura definida y una paleta monocrom\u00e1tica dividida con detalles en blanco. La combinaci\u00f3n del azul marino con detalles en blanco n\u00edtido ha sido durante mucho tiempo un sello distintivo de la vestimenta real formal, utilizada a menudo para eventos conmemorativos y compromisos oficiales.<\/p>\n<\/div>\n<div>\n<p>La interpretaci\u00f3n de Catherine refleja una visi\u00f3n contempor\u00e1nea de este estilo establecido. Si bien mantuvo los mismos elementos centrales que se ven en el look de Diana, la Princesa de Gales opt\u00f3 por una confecci\u00f3n m\u00e1s suave y un acabado m\u00e1s estilizado, aline\u00e1ndose con enfoques de dise\u00f1o modernos.<\/p>\n<\/div>\n<div>\n<p>El servicio del D\u00eda ANZAC en la Abad\u00eda de Westminster sigue siendo uno de los eventos conmemorativos m\u00e1s importantes que involucran a la Familia Real, y la aparici\u00f3n de Catalina form\u00f3 parte de un programa m\u00e1s amplio de homenajes.<\/p>\n<\/div>\n\n","protected":false},"excerpt":{"rendered":"<p>La llamativa apariencia de Catalina llam\u00f3 la atenci\u00f3n no s\u00f3lo por su uso simb\u00f3lico del color, un gui\u00f1o a la bandera del pa\u00eds vecino, sino tambi\u00e9n por un atuendo cuidadosamente pensado que guardaba un sorprendente parecido con un look pasado usado por la princesa Diana. La conexi\u00f3n con el estilo de Diana se hizo evidente &hellip;<\/p>\n","protected":false},"author":1,"featured_media":64053,"comment_status":"open","ping_status":"open","sticky":false,"template":"","format":"standard","meta":{"fifu_image_url":"https:\/\/cdn.images.express.co.uk\/img\/dynamic\/106\/1200x630\/6887233.jpg","fifu_image_alt":"","footnotes":""},"categories":[10],"tags":[],"class_list":["post-64052","post","type-post","status-publish","format-standard","has-post-thumbnail","","category-moda"],"_links":{"self":[{"href":"https:\/\/noticiasveraces.com\/index.php?rest_route=\/wp\/v2\/posts\/64052","targetHints":{"allow":["GET"]}}],"collection":[{"href":"https:\/\/noticiasveraces.com\/index.php?rest_route=\/wp\/v2\/posts"}],"about":[{"href":"https:\/\/noticiasveraces.com\/index.php?rest_route=\/wp\/v2\/types\/post"}],"author":[{"embeddable":true,"href":"https:\/\/noticiasveraces.com\/index.php?rest_route=\/wp\/v2\/users\/1"}],"replies":[{"embeddable":true,"href":"https:\/\/noticiasveraces.com\/index.php?rest_route=%2Fwp%2Fv2%2Fcomments&post=64052"}],"version-history":[{"count":0,"href":"https:\/\/noticiasveraces.com\/index.php?rest_route=\/wp\/v2\/posts\/64052\/revisions"}],"wp:featuredmedia":[{"embeddable":true,"href":"https:\/\/noticiasveraces.com\/index.php?rest_route=\/wp\/v2\/media\/64053"}],"wp:attachment":[{"href":"https:\/\/noticiasveraces.com\/index.php?rest_route=%2Fwp%2Fv2%2Fmedia&parent=64052"}],"wp:term":[{"taxonomy":"category","embeddable":true,"href":"https:\/\/noticiasveraces.com\/index.php?rest_route=%2Fwp%2Fv2%2Fcategories&post=64052"},{"taxonomy":"post_tag","embeddable":true,"href":"https:\/\/noticiasveraces.com\/index.php?rest_route=%2Fwp%2Fv2%2Ftags&post=64052"}],"curies":[{"name":"wp","href":"https:\/\/api.w.org\/{rel}","templated":true}]}}