{"id":64034,"date":"2026-04-28T04:33:44","date_gmt":"2026-04-28T08:33:44","guid":{"rendered":"https:\/\/noticiasveraces.com\/?p=64034"},"modified":"2026-04-28T04:33:44","modified_gmt":"2026-04-28T08:33:44","slug":"es-impostergable-el-contundente-plan-de-maria-corina-machado-para-desmantelar-el-poder-del-regimen-video","status":"publish","type":"post","link":"https:\/\/noticiasveraces.com\/?p=64034","title":{"rendered":"\u00abEs impostergable\u00bb: El contundente plan de Mar\u00eda Corina Machado para desmantelar el poder del r\u00e9gimen (VIDEO)"},"content":{"rendered":"<p> \n<\/p>\n<div id=\"post-5929785\">\n\t<!-- .entry-header --><\/p>\n<div class=\"entry-content\">\n<p>\n\t\t\t<span rel=\"author\" class=\"fn\">con una pala<\/span>\n\t\t<\/p>\n<p>\t\t<time class=\"entry-date published updated\" datetime=\"2026-04-27T22:12:08-04:00\">abril 27 2026, 10:12 pm<\/time><\/p>\n<figure id=\"attachment_5926553\" aria-describedby=\"caption-attachment-5926553\" style=\"width: 1920px\" class=\"wp-caption alignnone\"><img fetchpriority=\"high\" decoding=\"async\" onerror=\"this.onerror=null;this.src=\" https:=\"\" class=\"size-full wp-image-5926553\" src=\"https:\/\/sandia.datanubex.uk\/wp-content\/uploads\/2026\/04\/7fe91c4e088155424e8211d1b6e984c626452da1w.jpg\" alt=\"\" width=\"1920\" height=\"1280\"\/><figcaption id=\"caption-attachment-5926553\" class=\"wp-caption-text\">EFE<\/figcaption><\/figure>\n<\/p>\n<p>La l\u00edder de la oposici\u00f3n democr\u00e1tica Mar\u00eda Corina Machado exigi\u00f3 el establecimiento de un cronograma comicial verificable para concretar un cambio pol\u00edtico en el pa\u00eds durante un mensaje audiovisual proyectado en la cena de la Fundaci\u00f3n Libertad celebrada este lunes 27 de abril en Argentina.<\/p>\n<p><strong>lapatilla.com<\/strong><\/p>\n<p><!-- Begin Mailchimp Signup Form --><\/p>\n<div id=\"mc_embed_signup\">\n<p><label for=\"mce-EMAIL\">            \u00a1\u00danete al club ahora! Suscr\u00edbete al bolet\u00edn m\u00e1s importante de Venezuela          <\/label><iframe data-test-id=\"beehiiv-embed\" height=\"52\" frameborder=\"0\" scrolling=\"no\" style=\"margin: 0; border-radius: 0px !important; &#10;&#9;&#9;background-color: transparent;\" data-src=\"https:\/\/embeds.beehiiv.com\/cdab9503-16ae-4689-ad4f-1408c727a83a?slim=true\" class=\"lazyload\"><\/iframe><\/p>\n<\/div>\n<p><!--End mc_embed_signup 2--><\/p>\n<p>La dirigente sustent\u00f3 la urgencia de un relevo gubernamental al exponer la severidad de los indicadores financieros actuales. \u201cLa situaci\u00f3n econ\u00f3mica y social es dram\u00e1tica. Imaginen lo que es una inflaci\u00f3n acumulada anual en abril de 650%, un ingreso familiar promedio de 200 d\u00f3lares al mes, m\u00e1s de 86% de pobreza. Por esto quiero ser muy clara: la transici\u00f3n en Venezuela es impostergable\u201d, afirm\u00f3 Machado.<\/p>\n<p>As\u00ed mismo, la Premio Nobel de la Paz deline\u00f3 las acciones institucionales necesarias para restaurar la seguridad jur\u00eddica nacional. El proyecto descrito por machado implica desmantelar el sistema de persecuci\u00f3n y desmontar las estructuras del poder actual para generar la confianza requerida por los inversionistas y los ciudadanos en el exterior.<\/p>\n<p>\u201cPara que exista desarrollo, inversi\u00f3n y crecimiento sostenido, se necesita Estado de Derecho. No hay prosperidad posible donde no hay justicia; no hay estabilidad donde no hay reglas claras; no hay libertad econ\u00f3mica donde no hay libertad pol\u00edtica\u201d, asever\u00f3 Machado.<\/p>\n<p>Finalmente, la l\u00edder opositora apunt\u00f3 hacia las urnas como el mecanismo id\u00f3neo para canalizar las demandas ciudadanas y brindar certeza a la comunidad internacional. \u201cPor eso, uno de los pasos m\u00e1s importantes que tenemos que dar cuanto antes es establecer un calendario electoral claro, cre\u00edble y verificable\u201d, puntualiz\u00f3 Machado.<\/p>\n<p><!-- CONTENT END 2 -->\n\t<\/div>\n<p><!-- .entry-content --><\/p>\n<\/div>\n\n","protected":false},"excerpt":{"rendered":"<p>con una pala abril 27 2026, 10:12 pm EFE La l\u00edder de la oposici\u00f3n democr\u00e1tica Mar\u00eda Corina Machado exigi\u00f3 el establecimiento de un cronograma comicial verificable para concretar un cambio pol\u00edtico en el pa\u00eds durante un mensaje audiovisual proyectado en la cena de la Fundaci\u00f3n Libertad celebrada este lunes 27 de abril en Argentina. lapatilla.com &hellip;<\/p>\n","protected":false},"author":1,"featured_media":64036,"comment_status":"open","ping_status":"open","sticky":false,"template":"","format":"standard","meta":{"fifu_image_url":"https:\/\/sandia.datanubex.uk\/wp-content\/uploads\/2026\/04\/7fe91c4e088155424e8211d1b6e984c626452da1w.jpg","fifu_image_alt":"","footnotes":""},"categories":[13],"tags":[],"class_list":["post-64034","post","type-post","status-publish","format-standard","has-post-thumbnail","","category-mundo"],"_links":{"self":[{"href":"https:\/\/noticiasveraces.com\/index.php?rest_route=\/wp\/v2\/posts\/64034","targetHints":{"allow":["GET"]}}],"collection":[{"href":"https:\/\/noticiasveraces.com\/index.php?rest_route=\/wp\/v2\/posts"}],"about":[{"href":"https:\/\/noticiasveraces.com\/index.php?rest_route=\/wp\/v2\/types\/post"}],"author":[{"embeddable":true,"href":"https:\/\/noticiasveraces.com\/index.php?rest_route=\/wp\/v2\/users\/1"}],"replies":[{"embeddable":true,"href":"https:\/\/noticiasveraces.com\/index.php?rest_route=%2Fwp%2Fv2%2Fcomments&post=64034"}],"version-history":[{"count":0,"href":"https:\/\/noticiasveraces.com\/index.php?rest_route=\/wp\/v2\/posts\/64034\/revisions"}],"wp:featuredmedia":[{"embeddable":true,"href":"https:\/\/noticiasveraces.com\/index.php?rest_route=\/wp\/v2\/media\/64036"}],"wp:attachment":[{"href":"https:\/\/noticiasveraces.com\/index.php?rest_route=%2Fwp%2Fv2%2Fmedia&parent=64034"}],"wp:term":[{"taxonomy":"category","embeddable":true,"href":"https:\/\/noticiasveraces.com\/index.php?rest_route=%2Fwp%2Fv2%2Fcategories&post=64034"},{"taxonomy":"post_tag","embeddable":true,"href":"https:\/\/noticiasveraces.com\/index.php?rest_route=%2Fwp%2Fv2%2Ftags&post=64034"}],"curies":[{"name":"wp","href":"https:\/\/api.w.org\/{rel}","templated":true}]}}