{"id":64030,"date":"2026-04-28T03:33:09","date_gmt":"2026-04-28T07:33:09","guid":{"rendered":"https:\/\/noticiasveraces.com\/?p=64030"},"modified":"2026-04-28T03:33:09","modified_gmt":"2026-04-28T07:33:09","slug":"el-rey-carlos-hablara-de-reconciliacion-y-renovacion-durante-su-discurso-ante-el-congreso","status":"publish","type":"post","link":"https:\/\/noticiasveraces.com\/?p=64030","title":{"rendered":"El rey Carlos hablar\u00e1 de &#39;reconciliaci\u00f3n y renovaci\u00f3n&#39; durante su discurso ante el Congreso"},"content":{"rendered":"<p> \n<\/p>\n<div data-testid=\"companionColumn-0\">\n<div class=\"css-53u6y8\">\n<p class=\"css-ac37hb evys1bk0\">El rey Carlos III de Gran Breta\u00f1a reconocer\u00e1 el martes que su pa\u00eds ha tenido diferencias con Estados Unidos, pero planea decir en una sesi\u00f3n conjunta del Congreso que \u00ablos dos pa\u00edses siempre han encontrado maneras de unirse\u00bb, seg\u00fan un adelanto de sus declaraciones en el Palacio de Buckingham.<\/p>\n<p class=\"css-ac37hb evys1bk0\">El discurso del rey es una pieza central de su primera visita a las antiguas colonias como monarca de Gran Breta\u00f1a. Llega en un momento tenso para la relaci\u00f3n entre los dos gobiernos, con el presidente Trump burl\u00e1ndose del primer ministro Keir Starmer por negarse a unirse a la guerra en Ir\u00e1n.<\/p>\n<p class=\"css-ac37hb evys1bk0\">Pero en su discurso, el rey planea decir que la historia de los dos pa\u00edses durante los \u00faltimos 250 a\u00f1os ha estado marcada por \u201cla reconciliaci\u00f3n y la renovaci\u00f3n\u201d y ha producido lo que llamar\u00e1 \u201cuna de las mayores alianzas en la historia de la humanidad\u201d.<\/p>\n<p class=\"css-ac37hb evys1bk0\">El rey y la reina Camilla comenzaron a planificar su viaje a Estados Unidos meses antes de que surgieran las tensiones entre Trump y Starmer. Y los funcionarios brit\u00e1nicos y representantes del Palacio de Buckingham han dicho repetidamente que el rey no se involucra en la pol\u00edtica cotidiana ni en la pol\u00edtica exterior.<\/p>\n<\/div>\n<aside class=\"css-ew4tgv\" aria-label=\"companion column\"\/><\/div>\n<div data-testid=\"companionColumn-1\">\n<div class=\"css-53u6y8\">\n<p class=\"css-ac37hb evys1bk0\">Pero en privado, los funcionarios han dicho que tienen la esperanza de que el mensaje central del discurso del rey pueda ayudar a aliviar las tensiones entre el presidente y el primer ministro. El palacio dijo que argumentar\u00e1 que los valores democr\u00e1ticos compartidos est\u00e1n profundamente entrelazados en el tejido de ambos pa\u00edses.<\/p>\n<p class=\"css-ac37hb evys1bk0\">Los funcionarios del palacio dijeron que el rey har\u00e1 una breve referencia al tiroteo en la cena de corresponsales de la Casa Blanca el s\u00e1bado, ofreciendo sus condolencias al Sr. Trump y a los que asistieron.<\/p>\n<p class=\"css-ac37hb evys1bk0\">Pero se centrar\u00e1 en las cosas que Estados Unidos y Gran Breta\u00f1a han hecho juntos. En particular, dijeron funcionarios de palacio, hablar\u00e1 sobre la cooperaci\u00f3n en Medio Oriente y Ucrania y tomar\u00e1 nota del pacto de defensa de la OTAN y la asociaci\u00f3n submarina con Australia y Estados Unidos.<\/p>\n<p class=\"css-ac37hb evys1bk0\">Trump ha sido particularmente brutal en su evaluaci\u00f3n de la Armada brit\u00e1nica, calificando a los acorazados del pa\u00eds como \u201cjuguetes\u201d. El palacio dijo que el rey hablar\u00e1 con especial orgullo sobre la Royal Navy y sus \u00e9xitos.<\/p>\n<p class=\"css-ac37hb evys1bk0\">Trump ha dicho que es un fan\u00e1tico de la realeza, y a menudo cita el hecho de que cuando ten\u00eda 6 a\u00f1os, vio la coronaci\u00f3n de la reina Isabel II, la madre del rey.<\/p>\n<\/div>\n<aside class=\"css-ew4tgv\" aria-label=\"companion column\"\/><\/div>\n<div data-testid=\"companionColumn-2\">\n<div class=\"css-53u6y8\">\n<p class=\"css-ac37hb evys1bk0\">La llegada de la pareja real a la Base Conjunta Andrews dio inicio a dos d\u00edas de pompa y circunstancias en Washington. El rey, vestido con un traje azul, y la reina, con un vestido de abrigo rosa, escucharon mientras la banda militar estadounidense tocaba los himnos nacionales de Gran Breta\u00f1a y Estados Unidos.<\/p>\n<p class=\"css-ac37hb evys1bk0\">El rey y la reina fueron recibidos por el m\u00e1ximo funcionario del Departamento de Estado a cargo del protocolo. Cruzaron un cord\u00f3n de honor formado por personal militar estadounidense antes de dirigirse a la Casa Blanca para su primera parada formal.<\/p>\n<p class=\"css-ac37hb evys1bk0\">All\u00ed, la pareja real se reuni\u00f3 brevemente con Trump y Melania Trump, la primera dama, y \u200b\u200bvio una nueva colmena de la Casa Blanca.<\/p>\n<p class=\"css-ac37hb evys1bk0\">La colmena, en el jard\u00edn sur, tiene forma de Casa Blanca en miniatura y alberga dos nuevas colonias de abejas. La semana pasada, la se\u00f1ora Trump dio a conocer el \u00faltimo trabajo de apicultura presidencial, la ciencia de mantener colonias de abejas mel\u00edferas para la polinizaci\u00f3n, la producci\u00f3n de miel y la cera.<\/p>\n<\/div>\n<aside class=\"css-ew4tgv\" aria-label=\"companion column\"\/><\/div>\n<div data-testid=\"companionColumn-3\">\n<div class=\"css-53u6y8\">\n<p class=\"css-ac37hb evys1bk0\">Las primeras colonias oficiales de abejas en la Casa Blanca fueron instaladas en 2009 por Michelle Obama, la entonces primera dama. Las abejas apoyaron la polinizaci\u00f3n del huerto de vegetales de la Casa Blanca que la se\u00f1ora Obama cre\u00f3 como parte de su impulso por una alimentaci\u00f3n saludable.<\/p>\n<\/div>\n<aside class=\"css-ew4tgv\" aria-label=\"companion column\"\/><\/div>\n<div data-testid=\"companionColumn-4\">\n<div class=\"css-53u6y8\">\n<p class=\"css-ac37hb evys1bk0\">Las colmenas instaladas por la se\u00f1ora Obama sostienen hasta 70.000 abejas durante los meses pico del verano, seg\u00fan la Casa Blanca, y pueden producir hasta 225 libras de miel al a\u00f1o. La administraci\u00f3n Trump dijo que la nueva colmena de la se\u00f1ora Trump podr\u00eda aumentar la producci\u00f3n a m\u00e1s de 255 libras de miel al a\u00f1o.<\/p>\n<p class=\"css-ac37hb evys1bk0\">La visita a la colmena de la Casa Blanca es un gui\u00f1o al antiguo inter\u00e9s del rey por las cuestiones medioambientales y la conservaci\u00f3n.<\/p>\n<p class=\"css-ac37hb evys1bk0\">Hay cuatro colmenas en los jardines que rodean el Palacio de Buckingham y dos m\u00e1s fuera de Clarence House, la residencia oficial de la pareja real. El sitio web oficial real se\u00f1ala que la reina produce miel que se vende en la tienda Fortnum &#038; Mason para recaudar dinero para obras de caridad.<\/p>\n<p class=\"css-ac37hb evys1bk0\">Los eventos del lunes concluyeron con una fiesta en el jard\u00edn del rey y la reina en la embajada brit\u00e1nica. La lista de invitados inclu\u00eda a funcionarios de la Casa Blanca como Stephen Miller, subjefe de gabinete, y su esposa, Katie Miller; el presidente de la C\u00e1mara, Mike Johnson; y el secretario del Tesoro, Scott Bessent.<\/p>\n<\/div>\n<aside class=\"css-ew4tgv\" aria-label=\"companion column\"\/><\/div>\n<div data-testid=\"companionColumn-5\">\n<div class=\"css-53u6y8\">\n<p class=\"css-ac37hb evys1bk0\">El presidente y el rey tendr\u00e1n una reuni\u00f3n privada el martes antes de que el rey se dirija al Congreso por la tarde. Trump ofrecer\u00e1 un banquete estatal para la pareja real el martes por la noche.<\/p>\n<p class=\"css-ac37hb evys1bk0\">El rey y la reina se dirigir\u00e1n a la ciudad de Nueva York el mi\u00e9rcoles por la ma\u00f1ana, donde depositar\u00e1n una corona de flores en el monumento conmemorativo del 11 de septiembre y participar\u00e1n en una gala esa noche. El rey tambi\u00e9n visitar\u00e1 una organizaci\u00f3n juvenil en Harlem y la reina participar\u00e1 en un evento en la Biblioteca P\u00fablica de Nueva York.<\/p>\n<p class=\"css-ac37hb evys1bk0\">El jueves, la pareja real depositar\u00e1 una corona de flores en el Cementerio Nacional de Arlington y viajar\u00e1 a zonas rurales de Virginia.<\/p>\n<\/div>\n<aside class=\"css-ew4tgv\" aria-label=\"companion column\"\/><\/div>\n\n","protected":false},"excerpt":{"rendered":"<p>El rey Carlos III de Gran Breta\u00f1a reconocer\u00e1 el martes que su pa\u00eds ha tenido diferencias con Estados Unidos, pero planea decir en una sesi\u00f3n conjunta del Congreso que \u00ablos dos pa\u00edses siempre han encontrado maneras de unirse\u00bb, seg\u00fan un adelanto de sus declaraciones en el Palacio de Buckingham. El discurso del rey es una &hellip;<\/p>\n","protected":false},"author":1,"featured_media":64031,"comment_status":"open","ping_status":"open","sticky":false,"template":"","format":"standard","meta":{"fifu_image_url":"https:\/\/static01.nyt.com\/images\/2026\/04\/27\/multimedia\/27DC-PREXY-kqlm\/27DC-PREXY-kqlm-facebookJumbo.jpg","fifu_image_alt":"","footnotes":""},"categories":[13],"tags":[],"class_list":["post-64030","post","type-post","status-publish","format-standard","has-post-thumbnail","","category-mundo"],"_links":{"self":[{"href":"https:\/\/noticiasveraces.com\/index.php?rest_route=\/wp\/v2\/posts\/64030","targetHints":{"allow":["GET"]}}],"collection":[{"href":"https:\/\/noticiasveraces.com\/index.php?rest_route=\/wp\/v2\/posts"}],"about":[{"href":"https:\/\/noticiasveraces.com\/index.php?rest_route=\/wp\/v2\/types\/post"}],"author":[{"embeddable":true,"href":"https:\/\/noticiasveraces.com\/index.php?rest_route=\/wp\/v2\/users\/1"}],"replies":[{"embeddable":true,"href":"https:\/\/noticiasveraces.com\/index.php?rest_route=%2Fwp%2Fv2%2Fcomments&post=64030"}],"version-history":[{"count":0,"href":"https:\/\/noticiasveraces.com\/index.php?rest_route=\/wp\/v2\/posts\/64030\/revisions"}],"wp:featuredmedia":[{"embeddable":true,"href":"https:\/\/noticiasveraces.com\/index.php?rest_route=\/wp\/v2\/media\/64031"}],"wp:attachment":[{"href":"https:\/\/noticiasveraces.com\/index.php?rest_route=%2Fwp%2Fv2%2Fmedia&parent=64030"}],"wp:term":[{"taxonomy":"category","embeddable":true,"href":"https:\/\/noticiasveraces.com\/index.php?rest_route=%2Fwp%2Fv2%2Fcategories&post=64030"},{"taxonomy":"post_tag","embeddable":true,"href":"https:\/\/noticiasveraces.com\/index.php?rest_route=%2Fwp%2Fv2%2Ftags&post=64030"}],"curies":[{"name":"wp","href":"https:\/\/api.w.org\/{rel}","templated":true}]}}