{"id":64012,"date":"2026-04-28T00:29:44","date_gmt":"2026-04-28T04:29:44","guid":{"rendered":"https:\/\/noticiasveraces.com\/?p=64012"},"modified":"2026-04-28T00:29:44","modified_gmt":"2026-04-28T04:29:44","slug":"habla-la-superviviente-del-ultimo-ataque-israeli-contra-un-periodista-estaba-muy-asustada-se-podia-ver-el-coche-ardiendo-y-los-dos-cuerpos-de-esos-chicos-quemandose-vivos","status":"publish","type":"post","link":"https:\/\/noticiasveraces.com\/?p=64012","title":{"rendered":"Habla la superviviente del \u00faltimo ataque israel\u00ed contra un periodista: \u00abEstaba muy asustada. Se pod\u00eda ver el coche ardiendo y los dos cuerpos de esos chicos, quem\u00e1ndose vivos\u00bb"},"content":{"rendered":"<p> \n<\/p>\n<div data-section=\"articleBody\">\n<p class=\"ue-c-article__paragraph\">Zeinab Faraj permanece hospitalizada en un centro sanitario de Beirut. Su padre, Mohamed, de 51 a\u00f1os, explica que todav\u00eda tendr\u00e1 que someterse a unas \u00abcuatro operaciones\u00bb. \u00abSe salv\u00f3 s\u00f3lo gracias a Dios. Qued\u00f3 enterrada entre los escombros\u00bb, a\u00f1ade. El cuerpo fue rescatado por la mano, marcada con un anillo, que sobresal\u00eda en medio de los cascotes. La chiquilla de 22 a\u00f1os tiene la cabeza y el brazo vendado, y su ojo derecho ha desaparecido bajo un enorme hematoma.<\/p>\n<p class=\"ue-c-article__paragraph\">\u00abLa peor herida la sufri\u00f3 en la pierna. Se la aplast\u00f3 una roca enorme\u00bb, agrega Mohamed.<\/p>\n<p class=\"ue-c-article__paragraph\">Su compa\u00f1era, la periodista Amal Khalil, de 43 a\u00f1os, no tuvo esa suerte. El \u00faltimo cohete israel\u00ed, el tercer ataque que sufr\u00eda, la remat\u00f3. Su cad\u00e1ver qued\u00f3 machacado bajo la techumbre y las paredes de un garaje, el pasado d\u00eda 22.<\/p>\n<p class=\"ue-c-article__paragraph\">Amal ha sido la \u00faltima v\u00edctima de un suceso cada vez m\u00e1s com\u00fan: <strong>el asesinato de informadores y empleados de medios de comunicaci\u00f3n libaneses a manos del ej\u00e9rcito israel\u00ed<\/strong>siguiendo el mismo patr\u00f3n de conducta que aplicaron esas mismas fuerzas armadas durante la brutal ofensiva que sufri\u00f3 Gaza.<\/p>\n<p class=\"ue-c-article__paragraph\">Seg\u00fan el Sindicato de Editores de Prensa Liban\u00e9s, Amal era la n\u00famero 27 del listado de v\u00edctimas mortales de este sector, desde octubre de 2023.<\/p>\n<p class=\"ue-c-article__paragraph\">Pero la muerte de Amal fue especialmente estremecedora. La conocida reportera del diario <i>Al-Akhbar<\/i> y Zeinab -una becaria que ejerc\u00eda como fot\u00f3grafa y con la que formaba pareja desde el inicio del conflicto- se hab\u00edan trasladado al sur del pa\u00eds para intentar documentar la situaci\u00f3n en esa regi\u00f3n, donde el supuesto alto el fuego establecido el \u00faltimo d\u00eda 16 parece desmoronarse por momentos.<\/p>\n<p class=\"ue-c-article__paragraph\">Este domingo, el ej\u00e9rcito israel\u00ed acab\u00f3 con la vida de otras 14 personas.<\/p>\n<p class=\"ue-c-article__paragraph\">La pareja de periodistas viaj\u00f3 a la aldea de Al Tiri, en las inmediaciones de la ciudad de Beint Jbeil, por cuyo control todav\u00eda pelean las fuerzas del ej\u00e9rcito israel\u00ed y las huestes de Hizbul\u00e1.<\/p>\n<p class=\"ue-c-article__paragraph\">Hablando con dificultad desde la cama, Zeinab recuerda que, cuando se encontraban all\u00ed, un misil impact\u00f3 contra el coche de dos amigos de las periodistas, dos j\u00f3venes de Beint Jbeil. \u00abEstaba justo al lado de nuestro veh\u00edculo\u00bb, indica.<\/p>\n<p class=\"ue-c-article__paragraph\">El suceso las dej\u00f3 conmocionadas. Zeinab apenas pudo encender la c\u00e1mara de su tel\u00e9fono, que llevaba colgado al cuello, e iniciar una llamada telef\u00f3nica con su padre. \u00ab<strong>Estaba muy asustada. Se pod\u00eda ver el coche ardiendo y los dos cuerpos de esos chicos, quem\u00e1ndose vivos<\/strong>. Me dec\u00eda: &#8216;\u00a1Pap\u00e1, ay\u00fadame! \u00bfQu\u00e9 hago?'\u00bb, rememora Mohamed.<\/p>\n<p class=\"ue-c-article__paragraph\">Zeinab cree que ese primer misil explot\u00f3 en torno a las 14:30 de la tarde. No lo sab\u00eda, pero le quedaban horas de horror hasta el devastador desenlace final.<\/p>\n<p class=\"ue-c-article__paragraph\">\u00abHab\u00eda dos drones peque\u00f1os y uno m\u00e1s grande volando encima de nuestra cabeza. Nos aparcamos en un lateral de la calle y nos escondimos junto a un \u00e1rbol\u00bb, precisa.<\/p>\n<p class=\"ue-c-article__paragraph\">Amal tuvo tiempo para informar a su peri\u00f3dico. Les envi\u00f3 un mensaje de WhatsApp donde escribi\u00f3: <strong>\u00abEstoy bien. Han atacado a un coche enfrente de m\u00ed\u00bb<\/strong>.<\/p>\n<p class=\"ue-c-article__paragraph\">A partir de ese instante comenz\u00f3 una fren\u00e9tica carrera para intentar organizar el rescate del d\u00fao. Zeinab comenta que Amal llam\u00f3 al \u00abej\u00e9rcito liban\u00e9s, a las Naciones Unidas, a la Cruz Roja&#8230;\u00bb y que estos intentaron a su vez coordinarse con el ej\u00e9rcito israel\u00ed para organizar el retorno seguro de las reporteras.<\/p>\n<p class=\"ue-c-article__paragraph\">La tensi\u00f3n que rodeaba a la espera se acrecent\u00f3 cuando los UAV israel\u00edes lanzaron un segundo cohete, poco despu\u00e9s de las 16:00 horas, esta vez directo al coche de las informadoras.<\/p>\n<p class=\"ue-c-article__paragraph\">\u00abAmal qued\u00f3 herida. No se pod\u00eda tener en pie. Iba gateando. Estaba sangrando por la cabeza y en el brazo\u00bb, rememora la fot\u00f3grafa.<\/p>\n<p class=\"ue-c-article__paragraph\">Incluso lesionada, la periodista consigui\u00f3 forzar la puerta de acceso a un garaje contiguo donde se refugiaron.<\/p>\n<p class=\"ue-c-article__paragraph\">\u00abEst\u00e1bamos aterrorizadas. Pasamos m\u00e1s de media hora en ese edificio. Amal segu\u00eda llamando por tel\u00e9fono. <strong>De vez en cuando nos abraz\u00e1bamos y nos dec\u00edamos la una a la otra: \u00a1Por favor, no me dejes!<\/strong>\u00ab, comenta Zeinab.<\/p>\n<p class=\"ue-c-article__paragraph\">\u00abUna vez yo le grit\u00e9 \u00a1No te duermas, Amal!\u00bb, a\u00f1ade.<\/p>\n<p class=\"ue-c-article__paragraph\">Otro periodista y amigo de la difunta, Ibrahim Dawi, asegura que el \u00faltimo contacto telef\u00f3nico con Amal fue a las 16:22, cuando la reportera ratific\u00f3 que permanec\u00edan ocultas en el garaje. <strong>\u00abDijo que estaba bien y que estaba esperando que viniera a buscarla el ej\u00e9rcito. Entonces el tel\u00e9fono qued\u00f3 muerto\u00bb<\/strong>manifest\u00f3. Seg\u00fan su relato, la aviaci\u00f3n israel\u00ed bombarde\u00f3 el edificio a las 16:27.<\/p>\n<p class=\"ue-c-article__paragraph\">\u00abEl ej\u00e9rcito, la Cruz Roja y la Defensa Civil hab\u00edan intentado todo ese tiempo ir a rescatarlas pero los israel\u00edes no dieron permiso\u00bb, indic\u00f3.<\/p>\n<p class=\"ue-c-article__paragraph\">Los equipos de rescate encontraron a Zeinab, pero la ambulancia que la trasladaba hasta el hospital tambi\u00e9n fue atacada por los drones. En esa ocasi\u00f3n, con bombas de sonido.<\/p>\n<p class=\"ue-c-article__paragraph\">La muchacha ni se enter\u00f3. Estaba inconsciente.<strong> \u00abSo\u00f1aba que estaba con mi padre\u00bb<\/strong>dados.<\/p>\n<p class=\"ue-c-article__paragraph\">Los grupos de auxilio tuvieron que replegarse y no consiguieron una autorizaci\u00f3n del ej\u00e9rcito de Tel Aviv para usar maquinaria que les permitiera recobrar los restos de Amal hasta las 19:30.<\/p>\n<p class=\"ue-c-article__paragraph\">Seg\u00fan el ex ministro de Informaci\u00f3n liban\u00e9s, Ziad Makari, en septiembre de 2024 Khalil recibi\u00f3 una llamada procedente de un n\u00famero de tel\u00e9fono israel\u00ed, en la que se le amenazaba de muerte por su cobertura del conflicto entre Hizbul\u00e1 e Israel, lo que llev\u00f3 al citado departamento a pedir la \u00abprotecci\u00f3n\u00bb oficial de la UNESCO.<\/p>\n<h2 class=\"ue-c-article__subheadline\">Intimidaci\u00f3n a los medios<\/h2>\n<p class=\"ue-c-article__paragraph\">Medios locales como <i>A Modon<\/i> publicaron el texto completo de esa intimidaci\u00f3n. \u00abBueno, se\u00f1ora, usted va de un pueblo para otro, pero tal vez no haya asistido a suficientes funerales ni haya ido a suficientes hospitales. Hay mucha tristeza y dolor detr\u00e1s de su sonrisa, que intenta ocultar en Twitter. Veamos qu\u00e9 respuesta nos da. \u00bfSu casa sigue en pie, se\u00f1orita Amal? Sabemos d\u00f3nde est\u00e1 y la encontraremos cuando llegue el momento. Aunque no le preocupe, al final nos haremos cargo de todo. Le sugiero que escape a Qatar o a alg\u00fan otro lugar si quiere mantener el contacto entre su cabeza y los hombros\u00bb.<\/p>\n<p class=\"ue-c-article__paragraph\">D\u00edas antes de la muerte de Khalil, el portavoz del ej\u00e9rcito israel\u00ed, Avichay Adraee, difundi\u00f3 un v\u00eddeo en las redes sociales donde se ve\u00eda a la difunta rescatando a un gato entre las ruinas de una edificaci\u00f3n.<strong> El militar israel\u00ed volvi\u00f3 a \u00abmarcar\u00bb a la periodista al identificar a su peri\u00f3dico, <\/strong><i><strong>Al-Akhbar<\/strong><\/i>como un \u00abmedio [de comunicaci\u00f3n] terrorista que habla en nombre de Hizbul\u00e1, el diablo\u00bb.<\/p>\n<p class=\"ue-c-article__paragraph\">El propio director del diario, Ibrahim al Amin, explic\u00f3 que la periodista le hab\u00eda informado sobre esos incidentes. \u00abEn oto\u00f1o, durante la guerra, recibi\u00f3 un mensaje de un n\u00famero desconocido, escrito en \u00e1rabe, pero su contenido era muy claro\u00bb.<\/p>\n<p class=\"ue-c-article__paragraph\">El m\u00e1ximo responsable del matutino admite que \u00abfue imposible\u00bb convencerla de que limitara sus desplazamientos a zonas de riesgo.<\/p>\n<p class=\"ue-c-article__paragraph\">Tras la muerte de su reportera, <i>Al-Akhbar<\/i> entrevist\u00f3 a los informadores de otras televisiones o peri\u00f3dicos que todav\u00eda cubren los acontecimientos en el sur del pa\u00eds. El titular fue m\u00e1s que expl\u00edcito: <strong>\u00ab\u00bfQui\u00e9n ser\u00e1 el pr\u00f3ximo?\u00bb<\/strong>.<\/p>\n<hr class=\"mid-script\" data-ue-cxid=\"cx_83a9b88a949e8d5637b6e6fe389963468546b555\" data-ue-is-premium=\"false\" data-ue-is-basic=\"true\" data-ue-is-mobile=\"false\" style=\"display:none\"\/><\/div>\n\n","protected":false},"excerpt":{"rendered":"<p>Zeinab Faraj permanece hospitalizada en un centro sanitario de Beirut. Su padre, Mohamed, de 51 a\u00f1os, explica que todav\u00eda tendr\u00e1 que someterse a unas \u00abcuatro operaciones\u00bb. \u00abSe salv\u00f3 s\u00f3lo gracias a Dios. Qued\u00f3 enterrada entre los escombros\u00bb, a\u00f1ade. El cuerpo fue rescatado por la mano, marcada con un anillo, que sobresal\u00eda en medio de los &hellip;<\/p>\n","protected":false},"author":1,"featured_media":64013,"comment_status":"open","ping_status":"open","sticky":false,"template":"","format":"standard","meta":{"fifu_image_url":"https:\/\/e01-phantom-elmundo.uecdn.es\/b790a5fd661836dc6636c0b6732e4899\/resize\/1200\/f\/webp\/assets\/multimedia\/imagenes\/2026\/04\/27\/17772861427125.jpg","fifu_image_alt":"","footnotes":""},"categories":[13],"tags":[],"class_list":["post-64012","post","type-post","status-publish","format-standard","has-post-thumbnail","","category-mundo"],"_links":{"self":[{"href":"https:\/\/noticiasveraces.com\/index.php?rest_route=\/wp\/v2\/posts\/64012","targetHints":{"allow":["GET"]}}],"collection":[{"href":"https:\/\/noticiasveraces.com\/index.php?rest_route=\/wp\/v2\/posts"}],"about":[{"href":"https:\/\/noticiasveraces.com\/index.php?rest_route=\/wp\/v2\/types\/post"}],"author":[{"embeddable":true,"href":"https:\/\/noticiasveraces.com\/index.php?rest_route=\/wp\/v2\/users\/1"}],"replies":[{"embeddable":true,"href":"https:\/\/noticiasveraces.com\/index.php?rest_route=%2Fwp%2Fv2%2Fcomments&post=64012"}],"version-history":[{"count":0,"href":"https:\/\/noticiasveraces.com\/index.php?rest_route=\/wp\/v2\/posts\/64012\/revisions"}],"wp:featuredmedia":[{"embeddable":true,"href":"https:\/\/noticiasveraces.com\/index.php?rest_route=\/wp\/v2\/media\/64013"}],"wp:attachment":[{"href":"https:\/\/noticiasveraces.com\/index.php?rest_route=%2Fwp%2Fv2%2Fmedia&parent=64012"}],"wp:term":[{"taxonomy":"category","embeddable":true,"href":"https:\/\/noticiasveraces.com\/index.php?rest_route=%2Fwp%2Fv2%2Fcategories&post=64012"},{"taxonomy":"post_tag","embeddable":true,"href":"https:\/\/noticiasveraces.com\/index.php?rest_route=%2Fwp%2Fv2%2Ftags&post=64012"}],"curies":[{"name":"wp","href":"https:\/\/api.w.org\/{rel}","templated":true}]}}