{"id":64007,"date":"2026-04-27T23:28:40","date_gmt":"2026-04-28T03:28:40","guid":{"rendered":"https:\/\/noticiasveraces.com\/?p=64007"},"modified":"2026-04-27T23:28:40","modified_gmt":"2026-04-28T03:28:40","slug":"cuba-el-proximo-blanco-de-trump-aqui-america","status":"publish","type":"post","link":"https:\/\/noticiasveraces.com\/?p=64007","title":{"rendered":"Cuba, \u00bfel pr\u00f3ximo blanco de Trump? &#8211; Aqu\u00ed Am\u00e9rica"},"content":{"rendered":"<p> \n<\/p>\n<div data-article-content=\"\">\n<div class=\"t-content__main-media\" data-media-video-b13204de-28fb-41d9-8ecc-dd84e1091ff1=\"\" data-wrapper-video-player=\"\" data-show-hidden-video-player=\"B13204DE-28FB-41D9-8ECC-DD84E1091FF1\" data-autoplay-video-link=\"\" data-youtube-script=\"\">\n<div class=\"o-em-consent \">\n<div class=\"o-em-consent__content\">\n<p class=\"o-em-consent__content__text\">Para mostrar este contenido de YouTube, debe autorizar las cookies de medici\u00f3n de audiencia y publicidad.<\/p>\n<p>        <button class=\"a-master-button a-master-button--dark\" data-action=\"accept\"><\/p>\n<p>            Aceptar<br \/>\n                            <svg class=\"a-svg a-svg--icon-check\">\n    <use xlink:href=\"http:\/\/www.france24.com\/build\/images\/svg\/sprite.c98bf387c90bc4a87186b0b783f15ba0.svg#icon-check\" href=\"http:\/\/www.france24.com\/build\/images\/svg\/sprite.c98bf387c90bc4a87186b0b783f15ba0.svg#icon-check\"\/>\n  <\/svg><br \/>\n        <\/button><br \/>\n        <button class=\"a-link\" data-action=\"manage\">Gestionar mis opciones<i class=\"a-svg a-svg--icon-edit\"\/><\/button>\n    <\/div>\n<\/div>\n<div class=\"o-em-adblock\" data-adblock-content=\"\">\n<div class=\"o-em-adblock__content\">\n<p class=\"o-em-adblock__content__text\">Una extensi\u00f3n de tu navegador parece estar bloqueando la carga del reproductor de video. Para poder ver este contenido, debes desactivarla en este sitio.<\/p>\n<p>            <button class=\"a-master-button a-master-button--dark\" data-action=\"reload\">Reintentar<\/button>\n    <\/div>\n<\/div>\n<figure class=\"m-item-image m-item-image--16x9 m-item-image--has-caption\">\n<picture class=\"a-picture a-picture--16x9\"><source type=\"image\/webp\" srcset=\"https:\/\/s.france24.com\/media\/display\/976716f2-4010-11f1-827e-005056a90284\/w:388\/p:16x9\/trump-cuba.webp 388w,https:\/\/s.france24.com\/media\/display\/976716f2-4010-11f1-827e-005056a90284\/w:720\/p:16x9\/trump-cuba.webp 720w,https:\/\/s.france24.com\/media\/display\/976716f2-4010-11f1-827e-005056a90284\/w:1024\/p:16x9\/trump-cuba.webp 1024w\" sizes=\"(max-width: 1076px) 100vw, 1012px\"><img fetchpriority=\"high\" decoding=\"auto\" src=\"https:\/\/s.france24.com\/media\/display\/976716f2-4010-11f1-827e-005056a90284\/w:1024\/p:16x9\/trump-cuba.png\" srcset=\"https:\/\/s.france24.com\/media\/display\/976716f2-4010-11f1-827e-005056a90284\/w:388\/p:16x9\/trump-cuba.png 388w,https:\/\/s.france24.com\/media\/display\/976716f2-4010-11f1-827e-005056a90284\/w:720\/p:16x9\/trump-cuba.png 720w,https:\/\/s.france24.com\/media\/display\/976716f2-4010-11f1-827e-005056a90284\/w:1024\/p:16x9\/trump-cuba.png 1024w\" sizes=\"(max-width: 1076px) 100vw, 1012px\" width=\"1024\" height=\"576\" alt=\"Cuba y un posible ataque de Trump.\" loading=\"eager\" class=\"a-img \"\/><br \/>\n<\/source><\/picture><figcaption class=\"a-figcaption\">\n                <span>Cuba y un posible ataque de Trump.<\/span>                <span>\u00a9 Francia 24<\/span>            <\/figcaption><\/figure>\n<\/p><\/div>\n<div class=\"t-content__metadata\">\n<div class=\"t-content__dates\">\n<p class=\"m-pub-dates\"><span class=\"m-pub-dates__date\">Primera modificaci\u00f3n: <time datetime=\"2026-04-27T16:36:38+00:00\" pubdate=\"pubdate\">27\/04\/2026 &#8211; 18:36<\/time><\/span><\/p>\n<\/p><\/div>\n<p>\n                                            <svg class=\"a-svg a-svg--icon-replay\">\n    <use xlink:href=\"http:\/\/www.france24.com\/build\/images\/svg\/sprite.c98bf387c90bc4a87186b0b783f15ba0.svg#icon-replay\" href=\"http:\/\/www.france24.com\/build\/images\/svg\/sprite.c98bf387c90bc4a87186b0b783f15ba0.svg#icon-replay\"\/>\n  <\/svg><\/p>\n<p>                            13:16 minutos\n                        <\/p>\n<\/p><\/div>\n<p>Viene del show<\/p>\n<p>                                        <svg class=\"a-svg a-svg--icon-caret-right a-svg--rotate-minus-90\">\n    <use xlink:href=\"http:\/\/www.france24.com\/build\/images\/svg\/sprite.c98bf387c90bc4a87186b0b783f15ba0.svg#icon-caret-down\" href=\"http:\/\/www.france24.com\/build\/images\/svg\/sprite.c98bf387c90bc4a87186b0b783f15ba0.svg#icon-caret-down\"\/>\n  <\/svg><\/p>\n<picture class=\"a-picture a-picture--original\">\n    <img fetchpriority=\"low\" decoding=\"async\" src=\"https:\/\/s.france24.com\/media\/display\/5d3a526e-1007-11ee-98b1-005056bf30b7\/ES-aqui-america.svg\" srcset=\"https:\/\/s.france24.com\/media\/display\/5d3a526e-1007-11ee-98b1-005056bf30b7\/ES-aqui-america.svg\" alt=\"Aqu\u00ed Am\u00e9rica\" loading=\"eager\" class=\"a-img  a-img--svg\"\/>\n<\/picture>\n<p>\n                                        <svg class=\"a-svg a-svg--icon-clock\">\n    <use xlink:href=\"http:\/\/www.france24.com\/build\/images\/svg\/sprite.c98bf387c90bc4a87186b0b783f15ba0.svg#icon-clock\" href=\"http:\/\/www.france24.com\/build\/images\/svg\/sprite.c98bf387c90bc4a87186b0b783f15ba0.svg#icon-clock\"\/>\n  <\/svg><br \/>\n                        <span class=\"t-content__reading-time__label\">Tiempo de lectura<\/span><br \/>\n                        1 minuto<\/p>\n<p class=\"t-content__chapo\">\n<p>                                                \u00bfEs Cuba el pr\u00f3ximo blanco de la Administraci\u00f3n Trump? Las amenazas de Estados Unidos a la isla se han intensificado desde principios de 2026, con el fantasma del derrocamiento de Nicol\u00e1s Maduro en Venezuela todav\u00eda presente. Si bien en los \u00faltimos d\u00edas se conoci\u00f3 que ambas partes estaban negociando en secreto, la desconfianza sobre las decisiones inmediatas que toma la Casa Blanca generan un panorama incierto. \u00bfCuba tiene posibilidades de resistir a EE. UU.? \u00bfTrump prefiere una \u00abtransici\u00f3n pac\u00edfica\u00bb? \u00bfUna operaci\u00f3n militar estadounidense ser\u00eda como la de Venezuela?                    <\/p>\n<div class=\"t-content__authors\">\n<div class=\"m-from-author\">\n                    <span class=\"m-from-author__by-label\"><\/p>\n<p>                Por:<br \/>\n            <\/span><\/p>\n<div class=\"m-author m-author--small m-author--has-image\">\n<div class=\"m-author__image\">\n<picture class=\"a-picture a-picture--1x1\"><source type=\"image\/webp\" srcset=\"https:\/\/s.france24.com\/media\/display\/69eb65fe-fd24-11f0-9d8f-005056a97e36\/w:177\/p:1x1\/DSC00556v2.webp 177w,https:\/\/s.france24.com\/media\/display\/69eb65fe-fd24-11f0-9d8f-005056a97e36\/w:388\/p:1x1\/DSC00556v2.webp 388w\" sizes=\"(max-width: 639px) 100px, 170px\"><img fetchpriority=\"low\" decoding=\"async\" src=\"https:\/\/s.france24.com\/media\/display\/69eb65fe-fd24-11f0-9d8f-005056a97e36\/w:388\/p:1x1\/DSC00556v2.jpg\" srcset=\"https:\/\/s.france24.com\/media\/display\/69eb65fe-fd24-11f0-9d8f-005056a97e36\/w:177\/p:1x1\/DSC00556v2.jpg 177w,https:\/\/s.france24.com\/media\/display\/69eb65fe-fd24-11f0-9d8f-005056a97e36\/w:388\/p:1x1\/DSC00556v2.jpg 388w\" sizes=\"auto, (max-width: 639px) 100px, 170px\" width=\"388\" height=\"388\" alt=\"Alejandra Loucau.\" loading=\"lazy\" class=\"a-img \"\/><br \/>\n<\/source><\/picture>\n                        <\/div>\n<\/p><\/div>\n<\/p><\/div>\n<\/p><\/div>\n<\/p><\/div>\n\n","protected":false},"excerpt":{"rendered":"<p>Para mostrar este contenido de YouTube, debe autorizar las cookies de medici\u00f3n de audiencia y publicidad. Aceptar Gestionar mis opciones Una extensi\u00f3n de tu navegador parece estar bloqueando la carga del reproductor de video. Para poder ver este contenido, debes desactivarla en este sitio. Reintentar Cuba y un posible ataque de Trump. \u00a9 Francia 24 &hellip;<\/p>\n","protected":false},"author":1,"featured_media":64009,"comment_status":"open","ping_status":"open","sticky":false,"template":"","format":"standard","meta":{"fifu_image_url":"https:\/\/s.france24.com\/media\/display\/976716f2-4010-11f1-827e-005056a90284\/w:1280\/p:16x9\/trump-cuba.jpg","fifu_image_alt":"","footnotes":""},"categories":[13],"tags":[],"class_list":["post-64007","post","type-post","status-publish","format-standard","has-post-thumbnail","","category-mundo"],"_links":{"self":[{"href":"https:\/\/noticiasveraces.com\/index.php?rest_route=\/wp\/v2\/posts\/64007","targetHints":{"allow":["GET"]}}],"collection":[{"href":"https:\/\/noticiasveraces.com\/index.php?rest_route=\/wp\/v2\/posts"}],"about":[{"href":"https:\/\/noticiasveraces.com\/index.php?rest_route=\/wp\/v2\/types\/post"}],"author":[{"embeddable":true,"href":"https:\/\/noticiasveraces.com\/index.php?rest_route=\/wp\/v2\/users\/1"}],"replies":[{"embeddable":true,"href":"https:\/\/noticiasveraces.com\/index.php?rest_route=%2Fwp%2Fv2%2Fcomments&post=64007"}],"version-history":[{"count":0,"href":"https:\/\/noticiasveraces.com\/index.php?rest_route=\/wp\/v2\/posts\/64007\/revisions"}],"wp:featuredmedia":[{"embeddable":true,"href":"https:\/\/noticiasveraces.com\/index.php?rest_route=\/wp\/v2\/media\/64009"}],"wp:attachment":[{"href":"https:\/\/noticiasveraces.com\/index.php?rest_route=%2Fwp%2Fv2%2Fmedia&parent=64007"}],"wp:term":[{"taxonomy":"category","embeddable":true,"href":"https:\/\/noticiasveraces.com\/index.php?rest_route=%2Fwp%2Fv2%2Fcategories&post=64007"},{"taxonomy":"post_tag","embeddable":true,"href":"https:\/\/noticiasveraces.com\/index.php?rest_route=%2Fwp%2Fv2%2Ftags&post=64007"}],"curies":[{"name":"wp","href":"https:\/\/api.w.org\/{rel}","templated":true}]}}