{"id":63980,"date":"2026-04-27T21:01:46","date_gmt":"2026-04-28T01:01:46","guid":{"rendered":"https:\/\/noticiasveraces.com\/?p=63980"},"modified":"2026-04-27T21:01:46","modified_gmt":"2026-04-28T01:01:46","slug":"federacion-venezolana-de-maestros-exigio-al-gobierno-retomar-negociacion-de-la-convencion-colectiva","status":"publish","type":"post","link":"https:\/\/noticiasveraces.com\/?p=63980","title":{"rendered":"Federaci\u00f3n Venezolana de Maestros exigi\u00f3 al gobierno retomar negociaci\u00f3n de la convenci\u00f3n colectiva"},"content":{"rendered":"<p> \n<\/p>\n<div>\n<p>La Federaci\u00f3n Venezolana de Maestros (FVM) exigi\u00f3 este lunes 27 de abril al gobierno retomar la <strong>negociaci\u00f3n de la convenci\u00f3n colectiva <\/strong>una vez se concrete el aumento del salario m\u00ednimo anunciado hace dos semanas por la presidenta encargada del pa\u00eds, Delcy Rodr\u00edguez.<\/p>\n<p>\u00abEl gobierno nacional se encuentra <strong>obligado<\/strong>una vez fijado el incremento del salario m\u00ednimo nacional, a dar respuesta inmediata por la v\u00eda de la negociaci\u00f3n colectiva, conforme a los principios establecidos en la Constituci\u00f3n y en la Ley Org\u00e1nica del Trabajo, los Trabajadores y Trabajadoras\u00bb, se\u00f1al\u00f3 la FVM en un comunicado publicado en X.<\/p>\n<blockquote data-service=\"twitter\" data-category=\"marketing\" data-placeholder-image=\"https:\/\/eldiario.com\/wp-content\/plugins\/complianz-gdpr-premium\/assets\/images\/placeholders\/twitter-minimal.jpg\" class=\"cmplz-placeholder-element twitter-tweet\">\n<p lang=\"es\" dir=\"ltr\"><a href=\"https:\/\/twitter.com\/hashtag\/27deAbril?src=hash&amp;ref_src=twsrc%5Etfw\">#27deAbril<\/a>| \ud83d\udce2 Comunicado P\u00fablico de las Organizaciones Sindicales del Magisterio Venezolano. <a href=\"https:\/\/t.co\/lJpEBvxhet\">pic.twitter.com\/lJpEBvxhet<\/a><\/p>\n<p>\u2014 Federaci\u00f3n Venezolana de Maestros (@fvmluchaonline) <a href=\"https:\/\/twitter.com\/fvmluchaonline\/status\/2048873726968512760?ref_src=twsrc%5Etfw\">27 de abril de 2026<\/a><\/p><\/blockquote>\n<p>Actualmente, prosigui\u00f3 la federaci\u00f3n, la Tercera Convenci\u00f3n Colectiva del Ministerio de Educaci\u00f3n permanece abierta, con unas <strong>17 cl\u00e1usulas aprobadas y 49 pendientes de discusi\u00f3n, <\/strong>por lo que resulta urgente y necesario cerrar el proceso de negociaci\u00f3n, para fortalecer el poder adquisitivo y las condiciones socioecon\u00f3micas de los trabajadores de este sector.<\/p>\n<p>Asimismo, dijo que la lucha por la recuperaci\u00f3n integral de los derechos laborales no culmina el pr\u00f3ximo 1 de mayo,<strong> D\u00eda Internacional del Trabajador.<\/strong><\/p>\n<p>\u00abEs necesario<strong> continuar impulsando la organizaci\u00f3n<\/strong> y participaci\u00f3n democr\u00e1tica, a fin de elegir hombres y mujeres que contribuyan al restablecimiento pleno de los poderes p\u00fablicos y el fortalecimiento institucional del pa\u00eds, garantizando un proceso de paz con justicia social\u00bb, a\u00f1adi\u00f3 la FVM.<\/p>\n<p>Esto exige, en su opini\u00f3n, avanzar hacia elecciones \u00ablibres y transparentes\u00bb, tanto en el \u00e1mbito pol\u00edtico como en el sindical.<\/p>\n<p>En ese sentido, los <strong>maestros <\/strong>ratificaron la solicitud de reuni\u00f3n al ministro para el Proceso Social del Trabajo, Carlos Castillo, para alcanzar acuerdos justos y sostenibles en beneficio de los trabajadores del sector educativo.<\/p>\n<p>El pasado mi\u00e9rcoles, la <strong>FVM <\/strong>llev\u00f3 a cabo asambleas en todo el pa\u00eds en apoyo al paro de los universitarios y tambi\u00e9n para discutir su situaci\u00f3n laboral.<\/p>\n<figure class=\"wp-block-image size-large is-resized\"><picture fetchpriority=\"high\" decoding=\"async\" class=\"wp-image-462640\" style=\"width:840px;height:auto\"><source type=\"image\/webp\" sizes=\"(max-width: 760px) 100vw, 760px\" nitro-lazy-srcset=\"https:\/\/eldiario.com\/nitropack_static\/DWpklAePbJBFiBKvuTtiGMLbtJlHUqWt\/assets\/images\/optimized\/rev-4f0ec48\/eldiario.com\/wp-content\/uploads\/2023\/01\/Sueldo-docentes-760x570.jpg.webp 760w, https:\/\/eldiario.com\/nitropack_static\/DWpklAePbJBFiBKvuTtiGMLbtJlHUqWt\/assets\/images\/optimized\/rev-4f0ec48\/eldiario.com\/wp-content\/uploads\/2023\/01\/Sueldo-docentes-300x225.jpg.webp 300w, https:\/\/eldiario.com\/nitropack_static\/DWpklAePbJBFiBKvuTtiGMLbtJlHUqWt\/assets\/images\/optimized\/rev-4f0ec48\/eldiario.com\/wp-content\/uploads\/2023\/01\/Sueldo-docentes-768x576.jpg.webp 768w, https:\/\/eldiario.com\/nitropack_static\/DWpklAePbJBFiBKvuTtiGMLbtJlHUqWt\/assets\/images\/optimized\/rev-4f0ec48\/eldiario.com\/wp-content\/uploads\/2023\/01\/Sueldo-docentes-1536x1152.jpg.webp 1536w, https:\/\/eldiario.com\/nitropack_static\/DWpklAePbJBFiBKvuTtiGMLbtJlHUqWt\/assets\/images\/optimized\/rev-4f0ec48\/eldiario.com\/wp-content\/uploads\/2023\/01\/Sueldo-docentes.jpg.webp 1600w\" nitro-lazy-empty=\"\" id=\"OTAzOjUwNg==-1\" data-nitro-empty-id=\"OTAzOjUwNg==-1\" srcset=\"data:image\/svg+xml;base64,PHN2ZyB2aWV3Qm94PSIwIDAgNzYwIDU3MCIgd2lkdGg9Ijc2MCIgaGVpZ2h0PSI1NzAiIHhtbG5zPSJodHRwOi8vd3d3LnczLm9yZy8yMDAwL3N2ZyI+PC9zdmc+\"\/><img fetchpriority=\"high\" width=\"760\" height=\"570\" alt=\"Docentes de Bol\u00edvar y Miranda acordaron clases interdiarias para seguir protestando por mejoras salariales \" sizes=\"(max-width: 760px) 100vw, 760px\" srcset=\"https:\/\/eldiario.com\/nitropack_static\/DWpklAePbJBFiBKvuTtiGMLbtJlHUqWt\/assets\/images\/optimized\/rev-4f0ec48\/eldiario.com\/wp-content\/uploads\/2023\/01\/Sueldo-docentes-760x570.jpg 760w, https:\/\/eldiario.com\/nitropack_static\/DWpklAePbJBFiBKvuTtiGMLbtJlHUqWt\/assets\/images\/optimized\/rev-4f0ec48\/eldiario.com\/wp-content\/uploads\/2023\/01\/Sueldo-docentes-300x225.jpg 300w, https:\/\/eldiario.com\/nitropack_static\/DWpklAePbJBFiBKvuTtiGMLbtJlHUqWt\/assets\/images\/optimized\/rev-4f0ec48\/eldiario.com\/wp-content\/uploads\/2023\/01\/Sueldo-docentes-768x576.jpg 768w, https:\/\/eldiario.com\/nitropack_static\/DWpklAePbJBFiBKvuTtiGMLbtJlHUqWt\/assets\/images\/optimized\/rev-4f0ec48\/eldiario.com\/wp-content\/uploads\/2023\/01\/Sueldo-docentes-1536x1152.jpg 1536w, https:\/\/eldiario.com\/nitropack_static\/DWpklAePbJBFiBKvuTtiGMLbtJlHUqWt\/assets\/images\/optimized\/rev-4f0ec48\/eldiario.com\/wp-content\/uploads\/2023\/01\/Sueldo-docentes.jpg 1600w\" src=\"https:\/\/eldiario.com\/nitropack_static\/DWpklAePbJBFiBKvuTtiGMLbtJlHUqWt\/assets\/images\/optimized\/rev-4f0ec48\/eldiario.com\/wp-content\/uploads\/2023\/01\/Sueldo-docentes-760x570.jpg\" class=\"nitro-lazy\" decoding=\"async\" nitro-lazy-empty=\"\" id=\"OTA0OjcyMQ==-1\" data-nitro-empty-id=\"OTA0OjcyMQ==-1\"\/> <\/picture><figcaption class=\"wp-element-caption\">Foto: El Diario<\/figcaption><\/figure>\n<p>El presidente del Sindicato Venezolano de Maestros de Caracas, Edgar Machado, indic\u00f3 que<strong> el sector est\u00e1 en emergencia<\/strong> por los bajos salarios, al tiempo que dijo que tienen cuatro a\u00f1os esperando por la aprobaci\u00f3n del contrato colectivo.<\/p>\n<p>Movimientos sindicales llevan m\u00e1s de un mes convocando a protestas en el pa\u00eds para pedir <strong>aumentos salariales <\/strong>en medio de la inflaci\u00f3n cr\u00f3nica que deval\u00faa constantemente el sueldo y que cerr\u00f3 2025 en m\u00e1s de 400 %.<\/p>\n<p>Seg\u00fan el Centro de Documentaci\u00f3n y An\u00e1lisis de la Federaci\u00f3n Venezolana de Maestros, una familia de cinco personas necesit\u00f3 <strong>692,32 d\u00f3lares<\/strong> en marzo para cubrir los gastos b\u00e1sicos de alimentaci\u00f3n, un aumento del 7,2 % con respecto al mes anterior, cuando se calcul\u00f3 en 645,6 d\u00f3lares. <\/p>\n<\/p><\/div>\n<p><script async src=\"https:\/\/platform.twitter.com\/widgets.js\" charset=\"utf-8\"><\/script><br \/>\n<br \/>\n","protected":false},"excerpt":{"rendered":"<p>La Federaci\u00f3n Venezolana de Maestros (FVM) exigi\u00f3 este lunes 27 de abril al gobierno retomar la negociaci\u00f3n de la convenci\u00f3n colectiva una vez se concrete el aumento del salario m\u00ednimo anunciado hace dos semanas por la presidenta encargada del pa\u00eds, Delcy Rodr\u00edguez. \u00abEl gobierno nacional se encuentra obligadouna vez fijado el incremento del salario m\u00ednimo &hellip;<\/p>\n","protected":false},"author":1,"featured_media":63982,"comment_status":"open","ping_status":"open","sticky":false,"template":"","format":"standard","meta":{"fifu_image_url":"https:\/\/eldiario.com\/wp-content\/uploads\/2026\/03\/b9e0623702ab28b9a142fb87e2be5683e57c4f7d.jpg","fifu_image_alt":"","footnotes":""},"categories":[4],"tags":[],"class_list":["post-63980","post","type-post","status-publish","format-standard","has-post-thumbnail","","category-historias-destacadas"],"_links":{"self":[{"href":"https:\/\/noticiasveraces.com\/index.php?rest_route=\/wp\/v2\/posts\/63980","targetHints":{"allow":["GET"]}}],"collection":[{"href":"https:\/\/noticiasveraces.com\/index.php?rest_route=\/wp\/v2\/posts"}],"about":[{"href":"https:\/\/noticiasveraces.com\/index.php?rest_route=\/wp\/v2\/types\/post"}],"author":[{"embeddable":true,"href":"https:\/\/noticiasveraces.com\/index.php?rest_route=\/wp\/v2\/users\/1"}],"replies":[{"embeddable":true,"href":"https:\/\/noticiasveraces.com\/index.php?rest_route=%2Fwp%2Fv2%2Fcomments&post=63980"}],"version-history":[{"count":0,"href":"https:\/\/noticiasveraces.com\/index.php?rest_route=\/wp\/v2\/posts\/63980\/revisions"}],"wp:featuredmedia":[{"embeddable":true,"href":"https:\/\/noticiasveraces.com\/index.php?rest_route=\/wp\/v2\/media\/63982"}],"wp:attachment":[{"href":"https:\/\/noticiasveraces.com\/index.php?rest_route=%2Fwp%2Fv2%2Fmedia&parent=63980"}],"wp:term":[{"taxonomy":"category","embeddable":true,"href":"https:\/\/noticiasveraces.com\/index.php?rest_route=%2Fwp%2Fv2%2Fcategories&post=63980"},{"taxonomy":"post_tag","embeddable":true,"href":"https:\/\/noticiasveraces.com\/index.php?rest_route=%2Fwp%2Fv2%2Ftags&post=63980"}],"curies":[{"name":"wp","href":"https:\/\/api.w.org\/{rel}","templated":true}]}}