{"id":63966,"date":"2026-04-27T20:25:43","date_gmt":"2026-04-28T00:25:43","guid":{"rendered":"https:\/\/noticiasveraces.com\/?p=63966"},"modified":"2026-04-27T20:25:43","modified_gmt":"2026-04-28T00:25:43","slug":"merida-peregrina-en-fe-y-compromiso-por-la-paz-de-venezuela","status":"publish","type":"post","link":"https:\/\/noticiasveraces.com\/?p=63966","title":{"rendered":"M\u00e9rida peregrina en fe y compromiso por la paz de Venezuela"},"content":{"rendered":"<p> \n<\/p>\n<div>\n<p>A m\u00e1s de 3.600 metros sobre el nivel del mar, los corazones y las manos agr\u00edcolas del eje del p\u00e1ramo meride\u00f1o asistieron a La Asomada, municipio Rangel (Mucuch\u00edes), para dar inicio a la Gran Peregrinaci\u00f3n por una Venezuela Libre, sin Sanciones y en Paz, en compa\u00f1\u00eda del ministro de Interior y Justicia y Paz, Diosdado Cabello; autoridades nacionales, el gobernador del estado M\u00e9rida, Arnaldo S\u00e1nchez; y el poder popular.<\/p>\n<p>Durante la peregrinaci\u00f3n, Cabello visit\u00f3 la Empresa de Producci\u00f3n Social Ch\u00e1vez Vive y all\u00ed resalt\u00f3 el trabajo del sector campesino en el estado M\u00e9rida, el cual, a pesar de las dificultades, siempre apuesta por el desarrollo del pa\u00eds.<\/p>\n<div class=\"wp-block-jetpack-slideshow aligncenter\" data-effect=\"slide\" style=\"--aspect-ratio:calc(696 \/ 464)\">\n<div class=\"wp-block-jetpack-slideshow_container swiper\">\n<ul class=\"wp-block-jetpack-slideshow_swiper-wrapper swiper-wrapper\">\n<li class=\"wp-block-jetpack-slideshow_slide swiper-slide\">\n<figure><img decoding=\"async\" alt=\"\" class=\"wp-block-jetpack-slideshow_image wp-image-3079195 lazyload\" data-id=\"3079195\" data-aspect-ratio=\"696 \/ 464\" src=\"https:\/\/ultimasnoticias.com.ve\/wp-content\/uploads\/2026\/04\/Merida2-1024x683.webp\"\/><img loading=\"lazy\" decoding=\"async\" width=\"1024\" height=\"683\" alt=\"\" class=\"wp-block-jetpack-slideshow_image wp-image-3079195 lazyload\" data-id=\"3079195\" data-aspect-ratio=\"696 \/ 464\" src=\"https:\/\/ultimasnoticias.com.ve\/wp-content\/uploads\/2026\/04\/Merida2-1024x683.webp\" srcset=\"https:\/\/ultimasnoticias.com.ve\/wp-content\/uploads\/2026\/04\/Merida2-1024x683.webp 1024w, https:\/\/ultimasnoticias.com.ve\/wp-content\/uploads\/2026\/04\/Merida2-300x200.webp 300w, https:\/\/ultimasnoticias.com.ve\/wp-content\/uploads\/2026\/04\/Merida2-768x512.webp 768w, https:\/\/ultimasnoticias.com.ve\/wp-content\/uploads\/2026\/04\/Merida2-150x100.webp 150w, https:\/\/ultimasnoticias.com.ve\/wp-content\/uploads\/2026\/04\/Merida2-696x464.webp 696w, https:\/\/ultimasnoticias.com.ve\/wp-content\/uploads\/2026\/04\/Merida2-1068x712.webp 1068w, https:\/\/ultimasnoticias.com.ve\/wp-content\/uploads\/2026\/04\/Merida2.webp 1080w\" sizes=\"auto, (max-width: 1024px) 100vw, 1024px\"\/><figcaption class=\"wp-block-jetpack-slideshow_caption gallery-caption\">Visita del vicepresidente sectorial de Pol\u00edtica, Seguridad Ciudadana y Paz, Diosdado Cabello Rond\u00f3n, durante la peregrinaci\u00f3n por el estado andino resalt\u00f3 el trabajo del sector campesino en el estado. Fotos: Con el Mazo Dando<\/figcaption><\/figure>\n<\/li>\n<li class=\"wp-block-jetpack-slideshow_slide swiper-slide\">\n<figure><img decoding=\"async\" alt=\"\" class=\"wp-block-jetpack-slideshow_image wp-image-3079194 lazyload\" data-id=\"3079194\" data-aspect-ratio=\"696 \/ 464\" src=\"https:\/\/ultimasnoticias.com.ve\/wp-content\/uploads\/2026\/04\/Merida1-1024x683.webp\"\/><img loading=\"lazy\" decoding=\"async\" width=\"1024\" height=\"683\" alt=\"\" class=\"wp-block-jetpack-slideshow_image wp-image-3079194 lazyload\" data-id=\"3079194\" data-aspect-ratio=\"696 \/ 464\" src=\"https:\/\/ultimasnoticias.com.ve\/wp-content\/uploads\/2026\/04\/Merida1-1024x683.webp\" srcset=\"https:\/\/ultimasnoticias.com.ve\/wp-content\/uploads\/2026\/04\/Merida1-1024x683.webp 1024w, https:\/\/ultimasnoticias.com.ve\/wp-content\/uploads\/2026\/04\/Merida1-300x200.webp 300w, https:\/\/ultimasnoticias.com.ve\/wp-content\/uploads\/2026\/04\/Merida1-768x512.webp 768w, https:\/\/ultimasnoticias.com.ve\/wp-content\/uploads\/2026\/04\/Merida1-150x100.webp 150w, https:\/\/ultimasnoticias.com.ve\/wp-content\/uploads\/2026\/04\/Merida1-696x464.webp 696w, https:\/\/ultimasnoticias.com.ve\/wp-content\/uploads\/2026\/04\/Merida1-1068x712.webp 1068w, https:\/\/ultimasnoticias.com.ve\/wp-content\/uploads\/2026\/04\/Merida1.webp 1080w\" sizes=\"auto, (max-width: 1024px) 100vw, 1024px\"\/><figcaption class=\"wp-block-jetpack-slideshow_caption gallery-caption\">El sector de productores y campesinos reafirmaron el compromiso para seguir produciendo alimentos para el pa\u00eds.<\/figcaption><\/figure>\n<\/li>\n<\/ul>\n<\/div>\n<\/div>\n<p>Luego, la caravana prosigui\u00f3 hacia la entrada de San Rafael de Mucuch\u00edes, en la majestuosa Capilla de Piedra construida por el artista Juan F\u00e9lix S\u00e1nchez. En este punto, los pobladores se acercaron a las autoridades para expresar su apoyo y respaldo por una Venezuela en paz y libre, con la bandera tricolor y las ocho estrellas, y pancartas.<\/p>\n<p>Continuaron por la v\u00eda trasandina llegando al Monumento al Perro Nevado, donde el grupo de cuerda Renacer Andino ameniz\u00f3 el encuentro.<\/p>\n<p>\u00abEl monumento al Perro Nevado es representativo de nuestra independencia, de nuestro Libertador, de los luchadores meride\u00f1os que se unieron a esta causa para liberarnos del imperio espa\u00f1ol, para liberarnos de todo ese mal que nos tra\u00edan. Aqu\u00ed somos gente laboriosa, sembradora de esperanza\u00bb, expres\u00f3 un poblador del p\u00e1ramo.<\/p>\n<p>La peregrinaci\u00f3n entr\u00f3 a la Ciudad de los Caballeros, la ciudad de M\u00e9rida municipio Libertador al auditorio J.J Castillo del Ministerio de Ciencia y Tecnolog\u00eda en el que se reuni\u00f3 con los sectores econ\u00f3micos y pol\u00edticos del estado, en un ambiente de respeto, uni\u00f3n, esperanza.<\/p>\n<p>Bajo la lluvia del final de la tarde partieron a una concentraci\u00f3n en el sector de La Hechicera, en el que se uni\u00f3 la gran fuerza motorizada para realizar un recorrido por la parte norte de la ciudad y llegar a la plaza de Milla, en la que un nutrido grupo de meride\u00f1os esperaba con bandera tricolor y m\u00fasica venezolana para culminar el recorrido en la Catedral Bas\u00edlica Menor Inmaculada Concepci\u00f3n y elevar las oraciones para liberar las sanciones y seguir construyendo un futuro en paz.<\/p>\n<div class=\"wp-block-jetpack-slideshow aligncenter\" data-effect=\"slide\" style=\"--aspect-ratio:calc(696 \/ 392)\">\n<div class=\"wp-block-jetpack-slideshow_container swiper\">\n<ul class=\"wp-block-jetpack-slideshow_swiper-wrapper swiper-wrapper\">\n<li class=\"wp-block-jetpack-slideshow_slide swiper-slide\">\n<figure><img decoding=\"async\" alt=\"\" class=\"wp-block-jetpack-slideshow_image wp-image-3079193 lazyload\" data-id=\"3079193\" data-aspect-ratio=\"696 \/ 392\" src=\"https:\/\/ultimasnoticias.com.ve\/wp-content\/uploads\/2026\/04\/1001302755-1024x576.jpg\"\/><img loading=\"lazy\" decoding=\"async\" width=\"1024\" height=\"576\" alt=\"\" class=\"wp-block-jetpack-slideshow_image wp-image-3079193 lazyload\" data-id=\"3079193\" data-aspect-ratio=\"696 \/ 392\" src=\"https:\/\/ultimasnoticias.com.ve\/wp-content\/uploads\/2026\/04\/1001302755-1024x576.jpg\" srcset=\"https:\/\/ultimasnoticias.com.ve\/wp-content\/uploads\/2026\/04\/1001302755-1024x576.jpg 1024w, https:\/\/ultimasnoticias.com.ve\/wp-content\/uploads\/2026\/04\/1001302755-300x169.jpg 300w, https:\/\/ultimasnoticias.com.ve\/wp-content\/uploads\/2026\/04\/1001302755-768x432.jpg 768w, https:\/\/ultimasnoticias.com.ve\/wp-content\/uploads\/2026\/04\/1001302755-1536x865.jpg 1536w, https:\/\/ultimasnoticias.com.ve\/wp-content\/uploads\/2026\/04\/1001302755-2048x1153.jpg 2048w, https:\/\/ultimasnoticias.com.ve\/wp-content\/uploads\/2026\/04\/1001302755-150x84.jpg 150w, https:\/\/ultimasnoticias.com.ve\/wp-content\/uploads\/2026\/04\/1001302755-696x392.jpg 696w, https:\/\/ultimasnoticias.com.ve\/wp-content\/uploads\/2026\/04\/1001302755-1068x601.jpg 1068w, https:\/\/ultimasnoticias.com.ve\/wp-content\/uploads\/2026\/04\/1001302755-scaled.jpg 1920w\" sizes=\"auto, (max-width: 1024px) 100vw, 1024px\"\/><figcaption class=\"wp-block-jetpack-slideshow_caption gallery-caption\">Plaza de Milla punto de encuentro en la Gran Peregrinaci\u00f3n por una Venezuela sin Sanciones y en Paz. Foto: Josefina Angulo<\/figcaption><\/figure>\n<\/li>\n<li class=\"wp-block-jetpack-slideshow_slide swiper-slide\">\n<figure><img decoding=\"async\" alt=\"\" class=\"wp-block-jetpack-slideshow_image wp-image-3079192 lazyload\" data-id=\"3079192\" data-aspect-ratio=\"696 \/ 392\" src=\"https:\/\/ultimasnoticias.com.ve\/wp-content\/uploads\/2026\/04\/1001302700-1024x576.jpg\"\/><img loading=\"lazy\" decoding=\"async\" width=\"1024\" height=\"576\" alt=\"\" class=\"wp-block-jetpack-slideshow_image wp-image-3079192 lazyload\" data-id=\"3079192\" data-aspect-ratio=\"696 \/ 392\" src=\"https:\/\/ultimasnoticias.com.ve\/wp-content\/uploads\/2026\/04\/1001302700-1024x576.jpg\" srcset=\"https:\/\/ultimasnoticias.com.ve\/wp-content\/uploads\/2026\/04\/1001302700-1024x576.jpg 1024w, https:\/\/ultimasnoticias.com.ve\/wp-content\/uploads\/2026\/04\/1001302700-300x169.jpg 300w, https:\/\/ultimasnoticias.com.ve\/wp-content\/uploads\/2026\/04\/1001302700-768x432.jpg 768w, https:\/\/ultimasnoticias.com.ve\/wp-content\/uploads\/2026\/04\/1001302700-150x84.jpg 150w, https:\/\/ultimasnoticias.com.ve\/wp-content\/uploads\/2026\/04\/1001302700-696x392.jpg 696w, https:\/\/ultimasnoticias.com.ve\/wp-content\/uploads\/2026\/04\/1001302700-1068x601.jpg 1068w, https:\/\/ultimasnoticias.com.ve\/wp-content\/uploads\/2026\/04\/1001302700.jpg 1080w\" sizes=\"auto, (max-width: 1024px) 100vw, 1024px\"\/><figcaption class=\"wp-block-jetpack-slideshow_caption gallery-caption\">Productores agr\u00edcolas del eje del p\u00e1ramo exigieron el cese total de las sanciones. Foto: Gobernaci\u00f3n de M\u00e9rida<\/figcaption><\/figure>\n<\/li>\n<\/ul>\n<\/div>\n<\/div>\n<\/div>\n\n","protected":false},"excerpt":{"rendered":"<p>A m\u00e1s de 3.600 metros sobre el nivel del mar, los corazones y las manos agr\u00edcolas del eje del p\u00e1ramo meride\u00f1o asistieron a La Asomada, municipio Rangel (Mucuch\u00edes), para dar inicio a la Gran Peregrinaci\u00f3n por una Venezuela Libre, sin Sanciones y en Paz, en compa\u00f1\u00eda del ministro de Interior y Justicia y Paz, Diosdado &hellip;<\/p>\n","protected":false},"author":1,"featured_media":63968,"comment_status":"open","ping_status":"open","sticky":false,"template":"","format":"standard","meta":{"fifu_image_url":"https:\/\/ultimasnoticias.com.ve\/wp-content\/uploads\/2026\/04\/1001303055-scaled.jpg","fifu_image_alt":"","footnotes":""},"categories":[13],"tags":[],"class_list":["post-63966","post","type-post","status-publish","format-standard","has-post-thumbnail","","category-mundo"],"_links":{"self":[{"href":"https:\/\/noticiasveraces.com\/index.php?rest_route=\/wp\/v2\/posts\/63966","targetHints":{"allow":["GET"]}}],"collection":[{"href":"https:\/\/noticiasveraces.com\/index.php?rest_route=\/wp\/v2\/posts"}],"about":[{"href":"https:\/\/noticiasveraces.com\/index.php?rest_route=\/wp\/v2\/types\/post"}],"author":[{"embeddable":true,"href":"https:\/\/noticiasveraces.com\/index.php?rest_route=\/wp\/v2\/users\/1"}],"replies":[{"embeddable":true,"href":"https:\/\/noticiasveraces.com\/index.php?rest_route=%2Fwp%2Fv2%2Fcomments&post=63966"}],"version-history":[{"count":0,"href":"https:\/\/noticiasveraces.com\/index.php?rest_route=\/wp\/v2\/posts\/63966\/revisions"}],"wp:featuredmedia":[{"embeddable":true,"href":"https:\/\/noticiasveraces.com\/index.php?rest_route=\/wp\/v2\/media\/63968"}],"wp:attachment":[{"href":"https:\/\/noticiasveraces.com\/index.php?rest_route=%2Fwp%2Fv2%2Fmedia&parent=63966"}],"wp:term":[{"taxonomy":"category","embeddable":true,"href":"https:\/\/noticiasveraces.com\/index.php?rest_route=%2Fwp%2Fv2%2Fcategories&post=63966"},{"taxonomy":"post_tag","embeddable":true,"href":"https:\/\/noticiasveraces.com\/index.php?rest_route=%2Fwp%2Fv2%2Ftags&post=63966"}],"curies":[{"name":"wp","href":"https:\/\/api.w.org\/{rel}","templated":true}]}}