{"id":63961,"date":"2026-04-27T19:24:42","date_gmt":"2026-04-27T23:24:42","guid":{"rendered":"https:\/\/noticiasveraces.com\/?p=63961"},"modified":"2026-04-27T19:24:42","modified_gmt":"2026-04-27T23:24:42","slug":"llegaron-57-migrantes-a-venezuela-en-un-vuelo-de-ee-uu","status":"publish","type":"post","link":"https:\/\/noticiasveraces.com\/?p=63961","title":{"rendered":"Llegaron 57 migrantes a Venezuela en un vuelo de EE UU"},"content":{"rendered":"<p> \n<\/p>\n<div>\n<p>Un total de <strong>57 migrantes <\/strong>llegaron este lunes 27 de abril a Venezuela en un vuelo de repatriaci\u00f3n procedente de <strong>Miami (Florida, Estados Unidos<\/strong>), como parte de la Gran Misi\u00f3n Vuelta a la Patria, el programa estatal que gestiona los retornos al pa\u00eds.<\/p>\n<p>En un mensaje en Telegram, el Ministerio de Interior y Justicia inform\u00f3 que el avi\u00f3n proven\u00eda del <strong>aeropuerto de Opa Locka<\/strong> en Miami y aterriz\u00f3 en el Aeropuerto Internacional Sim\u00f3n Bol\u00edvar de Maiquet\u00eda, con <strong>41 hombres, 13 mujeres y tres menores de edad<\/strong>cuyas edades no fueron reveladas.<\/p>\n<p>Seg\u00fan indic\u00f3 la cartera de Estado, los migrantes fueron recibidos por funcionarios de distintos cuerpos policiales, incluyendo la Polic\u00eda Nacional Bolivariana y el Servicio Bolivariano de Inteligencia Nacional.<\/p>\n<p>\u201cTras su desembarque, los migrantes repatriados en Venezuela pasan por un t\u00fanel migratorio, donde cada persona es entrevistada para revisar su caso\u201d, se\u00f1al\u00f3.<\/p>\n<p>Posteriormente, agreg\u00f3, se les proporciona<strong> atenci\u00f3n m\u00e9dica <\/strong>y luego los organismos de seguridad los trasladan hacia sus residencias.<\/p>\n<figure class=\"wp-block-image size-large\"><picture fetchpriority=\"high\" decoding=\"async\" class=\"wp-image-852245\"><source type=\"image\/webp\" sizes=\"(max-width: 1200px) 100vw, 1200px\" nitro-lazy-srcset=\"https:\/\/eldiario.com\/nitropack_static\/DWpklAePbJBFiBKvuTtiGMLbtJlHUqWt\/assets\/images\/optimized\/rev-4f0ec48\/eldiario.com\/wp-content\/uploads\/2026\/03\/Conversacion-FOX-Spo-63feaaeb--8-1200x800.jpg.webp 1200w, https:\/\/eldiario.com\/nitropack_static\/DWpklAePbJBFiBKvuTtiGMLbtJlHUqWt\/assets\/images\/optimized\/rev-4f0ec48\/eldiario.com\/wp-content\/uploads\/2026\/03\/Conversacion-FOX-Spo-0b87647d-f-8-300x200.jpg.webp 300w, https:\/\/eldiario.com\/nitropack_static\/DWpklAePbJBFiBKvuTtiGMLbtJlHUqWt\/assets\/images\/optimized\/rev-4f0ec48\/eldiario.com\/wp-content\/uploads\/2026\/03\/Conversacion-FOX-Spo-7ff6044c-f-8-768x512.jpg.webp 768w, https:\/\/eldiario.com\/nitropack_static\/DWpklAePbJBFiBKvuTtiGMLbtJlHUqWt\/assets\/images\/optimized\/rev-4f0ec48\/eldiario.com\/wp-content\/uploads\/2026\/03\/Conversacion-FOX-Spo-27ea375c-8-1536x1024.jpg.webp 1536w, https:\/\/eldiario.com\/nitropack_static\/DWpklAePbJBFiBKvuTtiGMLbtJlHUqWt\/assets\/images\/optimized\/rev-4f0ec48\/eldiario.com\/wp-content\/uploads\/2026\/03\/Conversacion-FOX-Spo-4296b7c5-f-8-330x220.jpg.webp 330w, https:\/\/eldiario.com\/nitropack_static\/DWpklAePbJBFiBKvuTtiGMLbtJlHUqWt\/assets\/images\/optimized\/rev-4f0ec48\/eldiario.com\/wp-content\/uploads\/2026\/03\/Conversacion-FOX-Spo-e43bccdc-f-8-420x280.jpg.webp 420w, https:\/\/eldiario.com\/nitropack_static\/DWpklAePbJBFiBKvuTtiGMLbtJlHUqWt\/assets\/images\/optimized\/rev-4f0ec48\/eldiario.com\/wp-content\/uploads\/2026\/03\/Conversacion-FOX-Spo-623576ce-f-8-615x410.jpg.webp 615w, https:\/\/eldiario.com\/nitropack_static\/DWpklAePbJBFiBKvuTtiGMLbtJlHUqWt\/assets\/images\/optimized\/rev-4f0ec48\/eldiario.com\/wp-content\/uploads\/2026\/03\/Conversacion-FOX-Spo-27eec744-f-8-860x574.jpg.webp 860w, https:\/\/eldiario.com\/nitropack_static\/DWpklAePbJBFiBKvuTtiGMLbtJlHUqWt\/assets\/images\/optimized\/rev-4f0ec48\/eldiario.com\/wp-content\/uploads\/2026\/03\/Conversacion-FOX-Spo-c83e2d65-f-8-150x100.jpg.webp 150w, https:\/\/eldiario.com\/nitropack_static\/DWpklAePbJBFiBKvuTtiGMLbtJlHUqWt\/assets\/images\/optimized\/rev-4f0ec48\/eldiario.com\/wp-content\/uploads\/2026\/03\/Conversacion-FOX-Spo-4b529a27-riRamssaf-8.jpg.webp 1600w\" nitro-lazy-empty=\"\" id=\"ODkyOjI4MTU=-1\" data-nitro-empty-id=\"ODkyOjI4MTU=-1\" srcset=\"data:image\/svg+xml;base64,PHN2ZyB2aWV3Qm94PSIwIDAgMTIwMCA4MDAiIHdpZHRoPSIxMjAwIiBoZWlnaHQ9IjgwMCIgeG1sbnM9Imh0dHA6Ly93d3cudzMub3JnLzIwMDAvc3ZnIj48L3N2Zz4=\"\/><img fetchpriority=\"high\" width=\"1200\" height=\"800\" alt=\"Llegaron a Venezuela 146 migrantes repatriados desde EE UU\" sizes=\"(max-width: 1200px) 100vw, 1200px\" srcset=\"https:\/\/eldiario.com\/nitropack_static\/DWpklAePbJBFiBKvuTtiGMLbtJlHUqWt\/assets\/images\/optimized\/rev-4f0ec48\/eldiario.com\/wp-content\/uploads\/2026\/03\/Conversacion-FOX-Spo-bfb894db-mssaf-8-1200x800.jpg 1200w, https:\/\/eldiario.com\/nitropack_static\/DWpklAePbJBFiBKvuTtiGMLbtJlHUqWt\/assets\/images\/optimized\/rev-4f0ec48\/eldiario.com\/wp-content\/uploads\/2026\/03\/Conversacion-FOX-Spo-39fddf20-amssaf-8-300x200.jpg 300w, https:\/\/eldiario.com\/nitropack_static\/DWpklAePbJBFiBKvuTtiGMLbtJlHUqWt\/assets\/images\/optimized\/rev-4f0ec48\/eldiario.com\/wp-content\/uploads\/2026\/03\/Conversacion-FOX-Spo-4bd9c0b6-amssaf-8-768x512.jpg 768w, https:\/\/eldiario.com\/nitropack_static\/DWpklAePbJBFiBKvuTtiGMLbtJlHUqWt\/assets\/images\/optimized\/rev-4f0ec48\/eldiario.com\/wp-content\/uploads\/2026\/03\/Conversacion-FOX-Spo-889d0f2e-ssaf-8-1536x1024.jpg 1536w, https:\/\/eldiario.com\/nitropack_static\/DWpklAePbJBFiBKvuTtiGMLbtJlHUqWt\/assets\/images\/optimized\/rev-4f0ec48\/eldiario.com\/wp-content\/uploads\/2026\/03\/Conversacion-FOX-Spo-9f02c528-amssaf-8-330x220.jpg 330w, https:\/\/eldiario.com\/nitropack_static\/DWpklAePbJBFiBKvuTtiGMLbtJlHUqWt\/assets\/images\/optimized\/rev-4f0ec48\/eldiario.com\/wp-content\/uploads\/2026\/03\/Conversacion-FOX-Spo-f86098f3-amssaf-8-420x280.jpg 420w, https:\/\/eldiario.com\/nitropack_static\/DWpklAePbJBFiBKvuTtiGMLbtJlHUqWt\/assets\/images\/optimized\/rev-4f0ec48\/eldiario.com\/wp-content\/uploads\/2026\/03\/Conversacion-FOX-Spo-4573bb8c-amssaf-8-615x410.jpg 615w, https:\/\/eldiario.com\/nitropack_static\/DWpklAePbJBFiBKvuTtiGMLbtJlHUqWt\/assets\/images\/optimized\/rev-4f0ec48\/eldiario.com\/wp-content\/uploads\/2026\/03\/Conversacion-FOX-Spo-3ae080d5-amssaf-8-860x574.jpg 860w, https:\/\/eldiario.com\/nitropack_static\/DWpklAePbJBFiBKvuTtiGMLbtJlHUqWt\/assets\/images\/optimized\/rev-4f0ec48\/eldiario.com\/wp-content\/uploads\/2026\/03\/Conversacion-FOX-Spo-b650b738-amssaf-8-150x100.jpg 150w, https:\/\/eldiario.com\/nitropack_static\/DWpklAePbJBFiBKvuTtiGMLbtJlHUqWt\/assets\/images\/optimized\/rev-4f0ec48\/eldiario.com\/wp-content\/uploads\/2026\/03\/Conversacion-FOX-Spo-2ccc8c0a-JaiShriRamssaf-8.jpg 1600w\" src=\"https:\/\/eldiario.com\/nitropack_static\/DWpklAePbJBFiBKvuTtiGMLbtJlHUqWt\/assets\/images\/optimized\/rev-4f0ec48\/eldiario.com\/wp-content\/uploads\/2026\/03\/Conversacion-FOX-Spo-bfb894db-mssaf-8-1200x800.jpg\" class=\"nitro-lazy\" decoding=\"async\" nitro-lazy-empty=\"\" id=\"ODkzOjMxNDM=-1\" data-nitro-empty-id=\"ODkzOjMxNDM=-1\"\/> <\/picture><figcaption class=\"wp-element-caption\">Foto referencial de la llegada de migrantes a Venezuela en vuelos de repatriaci\u00f3n: minjusticia_ve<\/figcaption><\/figure>\n<h2 class=\"wp-block-heading\" id=\"h-vuelo-de-repatriacion-numero-138\"><strong>Vuelo de repatriaci\u00f3n n\u00famero 138<\/strong><\/h2>\n<p>Se trata del <strong>vuelo n\u00famero 138 <\/strong>desde que Caracas y Washington suscribieron un acuerdo migratorio para la repatriaci\u00f3n de migrantes en enero del a\u00f1o pasado, y que se mantuvo incluso en medio de las tensiones por el <strong>despliegue militar<\/strong> estadounidense en el mar Caribe.<\/p>\n<p>El pasado mi\u00e9rcoles 22 de abril, <strong>263 venezolanos<\/strong> retornaron al pa\u00eds en un vuelo procedente de <strong>Arizona<\/strong>.<\/p>\n<p>Seg\u00fan cifras oficiales, <strong>m\u00e1s de 20.000 migrantes<\/strong> han regresado a Venezuela en vuelos de repatriaci\u00f3n desde febrero de 2025. <\/p>\n<\/p><\/div>\n\n","protected":false},"excerpt":{"rendered":"<p>Un total de 57 migrantes llegaron este lunes 27 de abril a Venezuela en un vuelo de repatriaci\u00f3n procedente de Miami (Florida, Estados Unidos), como parte de la Gran Misi\u00f3n Vuelta a la Patria, el programa estatal que gestiona los retornos al pa\u00eds. En un mensaje en Telegram, el Ministerio de Interior y Justicia inform\u00f3 &hellip;<\/p>\n","protected":false},"author":1,"featured_media":63963,"comment_status":"open","ping_status":"open","sticky":false,"template":"","format":"standard","meta":{"fifu_image_url":"https:\/\/eldiario.com\/wp-content\/uploads\/2026\/04\/Vuelta-a-la-Patria-3.jpg","fifu_image_alt":"","footnotes":""},"categories":[13],"tags":[],"class_list":["post-63961","post","type-post","status-publish","format-standard","has-post-thumbnail","","category-mundo"],"_links":{"self":[{"href":"https:\/\/noticiasveraces.com\/index.php?rest_route=\/wp\/v2\/posts\/63961","targetHints":{"allow":["GET"]}}],"collection":[{"href":"https:\/\/noticiasveraces.com\/index.php?rest_route=\/wp\/v2\/posts"}],"about":[{"href":"https:\/\/noticiasveraces.com\/index.php?rest_route=\/wp\/v2\/types\/post"}],"author":[{"embeddable":true,"href":"https:\/\/noticiasveraces.com\/index.php?rest_route=\/wp\/v2\/users\/1"}],"replies":[{"embeddable":true,"href":"https:\/\/noticiasveraces.com\/index.php?rest_route=%2Fwp%2Fv2%2Fcomments&post=63961"}],"version-history":[{"count":0,"href":"https:\/\/noticiasveraces.com\/index.php?rest_route=\/wp\/v2\/posts\/63961\/revisions"}],"wp:featuredmedia":[{"embeddable":true,"href":"https:\/\/noticiasveraces.com\/index.php?rest_route=\/wp\/v2\/media\/63963"}],"wp:attachment":[{"href":"https:\/\/noticiasveraces.com\/index.php?rest_route=%2Fwp%2Fv2%2Fmedia&parent=63961"}],"wp:term":[{"taxonomy":"category","embeddable":true,"href":"https:\/\/noticiasveraces.com\/index.php?rest_route=%2Fwp%2Fv2%2Fcategories&post=63961"},{"taxonomy":"post_tag","embeddable":true,"href":"https:\/\/noticiasveraces.com\/index.php?rest_route=%2Fwp%2Fv2%2Ftags&post=63961"}],"curies":[{"name":"wp","href":"https:\/\/api.w.org\/{rel}","templated":true}]}}