{"id":6396,"date":"2023-02-01T03:41:46","date_gmt":"2023-02-01T03:41:46","guid":{"rendered":"https:\/\/noticiasveraces.com\/corea-del-sur-abandona-el-mandato-de-mascaras-para-interiores-pero-muchos-continuan-usandolas-mientras-persisten-las-preocupaciones\/"},"modified":"2023-02-01T03:41:46","modified_gmt":"2023-02-01T03:41:46","slug":"corea-del-sur-abandona-el-mandato-de-mascaras-para-interiores-pero-muchos-continuan-usandolas-mientras-persisten-las-preocupaciones","status":"publish","type":"post","link":"https:\/\/noticiasveraces.com\/?p=6396","title":{"rendered":"Corea del Sur abandona el mandato de m\u00e1scaras para interiores, pero muchos contin\u00faan us\u00e1ndolas mientras persisten las preocupaciones"},"content":{"rendered":"<p> \n<\/p>\n<div>\n<p class=\"speakable\">Corea del Sur elimin\u00f3 el lunes un mandato de m\u00e1scara facial para la mayor\u00eda de los lugares p\u00fablicos interiores en un paso importante para relajar las reglas de COVID-19, pero muchos residentes optaron por seguir usando cubiertas debido a las preocupaciones persistentes sobre las infecciones.<\/p>\n<p class=\"speakable\">El levantamiento de las reglas de cubrirse la cara en la mayor\u00eda de los lugares cerrados es el \u00faltimo paso de Corea del Sur para relajar las reglas de COVID a medida que los nuevos casos muestran signos de desaceleraci\u00f3n.  Todav\u00eda se requiere que las personas usen las m\u00e1scaras en entornos de transporte p\u00fablico y en instalaciones m\u00e9dicas.<\/p>\n<p>La mayor\u00eda de los propietarios de restaurantes y visitantes en el bullicioso distrito de Gwanghwamun de Se\u00fal, donde se encuentran los edificios gubernamentales y corporativos, dieron la bienvenida a la nueva pol\u00edtica.  Pero muchos ciudadanos tambi\u00e9n dijeron que seguir\u00e1n usando m\u00e1scaras mientras la pandemia no haya terminado por completo.<\/p>\n<p><strong><u>JAP\u00d3N BAJAR\u00c1 LA CLASIFICACI\u00d3N DE COVID-19 A UNA ENFERMEDAD MENOS GRAVE EL 8 DE MAYO<\/u><\/strong><\/p>\n<p>\u00abPens\u00e9 que no ten\u00eda sentido que tuvi\u00e9ramos que ponernos las m\u00e1scaras solo para entrar y salir de un restaurante, as\u00ed que es bueno que haya cambiado ahora\u00bb, dijo Yoon Seok-jun, un oficinista de 30 a\u00f1os en Gwanghwamun. .<\/p>\n<p>Kim Jae-jin, de 28 a\u00f1os, tambi\u00e9n dijo que estaba contento de poder hacer ejercicio en un gimnasio sin usar una m\u00e1scara facial.  A\u00fan as\u00ed, dijo que seguir\u00e1 poniendo los cobertores en la mayor\u00eda de las instalaciones p\u00fablicas.<\/p>\n<p><strong><u>ESPA\u00d1A LEVANTAR\u00c1 REGLA DE MASCARILLA OBLIGATORIA EN TRANSPORTE P\u00daBLICO EL 1 DE FEBRERO  7<\/u><\/strong><\/p>\n<div baseimage=\"https:\/\/static.foxnews.com\/foxnews.com\/content\/uploads\/2023\/01\/s-korea.jpg\" source=\"\" class=\"image-ct inline\">\n<div class=\"m\"><picture><source media=\"(max-width: 767px)\" srcset=\"https:\/\/a57.foxnews.com\/static.foxnews.com\/foxnews.com\/content\/uploads\/2023\/01\/343\/192\/s-korea.jpg?ve=1&amp;tl=1, https:\/\/a57.foxnews.com\/static.foxnews.com\/foxnews.com\/content\/uploads\/2023\/01\/686\/384\/s-korea.jpg?ve=1&amp;tl=1 2x\"><source media=\"(min-width: 767px) and (max-width: 1023px)\" srcset=\"https:\/\/a57.foxnews.com\/static.foxnews.com\/foxnews.com\/content\/uploads\/2023\/01\/672\/378\/s-korea.jpg?ve=1&amp;tl=1, https:\/\/a57.foxnews.com\/static.foxnews.com\/foxnews.com\/content\/uploads\/2023\/01\/1344\/756\/s-korea.jpg?ve=1&amp;tl=1 2x\"><source media=\"(min-width: 1024px) and (max-width: 1279px)\" srcset=\"https:\/\/a57.foxnews.com\/static.foxnews.com\/foxnews.com\/content\/uploads\/2023\/01\/931\/523\/s-korea.jpg?ve=1&amp;tl=1, https:\/\/a57.foxnews.com\/static.foxnews.com\/foxnews.com\/content\/uploads\/2023\/01\/1862\/1046\/s-korea.jpg?ve=1&amp;tl=1 2x\"><source media=\"(min-width: 1280px)\" srcset=\"https:\/\/a57.foxnews.com\/static.foxnews.com\/foxnews.com\/content\/uploads\/2023\/01\/720\/405\/s-korea.jpg?ve=1&amp;tl=1, https:\/\/a57.foxnews.com\/static.foxnews.com\/foxnews.com\/content\/uploads\/2023\/01\/1440\/810\/s-korea.jpg?ve=1&amp;tl=1 2x\"><img decoding=\"async\" src=\"https:\/\/a57.foxnews.com\/static.foxnews.com\/foxnews.com\/content\/uploads\/2023\/01\/640\/320\/s-korea.jpg?ve=1&amp;tl=1\" alt=\"Mujeres viajan en una escalera mec\u00e1nica junto a una pareja con m\u00e1scaras en un centro comercial en Se\u00fal, Corea del Sur, el 30 de enero de 2023.\"\/><\/source><\/source><\/source><\/source><\/picture><\/div>\n<div class=\"caption\">\n<p>      Mujeres viajan en una escalera mec\u00e1nica junto a una pareja con m\u00e1scaras en un centro comercial en Se\u00fal, Corea del Sur, el 30 de enero de 2023.<br \/>\n      <span class=\"copyright\">(REUTERS\/Kim Hong Ji)<\/span><\/p>\n<\/div>\n<\/div>\n<p>\u00abSer\u00eda mucho m\u00e1s c\u00f3modo correr en una caminadora, pero todav\u00eda me preocupa una nueva enfermedad respiratoria despu\u00e9s de la COVID\u00bb, dijo Kim, una oficinista.<\/p>\n<p>Las autoridades de salud de Corea del Sur advirtieron que la flexibilizaci\u00f3n de las reglas sobre el uso de mascarillas podr\u00eda resultar en un aumento temporal de nuevos casos, instando a las personas a mantenerse alerta cuando se encuentren en \u00e1reas de alto riesgo, especialmente para aquellos m\u00e1s vulnerables a las infecciones.<\/p>\n<p><strong><u>HAGA CLIC AQU\u00cd PARA OBTENER LA APLICACI\u00d3N FOX NEWS<\/u><\/strong><\/p>\n<p>\u00abCOVID-19 a\u00fan no ha terminado y parece que las m\u00e1scaras me protegen del resfriado y otras enfermedades, as\u00ed que creo que las usar\u00e9 por el momento\u00bb, Jeong Hye-won, un Se\u00fal de 28 a\u00f1os. dijo el oficinista.<\/p>\n<p>La flexibilizaci\u00f3n de las reglas se produce unos tres a\u00f1os despu\u00e9s de que Corea del Sur informara su primer brote de infecci\u00f3n por COVID el 20 de enero de 2020.<\/p>\n<p>Desde entonces, el pa\u00eds ha eliminado la mayor\u00eda de sus precauciones relacionadas con la pandemia, pero mantiene una regla de aislamiento de siete d\u00edas para aquellos que dan positivo por COVID.<\/p>\n<p> <!----> <!----><\/div>\n\n","protected":false},"excerpt":{"rendered":"<p>Corea del Sur elimin\u00f3 el lunes un mandato de m\u00e1scara facial para la mayor\u00eda de los lugares p\u00fablicos interiores en un paso importante para relajar las reglas de COVID-19, pero muchos residentes optaron por seguir usando cubiertas debido a las preocupaciones persistentes sobre las infecciones. El levantamiento de las reglas de cubrirse la cara en &hellip;<\/p>\n","protected":false},"author":1,"featured_media":6397,"comment_status":"open","ping_status":"open","sticky":false,"template":"","format":"standard","meta":{"fifu_image_url":"","fifu_image_alt":"","footnotes":""},"categories":[8],"tags":[],"class_list":["post-6396","post","type-post","status-publish","format-standard","has-post-thumbnail","","category-salud"],"_links":{"self":[{"href":"https:\/\/noticiasveraces.com\/index.php?rest_route=\/wp\/v2\/posts\/6396","targetHints":{"allow":["GET"]}}],"collection":[{"href":"https:\/\/noticiasveraces.com\/index.php?rest_route=\/wp\/v2\/posts"}],"about":[{"href":"https:\/\/noticiasveraces.com\/index.php?rest_route=\/wp\/v2\/types\/post"}],"author":[{"embeddable":true,"href":"https:\/\/noticiasveraces.com\/index.php?rest_route=\/wp\/v2\/users\/1"}],"replies":[{"embeddable":true,"href":"https:\/\/noticiasveraces.com\/index.php?rest_route=%2Fwp%2Fv2%2Fcomments&post=6396"}],"version-history":[{"count":0,"href":"https:\/\/noticiasveraces.com\/index.php?rest_route=\/wp\/v2\/posts\/6396\/revisions"}],"wp:featuredmedia":[{"embeddable":true,"href":"https:\/\/noticiasveraces.com\/index.php?rest_route=\/wp\/v2\/media\/6397"}],"wp:attachment":[{"href":"https:\/\/noticiasveraces.com\/index.php?rest_route=%2Fwp%2Fv2%2Fmedia&parent=6396"}],"wp:term":[{"taxonomy":"category","embeddable":true,"href":"https:\/\/noticiasveraces.com\/index.php?rest_route=%2Fwp%2Fv2%2Fcategories&post=6396"},{"taxonomy":"post_tag","embeddable":true,"href":"https:\/\/noticiasveraces.com\/index.php?rest_route=%2Fwp%2Fv2%2Ftags&post=6396"}],"curies":[{"name":"wp","href":"https:\/\/api.w.org\/{rel}","templated":true}]}}