{"id":63929,"date":"2026-04-27T08:43:41","date_gmt":"2026-04-27T12:43:41","guid":{"rendered":"https:\/\/noticiasveraces.com\/?p=63929"},"modified":"2026-04-27T08:43:41","modified_gmt":"2026-04-27T12:43:41","slug":"mbappe-lesionado-apunta-al-clasico-militao-sera-operado-en-finlandia","status":"publish","type":"post","link":"https:\/\/noticiasveraces.com\/?p=63929","title":{"rendered":"Mbapp\u00e9, lesionado, apunta al Cl\u00e1sico; Militao ser\u00e1 operado en Finlandia"},"content":{"rendered":"<p> \n<\/p>\n<div id=\"intext\">\n<p>Kylian Mbapp\u00e9 estar\u00e1 de baja tras sufrir una lesi\u00f3n muscular en la pierna izquierda, mientras que \u00c9der Militao pasar\u00e1 por quir\u00f3fano en Finlandia por una dolencia en el b\u00edceps femoral. El club blanco conf\u00eda en recuperar al delantero franc\u00e9s a tiempo para el Cl\u00e1sico del pr\u00f3ximo 10 de mayo en el Camp Nou.<\/p>\n<p>El internacional galo fue sometido este lunes a nuevas pruebas m\u00e9dicas que confirmaron el alcance de sus molestias. Seg\u00fan el comunicado oficial del club, \u00abse le ha diagnosticado una lesi\u00f3n en el m\u00fasculo semitendinoso de la pierna izquierda\u00bb, por lo que queda \u00abpendiente de evoluci\u00f3n\u00bb.<\/p>\n<p>El objetivo del cuerpo t\u00e9cnico es que el jugador pueda reaparecer en el duelo ante el FC Barcelona de la jornada 35. Mbapp\u00e9, que ser\u00e1 baja para el partido de este domingo en Cornell\u00e0 ante el RCD Espanyol, ya tuvo que parar un total de cinco encuentros entre finales de febrero y mediados de marzo por una lesi\u00f3n en la rodilla, aunque ahora acumulaba seis titularidades con los blancos, en las que marc\u00f3 tres tantos.<\/p>\n<h2 class=\"title-h2\">Militao pasar\u00e1 por quir\u00f3fano<\/h2>\n<p>Por su parte, \u00c9der Militao tendr\u00e1 que pasar por quir\u00f3fano tras lesionarse en el encuentro ante el Alav\u00e9s. El defensa sufri\u00f3 unas molestias en el isquiotibial que finalmente han derivado en una intervenci\u00f3n quir\u00fargica en Finlandia, donde ser\u00e1 tratado por uno de los especialistas m\u00e1s reconocidos en este tipo de lesiones. El brasile\u00f1o estar\u00eda varios meses de baja, perdi\u00e9ndose el Mundial.<\/p>\n<p><i>S\u00edguenos en nuestro <\/i><i><strong>canal de WhatsApp<\/strong><\/i><i>  y no te pierdas la \u00faltima hora y toda la actualidad en nuestro <\/i><i><strong>perfil de Google<\/strong><\/i><strong>.<\/strong><\/p>\n<div class=\"recirculation-video\" data-mod=\"a3mod_recirculation_video\">\n<div class=\"recirculation-video-wrapper\">\n<div>\n<div class=\"video-wrapper\">\n  <picture class=\"video-main-picture\"><source media=\"(min-width: 481px)\" srcset=\"https:\/\/fotografias.antena3.com\/clipping\/cmsimages02\/2026\/04\/24\/61CF94B0-4CA1-40B0-896B-FBB00BB976C0\/courtois-nadal-bellingham-sinner-pista-tenis-bernabeu_94.jpg?crop=5603,3152,x0,y530&amp;width=800&amp;height=450&amp;optimize=medium&amp;format=webply\" width=\"800\" height=\"450\"><source media=\"(min-width: 391px) and (max-width: 480px)\" srcset=\"https:\/\/fotografias.antena3.com\/clipping\/cmsimages02\/2026\/04\/24\/61CF94B0-4CA1-40B0-896B-FBB00BB976C0\/courtois-nadal-bellingham-sinner-pista-tenis-bernabeu_70.jpg?crop=5603,3152,x0,y530&amp;width=480&amp;height=270&amp;optimize=high&amp;format=webply\" width=\"480\" height=\"270\"><source media=\"(min-width: 321px) and (max-width: 390px)\" srcset=\"https:\/\/fotografias.antena3.com\/clipping\/cmsimages02\/2026\/04\/24\/61CF94B0-4CA1-40B0-896B-FBB00BB976C0\/courtois-nadal-bellingham-sinner-pista-tenis-bernabeu_92.jpg?crop=5603,3146,x0,y533&amp;width=390&amp;height=219&amp;optimize=high&amp;format=webply\" width=\"390\" height=\"219\"><source media=\"(max-width: 320px)\" srcset=\"https:\/\/fotografias.antena3.com\/clipping\/cmsimages02\/2026\/04\/24\/61CF94B0-4CA1-40B0-896B-FBB00BB976C0\/courtois-nadal-bellingham-sinner-pista-tenis-bernabeu_52.jpg?crop=5603,3152,x0,y530&amp;width=320&amp;height=180&amp;optimize=high&amp;format=webply\" width=\"320\" height=\"180\"><img decoding=\"async\" title=\"Courtois, Nadal, Bellingham y Sinner, en pista de tenis en el Bernab\u00e9u\" alt=\"Courtois, Nadal, Bellingham y Sinner, en pista de tenis en el Bernab\u00e9u\" width=\"480\" height=\"270\" src=\"https:\/\/fotografias.antena3.com\/clipping\/cmsimages02\/2026\/04\/24\/61CF94B0-4CA1-40B0-896B-FBB00BB976C0\/courtois-nadal-bellingham-sinner-pista-tenis-bernabeu_70.jpg?crop=5603,3152,x0,y530&amp;width=480&amp;height=270&amp;optimize=high&amp;format=webply\" loading=\"lazy\" class=\"lazy\"\/><br \/>\n  <\/source><\/source><\/source><\/source><\/picture>\n <\/div>\n<\/div><\/div>\n<\/p><\/div>\n<\/div>\n\n","protected":false},"excerpt":{"rendered":"<p>Kylian Mbapp\u00e9 estar\u00e1 de baja tras sufrir una lesi\u00f3n muscular en la pierna izquierda, mientras que \u00c9der Militao pasar\u00e1 por quir\u00f3fano en Finlandia por una dolencia en el b\u00edceps femoral. El club blanco conf\u00eda en recuperar al delantero franc\u00e9s a tiempo para el Cl\u00e1sico del pr\u00f3ximo 10 de mayo en el Camp Nou. El internacional &hellip;<\/p>\n","protected":false},"author":1,"featured_media":63931,"comment_status":"open","ping_status":"open","sticky":false,"template":"","format":"standard","meta":{"fifu_image_url":"https:\/\/fotografias.antena3.com\/clipping\/cmsimages02\/2026\/04\/27\/2832452F-9F25-4264-B7B7-34D3EF58492B\/mbappe-ultimo-partido-real-betis_69.jpg?crop=1920,1080,x0,y0&width=1280&height=720&optimize=low&format=jpg","fifu_image_alt":"","footnotes":""},"categories":[6],"tags":[],"class_list":["post-63929","post","type-post","status-publish","format-standard","has-post-thumbnail","","category-deportes"],"_links":{"self":[{"href":"https:\/\/noticiasveraces.com\/index.php?rest_route=\/wp\/v2\/posts\/63929","targetHints":{"allow":["GET"]}}],"collection":[{"href":"https:\/\/noticiasveraces.com\/index.php?rest_route=\/wp\/v2\/posts"}],"about":[{"href":"https:\/\/noticiasveraces.com\/index.php?rest_route=\/wp\/v2\/types\/post"}],"author":[{"embeddable":true,"href":"https:\/\/noticiasveraces.com\/index.php?rest_route=\/wp\/v2\/users\/1"}],"replies":[{"embeddable":true,"href":"https:\/\/noticiasveraces.com\/index.php?rest_route=%2Fwp%2Fv2%2Fcomments&post=63929"}],"version-history":[{"count":0,"href":"https:\/\/noticiasveraces.com\/index.php?rest_route=\/wp\/v2\/posts\/63929\/revisions"}],"wp:featuredmedia":[{"embeddable":true,"href":"https:\/\/noticiasveraces.com\/index.php?rest_route=\/wp\/v2\/media\/63931"}],"wp:attachment":[{"href":"https:\/\/noticiasveraces.com\/index.php?rest_route=%2Fwp%2Fv2%2Fmedia&parent=63929"}],"wp:term":[{"taxonomy":"category","embeddable":true,"href":"https:\/\/noticiasveraces.com\/index.php?rest_route=%2Fwp%2Fv2%2Fcategories&post=63929"},{"taxonomy":"post_tag","embeddable":true,"href":"https:\/\/noticiasveraces.com\/index.php?rest_route=%2Fwp%2Fv2%2Ftags&post=63929"}],"curies":[{"name":"wp","href":"https:\/\/api.w.org\/{rel}","templated":true}]}}