{"id":63925,"date":"2026-04-27T07:43:44","date_gmt":"2026-04-27T11:43:44","guid":{"rendered":"https:\/\/noticiasveraces.com\/?p=63925"},"modified":"2026-04-27T07:43:44","modified_gmt":"2026-04-27T11:43:44","slug":"el-diputado-ramanathan-archchuna-esta-en-prision-preventiva","status":"publish","type":"post","link":"https:\/\/noticiasveraces.com\/?p=63925","title":{"rendered":"El diputado Ramanathan Archchuna est\u00e1 en prisi\u00f3n preventiva"},"content":{"rendered":"<p> \n<\/p>\n<div>\n<p>El Dr. Ramanathan Archchuna, miembro del Parlamento del distrito de Jaffna, que fue arrestado por la polic\u00eda de Ilavalai esta ma\u00f1ana (27), se encuentra en prisi\u00f3n preventiva.<\/p>\n<p>El diputado Archchuna ha estado en prisi\u00f3n preventiva hasta el 29 de abril por el Tribunal de Primera Instancia de Mallakam.<\/p>\n<p>El parlamentario fue arrestado en relaci\u00f3n con acusaciones de intimidaci\u00f3n criminal que implicaban blandir un arma de fuego, as\u00ed como de allanamiento de morada.<\/p>\n<p>Seg\u00fan la polic\u00eda, el 25 de abril, en la zona de Periyavilan de Jaffna, el diputado Archchuna presuntamente amenaz\u00f3 a una mujer mientras bland\u00eda un arma de fuego. Se inform\u00f3 que el incidente surgi\u00f3 a ra\u00edz de una disputa por un terreno.<\/p>\n<p>Actualmente est\u00e1 pendiente ante un tribunal de primera instancia un caso relativo a la propiedad de dicho terreno. El diputado Archchuna reclama la propiedad del inmueble, que tambi\u00e9n es impugnada por una mujer.<\/p>\n<p>Se informa adem\u00e1s que mientras el miembro del Parlamento se dedicaba a limpiar el terreno el 25 de abril, dos mujeres llegaron al lugar reclamando la propiedad de una parte de la propiedad, lo que dio lugar a una discusi\u00f3n. La supuesta amenaza se hizo luego de que el enfrentamiento se intensificara.<\/p>\n<\/p><\/div>\n\n","protected":false},"excerpt":{"rendered":"<p>El Dr. Ramanathan Archchuna, miembro del Parlamento del distrito de Jaffna, que fue arrestado por la polic\u00eda de Ilavalai esta ma\u00f1ana (27), se encuentra en prisi\u00f3n preventiva. El diputado Archchuna ha estado en prisi\u00f3n preventiva hasta el 29 de abril por el Tribunal de Primera Instancia de Mallakam. El parlamentario fue arrestado en relaci\u00f3n con &hellip;<\/p>\n","protected":false},"author":1,"featured_media":63926,"comment_status":"open","ping_status":"open","sticky":false,"template":"","format":"standard","meta":{"fifu_image_url":"https:\/\/adaderanaenglish.s3.amazonaws.com\/1777289982-Ada-Derana-Jaffna-District-Member-Parliament-Ramanathan-Archchuna-court-6.jpg","fifu_image_alt":"","footnotes":""},"categories":[13],"tags":[],"class_list":["post-63925","post","type-post","status-publish","format-standard","has-post-thumbnail","","category-mundo"],"_links":{"self":[{"href":"https:\/\/noticiasveraces.com\/index.php?rest_route=\/wp\/v2\/posts\/63925","targetHints":{"allow":["GET"]}}],"collection":[{"href":"https:\/\/noticiasveraces.com\/index.php?rest_route=\/wp\/v2\/posts"}],"about":[{"href":"https:\/\/noticiasveraces.com\/index.php?rest_route=\/wp\/v2\/types\/post"}],"author":[{"embeddable":true,"href":"https:\/\/noticiasveraces.com\/index.php?rest_route=\/wp\/v2\/users\/1"}],"replies":[{"embeddable":true,"href":"https:\/\/noticiasveraces.com\/index.php?rest_route=%2Fwp%2Fv2%2Fcomments&post=63925"}],"version-history":[{"count":0,"href":"https:\/\/noticiasveraces.com\/index.php?rest_route=\/wp\/v2\/posts\/63925\/revisions"}],"wp:featuredmedia":[{"embeddable":true,"href":"https:\/\/noticiasveraces.com\/index.php?rest_route=\/wp\/v2\/media\/63926"}],"wp:attachment":[{"href":"https:\/\/noticiasveraces.com\/index.php?rest_route=%2Fwp%2Fv2%2Fmedia&parent=63925"}],"wp:term":[{"taxonomy":"category","embeddable":true,"href":"https:\/\/noticiasveraces.com\/index.php?rest_route=%2Fwp%2Fv2%2Fcategories&post=63925"},{"taxonomy":"post_tag","embeddable":true,"href":"https:\/\/noticiasveraces.com\/index.php?rest_route=%2Fwp%2Fv2%2Ftags&post=63925"}],"curies":[{"name":"wp","href":"https:\/\/api.w.org\/{rel}","templated":true}]}}