{"id":63910,"date":"2026-04-27T04:53:44","date_gmt":"2026-04-27T08:53:44","guid":{"rendered":"https:\/\/noticiasveraces.com\/?p=63910"},"modified":"2026-04-27T04:53:44","modified_gmt":"2026-04-27T08:53:44","slug":"hambre-en-el-mundo-iran-crimenes-de-guerra-en-libano-y-gaza-el-nino-las-noticias-del-viernes","status":"publish","type":"post","link":"https:\/\/noticiasveraces.com\/?p=63910","title":{"rendered":"Hambre en el mundo, Ir\u00e1n, cr\u00edmenes de guerra en L\u00edbano y Gaza, El Ni\u00f1o&#8230; Las noticias del viernes"},"content":{"rendered":"<p> \n<br \/><img decoding=\"async\" src=\"https:\/\/global.unitednations.entermediadb.net\/assets\/mediadb\/services\/module\/asset\/downloads\/preset\/Collections\/Production%20Library\/24-04-2026-UNICEF-South_Sudan_hunger.jpeg\/image560x340cropped.jpg\" \/><\/p>\n<div>\n<h2>El hambre aguda alcanza a 266 millones de personas y se duplica en una d\u00e9cada<\/h2>\n<p>El Informe Global sobre Crisis Alimentarias 2026 revela que 266 millones de personas en 47 pa\u00edses sufrieron hambre severa en 2025, de ellos 35,5 millones son ni\u00f1os. El mundo est\u00e1 fracasando en erradicar el hambre, pues la cifra se ha duplicado en diez a\u00f1os.<\/p>\n<p>Beth Bechdol, directora general adjunta de la Organizaci\u00f3n para la Alimentaci\u00f3n y la Agricultura, advirti\u00f3 que estas crisis se est\u00e1n cronificando. \u00abLa inseguridad alimentaria aguda no est\u00e1 mejorando. <strong>Se est\u00e1 volviendo m\u00e1s arraigada, m\u00e1s concentrada y predecible.<\/strong> Lo m\u00e1s preocupante es que m\u00e1s del 80% de los afectados se encuentran en crisis prolongadas, y la carga se concentra cada vez m\u00e1s en un peque\u00f1o n\u00famero de pa\u00edses, como Nigeria, la Rep\u00fablica Democr\u00e1tica del Congo y Sud\u00e1n\u00bb, declar\u00f3.<\/p>\n<p>Por primera vez en la historia del informe, se declararon dos hambrunas simult\u00e1neas en 2025: una en Gaza y otra en partes de Sud\u00e1n. <\/p>\n<p>Ricardo Pires, de UNICEF, puso el foco en la infancia: 35,5 millones de ni\u00f1os sufren desnutrici\u00f3n aguda, de los cuales casi 10 millones en su forma m\u00e1s grave, que multiplica por 12 el riesgo de muerte. El informe advierte que la crisis de Oriente Medio est\u00e1 encareciendo la energ\u00eda y los fertilizantes, lo que amenaza la seguridad alimentaria de pa\u00edses importadores.<\/p>\n<h2>Ir\u00e1n: la Media Luna Roja alerta de una grave crisis de suministros m\u00e9dicos<\/h2>\n<figure class=\"context-un_news_large_uncropped_credit_caption type-entermedia_image media figure media--type-entermedia-image media--view-mode-un-news-large-uncropped-credit-caption\"><figcaption class=\"media__caption figure-caption\">\n                  <span class=\"author\">\u00a9 Cruz Roja Turca<\/span><br \/>\n                          <span class=\"caption\">Un convoy de camiones transporta ayuda humanitaria y suministros m\u00e9dicos desde Turqu\u00eda a Ir\u00e1n.<\/span><br \/>\n              <\/figcaption><\/figure>\n<p>Desde Ir\u00e1n, Christian Cortez, director regional adjunto de la Federaci\u00f3n Internacional de la Cruz Roja, advirti\u00f3 que el alto el fuego no significa el fin del sufrimiento. \u00abUn alto el fuego no significa que el conflicto haya terminado. La realidad sobre el terreno, sin embargo, es muy diferente\u00bb, declar\u00f3.<\/p>\n<p>Durante su misi\u00f3n al pa\u00eds, <strong>constat\u00f3 la destrucci\u00f3n de cientos de instalaciones sanitarias, comerciales y educativas<\/strong>y alert\u00f3 de una grave crisis de suministros m\u00e9dicos. La f\u00e1brica de la Media Luna Roja que produce filtros de di\u00e1lisis solo tiene materias primas para dos o tres meses m\u00e1s. Cuando se agoten, miles de pacientes renales quedar\u00e1n sin tratamiento. La Cruz Roja ha lanzado un llamamiento de emergencia de 120 millones de d\u00f3lares, del que menos del 4% est\u00e1 financiado. <\/p>\n<p>Cortez inform\u00f3 que <strong>cuatro voluntarios de la Media Luna Roja han muerto y 18 han resultado heridos<\/strong> durante la respuesta al conflicto.<\/p>\n<h2>L\u00edbano: ataques a civiles, periodistas y desplazamientos masivos <\/h2>\n<figure class=\"context-un_news_large_uncropped_credit_caption type-entermedia_image media figure media--type-entermedia-image media--view-mode-un-news-large-uncropped-credit-caption\"><figcaption class=\"media__caption figure-caption\">\n                  <span class=\"author\">\u00a9Unicef<\/span><br \/>\n                          <span class=\"caption\">Destrucci\u00f3n en el sur del L\u00edbano, donde Israel ha demolido decenas de casas.<\/span><br \/>\n              <\/figcaption><\/figure>\n<p>La Oficina de Derechos Humanos public\u00f3 un informe sobre los tres primeros meses de escalada en L\u00edbano que documenta ataques contra civiles, personal m\u00e9dico y periodistas. <\/p>\n<p>El 22 de abril, la periodista libanesa Amal Khalil fue asesinada en un ataque a\u00e9reo israel\u00ed en el sur del L\u00edbano mientras se dirig\u00eda a cubrir la situaci\u00f3n en Bint Jbeil. Trabajaba para el diario Al-Akhbar y ya hab\u00eda recibido amenazas de muerte en septiembre de 2024.<\/p>\n<p>Thameen Al-Kheetan, portavoz de la oficina, fue contundente: \u00abEl personal m\u00e9dico, ya sea militar o civil, y otros civiles, incluidos los periodistas, est\u00e1n protegidos por el derecho internacional humanitario. <strong>Atacarlos deliberadamente constituir\u00eda un crimen de guerra<\/strong>\u00ab.<\/p>\n<p>La UNESCO tambi\u00e9n conden\u00f3 el asesinato. Desde el 7 de octubre de 2023, 290 trabajadores de medios han sido asesinados en Gaza y 27 en L\u00edbano.<\/p>\n<p>El informe denuncia adem\u00e1s que las \u00f3rdenes de evacuaci\u00f3n israel\u00edes, vagamente comunicadas, cubren casi el 14% del territorio liban\u00e9s y han desplazado a m\u00e1s de un mill\u00f3n de personas, una pr\u00e1ctica que tambi\u00e9n podr\u00eda constituir un crimen de guerra por desplazamiento forzado.<\/p>\n<h2>Gaza: el sistema de salud colapsa con 1800 instalaciones da\u00f1adas<\/h2>\n<figure class=\"context-un_news_large_uncropped_credit_caption type-entermedia_image media figure media--type-entermedia-image media--view-mode-un-news-large-uncropped-credit-caption\"><figcaption class=\"media__caption figure-caption\">\n                  <span class=\"author\">Noticias ONU<\/span><br \/>\n                          <span class=\"caption\">Balqees Abu Ajwa, madre de Sama Abu Ajwa, de ocho meses, est\u00e1 de pie junto a la cama de su hija, que est\u00e1 hospitalizada y sufre insuficiencia renal aguda.<\/span><br \/>\n              <\/figcaption><\/figure>\n<p>La doctora Reinhilde Van de Weerdt, nueva representante de la Organizaci\u00f3n Mundial de la Salud en los Territorios Palestinos Ocupados, complet\u00f3 su primera semana en Gaza a principios de abril y mostr\u00f3 su estremecimiento.<\/p>\n<p>\u00abPuedes leer los informes, estudiar los n\u00fameros. Pero estar de pie en las calles, en medio de escombros de metros de altura y ambulancias, es algo completamente diferente\u00bb, declar\u00f3.<\/p>\n<p><strong>Las cifras de un reciente informe de da\u00f1os son devastadoras<\/strong>: 1800 instalaciones de salud destruidas o da\u00f1adas, da\u00f1os al sector salud estimados en 1400 millones de d\u00f3lares, y necesidades de 10.000 millones en cinco a\u00f1os para la recuperaci\u00f3n del sistema sanitario. <\/p>\n<p>Adem\u00e1s, el 80% de los sitios de desplazamiento tienen infestaciones de roedores y plagas, y m\u00e1s de 17.000 casos de infecciones cut\u00e1neas se han registrado este a\u00f1o.<\/p>\n<p>\u00abEl personal de salud y los trabajadores de la salud deben ser protegidos. Los medicamentos y suministros esenciales deben entrar en Gaza\u00bb, exigi\u00f3 Van de Weerdt. <\/p>\n<p>Hasta el 23 de abril, m\u00e1s de 11.000 pacientes han sido evacuados de Gaza, pero la ruta hacia Cisjordania y Jerusal\u00e9n Este sigue cerrada. Solo se puede salir por Rafah, hacia Egipto.<\/p>\n<h2>El Ni\u00f1o llegar\u00e1 a mediados de 2026 con fuerte intensidad<\/h2>\n<figure class=\"context-un_news_large_uncropped_credit_caption type-entermedia_image media figure media--type-entermedia-image media--view-mode-un-news-large-uncropped-credit-caption\"><figcaption class=\"media__caption figure-caption\">\n                  <span class=\"author\">\u00a9 UNICEF\/UNI953100\/ . Est\u00e1 bien<\/span><br \/>\n                          <span class=\"caption\">El Ni\u00f1o traer\u00e1 desde inundaciones a sequ\u00edas.<\/span><br \/>\n              <\/figcaption><\/figure>\n<p>La Organizaci\u00f3n Meteorol\u00f3gica Mundial anunci\u00f3 que un evento de El Ni\u00f1o podr\u00eda desarrollarse a partir de mediados de 2026. <\/p>\n<p>Wilfran Mufungu Okia, de la OMM, explic\u00f3 el fen\u00f3meno: \u00abEsto se caracteriza por un cambio hacia temperaturas superficiales m\u00e1s c\u00e1lidas cerca del Pac\u00edfico Ecuatorial, y tendr\u00e1 un impacto en la temperatura global y remodelar\u00e1 el patr\u00f3n de lluvias en todo el mundo\u00bb.<\/p>\n<p>Tradicionalmente, El Ni\u00f1o trae lluvias excesivas al Cuerno de \u00c1frica y el sur de Sudam\u00e9rica, especialmente Argentina y Uruguay, y sequ\u00edas severas a Australia, Indonesia y el Sudeste Asi\u00e1tico. <\/p>\n<p>La OMM confirma que <strong>el evento ser\u00e1 fuerte, aunque la magnitud exacta se refinar\u00e1 en mayo.<\/strong> El Ni\u00f1o suele impulsar un repunte de la temperatura global. En 2024, tras el \u00faltimo evento, se alcanzaron +1,55\u00b0C sobre niveles preindustriales. Dependiendo de la intensidad, podr\u00edamos volver a superar temporalmente el umbral de 1,5\u00b0C en 2027.<\/p>\n<\/div>\n\n","protected":false},"excerpt":{"rendered":"<p>El hambre aguda alcanza a 266 millones de personas y se duplica en una d\u00e9cada El Informe Global sobre Crisis Alimentarias 2026 revela que 266 millones de personas en 47 pa\u00edses sufrieron hambre severa en 2025, de ellos 35,5 millones son ni\u00f1os. El mundo est\u00e1 fracasando en erradicar el hambre, pues la cifra se ha &hellip;<\/p>\n","protected":false},"author":1,"featured_media":63912,"comment_status":"open","ping_status":"open","sticky":false,"template":"","format":"standard","meta":{"fifu_image_url":"https:\/\/global.unitednations.entermediadb.net\/assets\/mediadb\/services\/module\/asset\/downloads\/preset\/Collections\/Production%20Library\/24-04-2026-UNICEF-South_Sudan_hunger.jpeg\/image770x420cropped.jpg","fifu_image_alt":"","footnotes":""},"categories":[3],"tags":[],"class_list":["post-63910","post","type-post","status-publish","format-standard","has-post-thumbnail","","category-negocio"],"_links":{"self":[{"href":"https:\/\/noticiasveraces.com\/index.php?rest_route=\/wp\/v2\/posts\/63910","targetHints":{"allow":["GET"]}}],"collection":[{"href":"https:\/\/noticiasveraces.com\/index.php?rest_route=\/wp\/v2\/posts"}],"about":[{"href":"https:\/\/noticiasveraces.com\/index.php?rest_route=\/wp\/v2\/types\/post"}],"author":[{"embeddable":true,"href":"https:\/\/noticiasveraces.com\/index.php?rest_route=\/wp\/v2\/users\/1"}],"replies":[{"embeddable":true,"href":"https:\/\/noticiasveraces.com\/index.php?rest_route=%2Fwp%2Fv2%2Fcomments&post=63910"}],"version-history":[{"count":0,"href":"https:\/\/noticiasveraces.com\/index.php?rest_route=\/wp\/v2\/posts\/63910\/revisions"}],"wp:featuredmedia":[{"embeddable":true,"href":"https:\/\/noticiasveraces.com\/index.php?rest_route=\/wp\/v2\/media\/63912"}],"wp:attachment":[{"href":"https:\/\/noticiasveraces.com\/index.php?rest_route=%2Fwp%2Fv2%2Fmedia&parent=63910"}],"wp:term":[{"taxonomy":"category","embeddable":true,"href":"https:\/\/noticiasveraces.com\/index.php?rest_route=%2Fwp%2Fv2%2Fcategories&post=63910"},{"taxonomy":"post_tag","embeddable":true,"href":"https:\/\/noticiasveraces.com\/index.php?rest_route=%2Fwp%2Fv2%2Ftags&post=63910"}],"curies":[{"name":"wp","href":"https:\/\/api.w.org\/{rel}","templated":true}]}}