{"id":63888,"date":"2026-04-27T02:58:30","date_gmt":"2026-04-27T06:58:30","guid":{"rendered":"https:\/\/noticiasveraces.com\/?p=63888"},"modified":"2026-04-27T02:58:30","modified_gmt":"2026-04-27T06:58:30","slug":"realizan-jornadas-de-salud-en-zonas-remotas-de-guayana-esequiba-correo-del-caroni","status":"publish","type":"post","link":"https:\/\/noticiasveraces.com\/?p=63888","title":{"rendered":"Realizan jornadas de salud en zonas remotas de Guayana Esequiba \u2013 Correo del Caron\u00ed"},"content":{"rendered":"<p> \n<\/p>\n<div>\n<p>En un esfuerzo por garantizar el bienestar en los sectores m\u00e1s vulnerables se realiz\u00f3 una jornada m\u00e9dica integral que benefici\u00f3 a m\u00e1s de 300 personas en la comunidad de El Guapo, llevando servicios b\u00e1sicos y medicinas a familias que anteriormente deb\u00edan recorrer largas distancias para recibir atenci\u00f3n.<\/p>\n<p>El operativo, impulsado por el Gobierno nacional a trav\u00e9s de la Gobernaci\u00f3n de la Guayana Esequiba y la Fundaci\u00f3n de Acci\u00f3n Social Esequibo, ofreci\u00f3 consultas en medicina general y pediatr\u00eda.<\/p>\n<p>M\u00e1s all\u00e1 del chequeo m\u00e9dico, la jornada incluy\u00f3 una respuesta material inmediata, realizaron la entrega de medicamentos con tratamientos gratuitos para pacientes de todas las edades.<\/p>\n<p>De igual manera realizaron la aplicaci\u00f3n de vacunas contra la fiebre amarilla, protegiendo a la poblaci\u00f3n de enfermedades end\u00e9micas. Y se logr\u00f3 la distribuci\u00f3n de pa\u00f1ales para ni\u00f1os y adultos mayores, atendiendo necesidades cr\u00edticas de las familias rurales.<\/p>\n<p>Julio Matos, autoridad \u00fanica de Salud, resalt\u00f3 que la gesti\u00f3n regional mantiene como prioridad alcanzar los rincones m\u00e1s alejados de la geograf\u00eda esequibana.<\/p>\n<p>\u201cNuestro compromiso es que ning\u00fan ciudadano se sienta olvidado; la salud es un derecho que estamos llevando a cada rinc\u00f3n del estado n\u00famero 24\u201d, afirm\u00f3.<\/p>\n<p>Para los residentes de El Guapo, este despliegue representa un cambio hist\u00f3rico, y manifestaron su satisfacci\u00f3n al ser la primera vez que una jornada de esta magnitud se instala en su comunidad, permitiendo que ni\u00f1os y ancianos recibieran atenci\u00f3n sin salir de su entorno.<\/p>\n<p>Estas acciones se mantendr\u00e1n de forma itinerante cada fin de semana, con el objetivo de seguir fortaleciendo el sistema de salud primaria en las zonas de dif\u00edcil acceso.<strong\/><\/p>\n<\/p><\/div>\n\n","protected":false},"excerpt":{"rendered":"<p>En un esfuerzo por garantizar el bienestar en los sectores m\u00e1s vulnerables se realiz\u00f3 una jornada m\u00e9dica integral que benefici\u00f3 a m\u00e1s de 300 personas en la comunidad de El Guapo, llevando servicios b\u00e1sicos y medicinas a familias que anteriormente deb\u00edan recorrer largas distancias para recibir atenci\u00f3n. El operativo, impulsado por el Gobierno nacional a &hellip;<\/p>\n","protected":false},"author":1,"featured_media":63889,"comment_status":"open","ping_status":"open","sticky":false,"template":"","format":"standard","meta":{"fifu_image_url":"https:\/\/correodelcaroni.com\/wp-content\/uploads\/2026\/04\/JORNADASM_GE.jpg","fifu_image_alt":"","footnotes":""},"categories":[4],"tags":[],"class_list":["post-63888","post","type-post","status-publish","format-standard","has-post-thumbnail","","category-historias-destacadas"],"_links":{"self":[{"href":"https:\/\/noticiasveraces.com\/index.php?rest_route=\/wp\/v2\/posts\/63888","targetHints":{"allow":["GET"]}}],"collection":[{"href":"https:\/\/noticiasveraces.com\/index.php?rest_route=\/wp\/v2\/posts"}],"about":[{"href":"https:\/\/noticiasveraces.com\/index.php?rest_route=\/wp\/v2\/types\/post"}],"author":[{"embeddable":true,"href":"https:\/\/noticiasveraces.com\/index.php?rest_route=\/wp\/v2\/users\/1"}],"replies":[{"embeddable":true,"href":"https:\/\/noticiasveraces.com\/index.php?rest_route=%2Fwp%2Fv2%2Fcomments&post=63888"}],"version-history":[{"count":0,"href":"https:\/\/noticiasveraces.com\/index.php?rest_route=\/wp\/v2\/posts\/63888\/revisions"}],"wp:featuredmedia":[{"embeddable":true,"href":"https:\/\/noticiasveraces.com\/index.php?rest_route=\/wp\/v2\/media\/63889"}],"wp:attachment":[{"href":"https:\/\/noticiasveraces.com\/index.php?rest_route=%2Fwp%2Fv2%2Fmedia&parent=63888"}],"wp:term":[{"taxonomy":"category","embeddable":true,"href":"https:\/\/noticiasveraces.com\/index.php?rest_route=%2Fwp%2Fv2%2Fcategories&post=63888"},{"taxonomy":"post_tag","embeddable":true,"href":"https:\/\/noticiasveraces.com\/index.php?rest_route=%2Fwp%2Fv2%2Ftags&post=63888"}],"curies":[{"name":"wp","href":"https:\/\/api.w.org\/{rel}","templated":true}]}}