{"id":63883,"date":"2026-04-27T02:42:37","date_gmt":"2026-04-27T06:42:37","guid":{"rendered":"https:\/\/noticiasveraces.com\/?p=63883"},"modified":"2026-04-27T02:42:37","modified_gmt":"2026-04-27T06:42:37","slug":"rafa-jodar-gana-a-fonseca-el-duelo-del-futuro-y-se-mete-en-octavos-en-madrid","status":"publish","type":"post","link":"https:\/\/noticiasveraces.com\/?p=63883","title":{"rendered":"Rafa J\u00f3dar gana a Fonseca el duelo del futuro y se mete en octavos en Madrid"},"content":{"rendered":"<p> \n<\/p>\n<div id=\"intext\">\n<p>Rafael J\u00f3dar firm\u00f3 en la madrugada del domingo la victoria m\u00e1s destacada del Mutua Madrid Open al imponerse al brasile\u00f1o Joao Fonseca (7-6(4), 4-6, 6-1). El madrile\u00f1o, de 19 a\u00f1os, super\u00f3 un exigente duelo generacional en la pista Manolo Santana para alcanzar por primera vez los octavos de final de un Masters 1.000, donde se enfrentar\u00e1 al checo V\u00edt Kopriva.<\/p>\n<p>El choque cumpli\u00f3 con las expectativas de un enfrentamiento llamado a marcar \u00e9poca. Ambos jugadores ofrecieron un arranque el\u00e9ctrico, con intercambios de alta intensidad en los que J\u00f3dar logr\u00f3 el primer <i>romper<\/i>aunque no pudo consolidarlo. El set se decidi\u00f3 en el <i>desempate<\/i>donde el espa\u00f1ol mostr\u00f3 mayor solidez para adelantarse en el luminoso.<\/p>\n<p>En el segundo parcial el madrile\u00f1o volvi\u00f3 a sufrir una desconexi\u00f3n. Cedi\u00f3 su saque en el inicio y, pese a disponer de una oportunidad de rotura, el medi\u00e1tico tenista brasile\u00f1o mantuvo su ventaja para forzar el tercer set. Fonseca, con m\u00e1s experiencia en el circuito y n\u00famero 31 del ranking ATP, parec\u00eda tomar el control en ese momento del partido.<\/p>\n<h2 class=\"title-h2\">Reacci\u00f3n en el tercer set<\/h2>\n<p>Sin embargo, J\u00f3dar reaccion\u00f3 con autoridad. Pese a arrastrar molestias f\u00edsicas, recuper\u00f3 su mejor nivel en el set definitivo. Logr\u00f3 un <i>romper <\/i>temprano que desestabiliz\u00f3 a Fonseca, quien lleg\u00f3 a destrozar su raqueta tras verse por debajo. El de Legan\u00e9s elev\u00f3 su intensidad y encaden\u00f3 juegos hasta colocar un contundente 5-0 que dej\u00f3 sentenciado el encuentro.<\/p>\n<p>\u00abSab\u00eda que ten\u00eda que jugar mi juego en el tercer set y ha salido rodado, muy contento con ese nivel en el tercer set. Sab\u00eda que Fonseca era un rival dur\u00edsimo, que ten\u00eda que hacer las cosas bien si quer\u00eda llevarme este partido\u00bb, explic\u00f3 tras el encuentro.<\/p>\n<p>El jugador de Legan\u00e9s, que ya hab\u00eda dado la sorpresa d\u00edas antes con su primera victoria ante un Top 10, sigue consolidando su irrupci\u00f3n en el circuito en su primer a\u00f1o como profesional. \u00abYa veremos, el tiempo dir\u00e1. Ha sido un partido muy igualado, de un gran nivel por parte de los dos\u00bb, afirm\u00f3 sobre la posible rivalidad futura con Fonseca.<\/p>\n<h2 class=\"title-h2\">\u00abMe tengo que adaptar\u00bb<\/h2>\n<p>\u00abMuy contento con la victoria. Ha sido un partido muy igualado. Fonseca viene haciendo las cosas muy bien tambi\u00e9n esta temporada, tambi\u00e9n quiero desearle lo mejor, tiene una carrera brillante\u00bb, abund\u00f3.<\/p>\n<p>Con la mirada puesta en la siguiente ronda, el espa\u00f1ol se mostr\u00f3 centrado: \u00abEl siguiente partido son octavos, hay que enfocarse en el martes y partido a partido. Ten\u00eda que subir mi nivel, a pensar en el siguiente\u00bb.<\/p>\n<p>J\u00f3dar tambi\u00e9n rest\u00f3 importancia a los problemas f\u00edsicos, \u00abunas peque\u00f1as molestias\u00bb, y dej\u00f3 claro que se adaptar\u00e1 a cualquier circunstancia del torneo: \u00abMe tengo que adaptar\u00bb.<\/p>\n<p><i>S\u00edguenos en nuestro <\/i><i><strong>canal de WhatsApp<\/strong><\/i><i>  y no te pierdas la \u00faltima hora y toda la actualidad en nuestro <\/i><b><i>perfil de Google<\/i>.<\/b><\/p>\n<div class=\"recirculation-video\" data-mod=\"a3mod_recirculation_video\">\n<div class=\"recirculation-video-wrapper\">\n<div>\n<div class=\"video-wrapper\">\n  <picture class=\"video-main-picture\"><source media=\"(min-width: 481px)\" srcset=\"https:\/\/fotografias.antena3.com\/clipping\/cmsimages02\/2026\/04\/19\/AE2131E9-56B7-498D-8B74-3161BF452876\/momento-accidente-rally-cordoba_94.jpg?crop=718,404,x0,y73&amp;width=800&amp;height=450&amp;optimize=medium&amp;format=webply\" width=\"800\" height=\"450\"><source media=\"(min-width: 391px) and (max-width: 480px)\" srcset=\"https:\/\/fotografias.antena3.com\/clipping\/cmsimages02\/2026\/04\/19\/AE2131E9-56B7-498D-8B74-3161BF452876\/momento-accidente-rally-cordoba_70.jpg?crop=718,404,x0,y73&amp;width=480&amp;height=270&amp;optimize=high&amp;format=webply\" width=\"480\" height=\"270\"><source media=\"(min-width: 321px) and (max-width: 390px)\" srcset=\"https:\/\/fotografias.antena3.com\/clipping\/cmsimages02\/2026\/04\/19\/AE2131E9-56B7-498D-8B74-3161BF452876\/momento-accidente-rally-cordoba_92.jpg?crop=718,403,x0,y73&amp;width=390&amp;height=219&amp;optimize=high&amp;format=webply\" width=\"390\" height=\"219\"><source media=\"(max-width: 320px)\" srcset=\"https:\/\/fotografias.antena3.com\/clipping\/cmsimages02\/2026\/04\/19\/AE2131E9-56B7-498D-8B74-3161BF452876\/momento-accidente-rally-cordoba_52.jpg?crop=718,404,x0,y73&amp;width=320&amp;height=180&amp;optimize=high&amp;format=webply\" width=\"320\" height=\"180\"><img decoding=\"async\" title=\"Momento del accidente en el Rally de C\u00f3rdoba\" alt=\"Momento del accidente en el Rally de C\u00f3rdoba\" width=\"480\" height=\"270\" src=\"https:\/\/fotografias.antena3.com\/clipping\/cmsimages02\/2026\/04\/19\/AE2131E9-56B7-498D-8B74-3161BF452876\/momento-accidente-rally-cordoba_70.jpg?crop=718,404,x0,y73&amp;width=480&amp;height=270&amp;optimize=high&amp;format=webply\" loading=\"lazy\" class=\"lazy\"\/><br \/>\n  <\/source><\/source><\/source><\/source><\/picture>\n <\/div>\n<\/div><\/div>\n<\/p><\/div>\n<\/div>\n\n","protected":false},"excerpt":{"rendered":"<p>Rafael J\u00f3dar firm\u00f3 en la madrugada del domingo la victoria m\u00e1s destacada del Mutua Madrid Open al imponerse al brasile\u00f1o Joao Fonseca (7-6(4), 4-6, 6-1). El madrile\u00f1o, de 19 a\u00f1os, super\u00f3 un exigente duelo generacional en la pista Manolo Santana para alcanzar por primera vez los octavos de final de un Masters 1.000, donde se &hellip;<\/p>\n","protected":false},"author":1,"featured_media":63885,"comment_status":"open","ping_status":"open","sticky":false,"template":"","format":"standard","meta":{"fifu_image_url":"https:\/\/fotografias.antena3.com\/clipping\/cmsimages02\/2026\/04\/27\/F8C0C74B-203B-4BB0-B1C3-89A43032B317\/rafa-jodar-celebra-victoria-fonseca-caja-magica_69.jpg?crop=1920,1080,x0,y0&width=1280&height=720&optimize=low&format=jpg","fifu_image_alt":"","footnotes":""},"categories":[6],"tags":[],"class_list":["post-63883","post","type-post","status-publish","format-standard","has-post-thumbnail","","category-deportes"],"_links":{"self":[{"href":"https:\/\/noticiasveraces.com\/index.php?rest_route=\/wp\/v2\/posts\/63883","targetHints":{"allow":["GET"]}}],"collection":[{"href":"https:\/\/noticiasveraces.com\/index.php?rest_route=\/wp\/v2\/posts"}],"about":[{"href":"https:\/\/noticiasveraces.com\/index.php?rest_route=\/wp\/v2\/types\/post"}],"author":[{"embeddable":true,"href":"https:\/\/noticiasveraces.com\/index.php?rest_route=\/wp\/v2\/users\/1"}],"replies":[{"embeddable":true,"href":"https:\/\/noticiasveraces.com\/index.php?rest_route=%2Fwp%2Fv2%2Fcomments&post=63883"}],"version-history":[{"count":0,"href":"https:\/\/noticiasveraces.com\/index.php?rest_route=\/wp\/v2\/posts\/63883\/revisions"}],"wp:featuredmedia":[{"embeddable":true,"href":"https:\/\/noticiasveraces.com\/index.php?rest_route=\/wp\/v2\/media\/63885"}],"wp:attachment":[{"href":"https:\/\/noticiasveraces.com\/index.php?rest_route=%2Fwp%2Fv2%2Fmedia&parent=63883"}],"wp:term":[{"taxonomy":"category","embeddable":true,"href":"https:\/\/noticiasveraces.com\/index.php?rest_route=%2Fwp%2Fv2%2Fcategories&post=63883"},{"taxonomy":"post_tag","embeddable":true,"href":"https:\/\/noticiasveraces.com\/index.php?rest_route=%2Fwp%2Fv2%2Ftags&post=63883"}],"curies":[{"name":"wp","href":"https:\/\/api.w.org\/{rel}","templated":true}]}}