{"id":63864,"date":"2026-04-26T22:34:45","date_gmt":"2026-04-27T02:34:45","guid":{"rendered":"https:\/\/noticiasveraces.com\/?p=63864"},"modified":"2026-04-26T22:34:45","modified_gmt":"2026-04-27T02:34:45","slug":"asciende-a-nueve-la-cifra-de-muertos-por-accidente-en-carretera-merida-barinas-correo-del-caroni","status":"publish","type":"post","link":"https:\/\/noticiasveraces.com\/?p=63864","title":{"rendered":"Asciende a nueve la cifra de muertos por accidente en carretera M\u00e9rida-Barinas \u2013 Correo del Caron\u00ed"},"content":{"rendered":"<p> \n<\/p>\n<div data-id=\"494a3404\" data-element_type=\"widget\" data-e-type=\"widget\" id=\"texto\" data-widget_type=\"theme-post-content.default\">\n<div class=\"elementor-widget-container\">\n<p>La cifra de fallecidos por un accidente de autob\u00fas ocurrido en la carretera M\u00e9rida-Barinas ascendi\u00f3 a nueve. Los cuerpos de seguridad trabajan en la zona para recuperar todos los cuerpos.<\/p>\n<p>Un fatal accidente se registr\u00f3 en horas de la tarde de este 25 de abril cuando un autob\u00fas se volc\u00f3 y cay\u00f3 por un precipicio en el sector Velo de la Novia, municipio Cardenal Quintero, estado M\u00e9rida.<\/p>\n<p>Ante la dificultad del accidente, las labores de b\u00fasqueda de los cuerpos se han extendido hasta este domingo. En el sitio trabajan funcionarios del Cuerpo de Bomberos, Protecci\u00f3n Civil y el Cuerpo de Investigaciones Cient\u00edficas, Penales y Criminal\u00edsticas (Cicpc).<\/p>\n<p class=\"has-medium-font-size\"><strong>Identifican a las v\u00edctimas<\/strong><\/p>\n<p>Entre los fallecidos se encuentra el conductor de la unidad de transporte de la l\u00ednea Uni\u00f3n-T\u00e1chira, Germ\u00e1n Altuve. La directiva de la empresa emiti\u00f3 una nota de duelo por la muerte del trabajador.<\/p>\n<p>Adem\u00e1s, familiares identificaron en la morgue del hospital Santo Domingo a otros cinco fallecidos. Se tratan de Yosman Toro, C\u00e9sar Rangel, Giorian Jes\u00fas Rojas, Edilia Rinc\u00f3n y el m\u00fasico tachirense Jos\u00e9 Rafael Saavedra. Por el momento no han identificado a los otros tres fallecidos.<\/p>\n<p>En el accidente resultaron heridas tres personas, dos son atendidas en hospitales en M\u00e9rida y una en Barinas.<\/p>\n<p>Familiares de personas que no han sido localizadas permanecen en las inmediaciones de la morgue a la espera de informaci\u00f3n oficial.<\/p>\n<p>En un comunicado oficial se inform\u00f3 que los equipos multidisciplinarios trabajan de manera ininterrumpida en condiciones adversas. Se conoci\u00f3 que, para mantener las labores, mantienen restricciones estrictas en la circulaci\u00f3n por la v\u00eda. Por este motivo, las autoridades instaron a los conductores a evitar transitar por estas rutas para evitar obstaculizar el desplazamiento de los veh\u00edculos de atenci\u00f3n de emergencias.<\/p>\n<\/p><\/div>\n<\/p><\/div>\n\n","protected":false},"excerpt":{"rendered":"<p>La cifra de fallecidos por un accidente de autob\u00fas ocurrido en la carretera M\u00e9rida-Barinas ascendi\u00f3 a nueve. Los cuerpos de seguridad trabajan en la zona para recuperar todos los cuerpos. Un fatal accidente se registr\u00f3 en horas de la tarde de este 25 de abril cuando un autob\u00fas se volc\u00f3 y cay\u00f3 por un precipicio &hellip;<\/p>\n","protected":false},"author":1,"featured_media":63865,"comment_status":"open","ping_status":"open","sticky":false,"template":"","format":"standard","meta":{"fifu_image_url":"https:\/\/correodelcaroni.com\/wp-content\/uploads\/2026\/04\/MERIDA_bus_accidente2.jpg","fifu_image_alt":"","footnotes":""},"categories":[13],"tags":[],"class_list":["post-63864","post","type-post","status-publish","format-standard","has-post-thumbnail","","category-mundo"],"_links":{"self":[{"href":"https:\/\/noticiasveraces.com\/index.php?rest_route=\/wp\/v2\/posts\/63864","targetHints":{"allow":["GET"]}}],"collection":[{"href":"https:\/\/noticiasveraces.com\/index.php?rest_route=\/wp\/v2\/posts"}],"about":[{"href":"https:\/\/noticiasveraces.com\/index.php?rest_route=\/wp\/v2\/types\/post"}],"author":[{"embeddable":true,"href":"https:\/\/noticiasveraces.com\/index.php?rest_route=\/wp\/v2\/users\/1"}],"replies":[{"embeddable":true,"href":"https:\/\/noticiasveraces.com\/index.php?rest_route=%2Fwp%2Fv2%2Fcomments&post=63864"}],"version-history":[{"count":0,"href":"https:\/\/noticiasveraces.com\/index.php?rest_route=\/wp\/v2\/posts\/63864\/revisions"}],"wp:featuredmedia":[{"embeddable":true,"href":"https:\/\/noticiasveraces.com\/index.php?rest_route=\/wp\/v2\/media\/63865"}],"wp:attachment":[{"href":"https:\/\/noticiasveraces.com\/index.php?rest_route=%2Fwp%2Fv2%2Fmedia&parent=63864"}],"wp:term":[{"taxonomy":"category","embeddable":true,"href":"https:\/\/noticiasveraces.com\/index.php?rest_route=%2Fwp%2Fv2%2Fcategories&post=63864"},{"taxonomy":"post_tag","embeddable":true,"href":"https:\/\/noticiasveraces.com\/index.php?rest_route=%2Fwp%2Fv2%2Ftags&post=63864"}],"curies":[{"name":"wp","href":"https:\/\/api.w.org\/{rel}","templated":true}]}}