{"id":63849,"date":"2026-04-26T20:56:47","date_gmt":"2026-04-27T00:56:47","guid":{"rendered":"https:\/\/noticiasveraces.com\/?p=63849"},"modified":"2026-04-26T20:56:47","modified_gmt":"2026-04-27T00:56:47","slug":"delcy-rodriguez-llego-a-barbados-para-profundizar-la-cooperacion-bilateral-albertonews","status":"publish","type":"post","link":"https:\/\/noticiasveraces.com\/?p=63849","title":{"rendered":"Delcy Rodr\u00edguez lleg\u00f3 a Barbados para \u00abprofundizar la cooperaci\u00f3n bilateral\u00bb &#8211; AlbertoNews"},"content":{"rendered":"<p> \n<\/p>\n<div>\n<p data-path-to-node=\"7\">La presidenta encargada, Delcy Rodr\u00edguez, arrib\u00f3 este domingo al Aeropuerto Internacional Grantley Adams en Bridgetown, Barbados, para iniciar una agenda de trabajo estrat\u00e9gica orientada a profundizar la cooperaci\u00f3n bilateral y la hermandad caribe\u00f1a.<\/p>\n<p data-path-to-node=\"7\"><strong>AVN<\/strong><\/p>\n<p data-path-to-node=\"8\">Acompa\u00f1ada por una delegaci\u00f3n que incluye al vicepresidente sectorial de Comunicaci\u00f3n y Cultura, Miguel \u00c1ngel P\u00e9rez Pirela; el ministro del Despacho de la Presidencia, Juan Francisco Escalona; y el viceministro para el Caribe, Ra\u00fal Li Causi, la mandataria fue recibida con honores militares correspondientes a su investidura como<strong> jefa de Estado<\/strong>.<\/p>\n<p data-path-to-node=\"9\">Esta es la primera vez que Rodr\u00edguez visita la naci\u00f3n insular desde que asumi\u00f3 la presidencia encargada en enero de 2026. Asimismo, representa su segundo viaje internacional tras su reciente gira por Granada, consolidando la presencia diplom\u00e1tica de Venezuela en el Caribe en menos de un mes.<\/p>\n<p data-path-to-node=\"11\">Se espera que este lunes 27 de abril se desarrollen las reuniones bilaterales bajo los principios de solidaridad y respeto mutuo, con el fin de abordar temas de inter\u00e9s com\u00fan en materia econ\u00f3mica, cultural y pol\u00edtica.<\/p>\n<p><strong>Si quieres recibir en tu celular esta y otras informaciones descarga Telegram, ingresa al link <\/strong><strong>https:\/\/t.me\/albertorodnews<\/strong><strong> y dale click a +Unirme.  <\/strong><\/p>\n<p><strong>Alberto Noticias<\/strong><\/p>\n<\/div>\n\n","protected":false},"excerpt":{"rendered":"<p>La presidenta encargada, Delcy Rodr\u00edguez, arrib\u00f3 este domingo al Aeropuerto Internacional Grantley Adams en Bridgetown, Barbados, para iniciar una agenda de trabajo estrat\u00e9gica orientada a profundizar la cooperaci\u00f3n bilateral y la hermandad caribe\u00f1a. AVN Acompa\u00f1ada por una delegaci\u00f3n que incluye al vicepresidente sectorial de Comunicaci\u00f3n y Cultura, Miguel \u00c1ngel P\u00e9rez Pirela; el ministro del Despacho &hellip;<\/p>\n","protected":false},"author":1,"featured_media":63850,"comment_status":"open","ping_status":"open","sticky":false,"template":"","format":"standard","meta":{"fifu_image_url":"https:\/\/cdn.albertonews.com\/wp-content\/uploads\/2026\/04\/delcy-barbados-2.webp","fifu_image_alt":"","footnotes":""},"categories":[4],"tags":[],"class_list":["post-63849","post","type-post","status-publish","format-standard","has-post-thumbnail","","category-historias-destacadas"],"_links":{"self":[{"href":"https:\/\/noticiasveraces.com\/index.php?rest_route=\/wp\/v2\/posts\/63849","targetHints":{"allow":["GET"]}}],"collection":[{"href":"https:\/\/noticiasveraces.com\/index.php?rest_route=\/wp\/v2\/posts"}],"about":[{"href":"https:\/\/noticiasveraces.com\/index.php?rest_route=\/wp\/v2\/types\/post"}],"author":[{"embeddable":true,"href":"https:\/\/noticiasveraces.com\/index.php?rest_route=\/wp\/v2\/users\/1"}],"replies":[{"embeddable":true,"href":"https:\/\/noticiasveraces.com\/index.php?rest_route=%2Fwp%2Fv2%2Fcomments&post=63849"}],"version-history":[{"count":0,"href":"https:\/\/noticiasveraces.com\/index.php?rest_route=\/wp\/v2\/posts\/63849\/revisions"}],"wp:featuredmedia":[{"embeddable":true,"href":"https:\/\/noticiasveraces.com\/index.php?rest_route=\/wp\/v2\/media\/63850"}],"wp:attachment":[{"href":"https:\/\/noticiasveraces.com\/index.php?rest_route=%2Fwp%2Fv2%2Fmedia&parent=63849"}],"wp:term":[{"taxonomy":"category","embeddable":true,"href":"https:\/\/noticiasveraces.com\/index.php?rest_route=%2Fwp%2Fv2%2Fcategories&post=63849"},{"taxonomy":"post_tag","embeddable":true,"href":"https:\/\/noticiasveraces.com\/index.php?rest_route=%2Fwp%2Fv2%2Ftags&post=63849"}],"curies":[{"name":"wp","href":"https:\/\/api.w.org\/{rel}","templated":true}]}}