{"id":63809,"date":"2026-04-26T15:25:40","date_gmt":"2026-04-26T19:25:40","guid":{"rendered":"https:\/\/noticiasveraces.com\/?p=63809"},"modified":"2026-04-26T15:25:40","modified_gmt":"2026-04-26T19:25:40","slug":"colombia-una-ola-de-violencia-marca-la-recta-final-hacia-las-elecciones-presidenciales","status":"publish","type":"post","link":"https:\/\/noticiasveraces.com\/?p=63809","title":{"rendered":"Colombia: una ola de violencia marca la recta final hacia las elecciones presidenciales"},"content":{"rendered":"<p> \n<br \/><img decoding=\"async\" src=\"https:\/\/s.france24.com\/media\/display\/0ff7d600-417a-11f1-9327-005056bfb2b6\/w:1024\/p:16x9\/2026-04-26T133606Z-1665061850-RC20XKAETLFZ-RTRMADP-3-COLOMBIA-VIOLENCE.jpg\" \/><\/p>\n<div>\n<p>Colombia\u00a0 enfrenta un repunte de la violencia y el auge de ataques contra civiles y militares en un momento crucial para el pa\u00eds, que celebrar\u00e1 el pr\u00f3ximo 31 de mayo elecciones presidenciales.<\/p>\n<p>El s\u00e1bado 25 de abril, un ataque perpetrado en la v\u00eda Panamericana mat\u00f3 a 19 personas, seg\u00fan la m\u00e1s reciente informaci\u00f3n del domingo. Incialmente el s\u00e1bado se contabilizaban 14 muertos. Seg\u00fan el Ej\u00e9rcito, un cilindro cargado con explosivos fue lanzado por guerrilleros y deton\u00f3 en plena carretera, en una zona conocida como El T\u00fanel, en el municipio de Cajib\u00edo, a casi 35 kil\u00f3metros de la ciudad de Popay\u00e1n, capital del departamento del Cauca.<\/p>\n<p>La explosi\u00f3n y su impacto<strong> mataron a los pasajeros de un autob\u00fas, caus\u00f3 da\u00f1os a otros 15 veh\u00edculos que recorr\u00edan la v\u00eda y provoc\u00f3 un enorme cr\u00e1ter en el pavimento, <\/strong>seg\u00fan las primeras im\u00e1genes y videos difundidos por testigos y \u00a0autoridades locales.<\/p>\n<p>En otro incidente,<strong> hombres armados atacaron este s\u00e1bado el radar ubicado en el Cerro Santana, en la localidad colombiana de El Tambo<\/strong>del departamento del Cauca (suroeste), usado para controlar el tr\u00e1fico a\u00e9reo en esa regi\u00f3n del pa\u00eds.<\/p>\n<p>El d\u00eda anterior, ocurrieron<strong> dos ataques contra instalaciones militares en Cali y Palmira, en el Valle del Cauca. <\/strong>Un veh\u00edculo cargado con explosivos estall\u00f3 cerca del Batall\u00f3n Pichincha, una unidad militar que tambi\u00e9n alberga la sede de la Tercera Brigada del Ej\u00e9rcito, y el Batall\u00f3n de Ingenieros Agust\u00edn Codazzi, en Palmira. Ataques que, en ambos casos, no causaron v\u00edctimas<\/p>\n<p>El Estado colombiano atribuye esta violencia a grupos armados ilegales y disidencias del grupo guerrillero FARC y las milicias del Ej\u00e9rcito de Liberaci\u00f3n Nacional (ELN).<\/p>\n<p>Las autoridades atribuyeron los ataques en Cali y Palmira a la columna \u2018Jaime Mart\u00ednez\u2019, que hace parte del Estado Mayor Central (EMC), la principal disidencia de las FARC, dirigida por alias Iv\u00e1n Mordisco, el hombre m\u00e1s buscado de Colombia.<\/p>\n<p>El gobernador del Cauca, Octavio Guzm\u00e1n \u2014que vincul\u00f3 el ataque del s\u00e1bado en la Panamericana a una \u00abescalada terrorista\u00bb\u2014 declar\u00f3 que el ataque fue uno de varios actos perpetrados en el departamento durante el s\u00e1bado en otros sectores: El Tambo, Caloto, Popay\u00e1n, Guachen\u00e9, Mercaderes y Miranda. <\/p>\n<div id=\"em-WBMZ386747-F24-ES-20260426\" class=\"m-em-flash\" data-xtwitter-script=\"\"><figcaption class=\"a-figcaption\">\n<\/figcaption><div class=\"o-em-consent \">\n<div class=\"o-em-consent__content\">\n<p class=\"o-em-consent__content__text\">Para mostrar este contenido de X (Twitter), debe autorizar las cookies de medici\u00f3n de audiencia y publicidad.<\/p>\n<p>        <button class=\"a-master-button a-master-button--dark\" data-action=\"accept\"><\/p>\n<p>            Aceptar<br \/>\n                            <svg class=\"a-svg a-svg--icon-check\">\n    <use xlink:href=\"http:\/\/www.france24.com\/build\/images\/svg\/sprite.c98bf387c90bc4a87186b0b783f15ba0.svg#icon-check\" href=\"http:\/\/www.france24.com\/build\/images\/svg\/sprite.c98bf387c90bc4a87186b0b783f15ba0.svg#icon-check\"\/>\n  <\/svg><br \/>\n        <\/button><br \/>\n        <button class=\"a-link\" data-action=\"manage\">Gestionar mis opciones<i class=\"a-svg a-svg--icon-edit\"\/><\/button>\n    <\/div>\n<\/div>\n<\/div>\n<p>\u201cNos enfrentamos a una escalada terrorista que exige respuestas inmediatas. Exigimos acciones contundentes, sostenidas y efectivas del gobierno nacional ante la grave crisis de orden p\u00fablico que estamos viviendo\u2026 Esto es una ofensiva directa contra la vida, contra un pueblo indefenso. No vamos a permitir que los violentos sigan imponiendo el miedo y desafiando al Estado\u201d, escribi\u00f3 en un mensaje difundido en la red social X.<\/p>\n<p>A esta declaraci\u00f3n sigui\u00f3 tambi\u00e9n la del Comandante General de las Fuerzas Militares, general Hugo Alejandro L\u00f3pez Barreto, para quien el repunte de la violencia en el pa\u00eds es consecuencia directa de la acci\u00f3n del Estado contra los grupos ilegales y milicias, que se multiplicaron tras la firma del acuerdo de paz con las FARC y mantienen una constante guerra por el control de territorios y v\u00edas de tr\u00e1nsito de droga.<\/p>\n<p>\u201cEvidentemente, estos actos de terrorismo son una reacci\u00f3n directa a la contundencia de nuestras operaciones militares. La presi\u00f3n sostenida que venimos ejerciendo ha afectado de manera significativa sus econom\u00edas il\u00edcitas, especialmente el narcotr\u00e1fico, as\u00ed como su accionar delictivo\u201d, afirm\u00f3 en una conferencia de prensa el s\u00e1bado, que fue tambi\u00e9n difundida en X.<\/p>\n<div id=\"em-WBMZ386749-F24-ES-20260426\" class=\"m-em-flash\" data-xtwitter-script=\"\"><figcaption class=\"a-figcaption\">\n<\/figcaption><div class=\"o-em-consent \">\n<div class=\"o-em-consent__content\">\n<p class=\"o-em-consent__content__text\">Para mostrar este contenido de X (Twitter), debe autorizar las cookies de medici\u00f3n de audiencia y publicidad.<\/p>\n<p>        <button class=\"a-master-button a-master-button--dark\" data-action=\"accept\"><\/p>\n<p>            Aceptar<br \/>\n                            <svg class=\"a-svg a-svg--icon-check\">\n    <use xlink:href=\"http:\/\/www.france24.com\/build\/images\/svg\/sprite.c98bf387c90bc4a87186b0b783f15ba0.svg#icon-check\" href=\"http:\/\/www.france24.com\/build\/images\/svg\/sprite.c98bf387c90bc4a87186b0b783f15ba0.svg#icon-check\"\/>\n  <\/svg><br \/>\n        <\/button><br \/>\n        <button class=\"a-link\" data-action=\"manage\">Gestionar mis opciones<i class=\"a-svg a-svg--icon-edit\"\/><\/button>\n    <\/div>\n<\/div>\n<\/div>\n<p>L\u00f3pez Barreto tambi\u00e9n afirm\u00f3 que hab\u00eda ordenado el despliegue inmediato de unidades y operaciones militares conjuntas \u201ccon el prop\u00f3sito de restablecer el control militar territorial y proteger a la poblaci\u00f3n\u201d.<\/p>\n<p>En el departamento del Cauca operan distintos grupos armados ilegales, entre ellos varios frentes de disidencias de las FARC y la guerrilla del Ej\u00e9rcito de Liberaci\u00f3n Nacional (ELN), as\u00ed como bandas de narcotraficantes que se disputan zonas estrat\u00e9gicas de esa regi\u00f3n que es una importante salida al oc\u00e9ano Pac\u00edfico para el tr\u00e1fico de drogas.<\/p>\n<h2><strong>Terrorismo, violencia y responsabilidades <\/strong><\/h2>\n<p>El presidente Gustavo Petro tild\u00f3 de \u00abterroristas, fascistas y narcotraficantes\u00bb a los responsables del ataque en la v\u00eda Panamericana, a la altura del municipio de Cajib\u00edo, Cauca. El mandatario \u2014el primero de izquierdas en el pa\u00eds y que acabar\u00e1 su mandato en agosto\u2014 asegur\u00f3 que los grupos buscan sembrar \u201cel miedo \u00a0en la poblaci\u00f3n a trav\u00e9s de la violencia\u00bb y sostuvo que ese temor es utilizado tanto por el narcotr\u00e1fico como por sectores extremistas para ejercer control territorial y pol\u00edtico.<\/p>\n<p>\u00abLos que atentaron y mataron a siete civiles e hirieron a 17 civiles m\u00e1s en Cajib\u00edo (&#8230;) son terroristas, fascistas y narcotraficantes\u00bb, escribi\u00f3 el mandatario en su cuenta de X, en la que responsabiliz\u00f3 del ataque a grupos armados bajo el mando de alias Marlon,\u00a0figura central de las disidencias de las FARC\u00a0y apodado el \u201camo de Jamund\u00ed\u201d, por su dominio sobre la estructura Jaime Mart\u00ednez. <\/p>\n<p>Petro, quien en su juventud milit\u00f3 en el movimiento guerrillero urbano M-19, impuls\u00f3 una pol\u00edtica de &#8216;paz total&#8217; mediante negociaciones y ceses del fuego con distintos grupos armados, entre ellos guerrillas, bandas criminales y carteles del narcotr\u00e1fico. <\/p>\n<p>Sin embargo, diversos sectores de la oposici\u00f3n y analistas de seguridad cuestionan la efectividad de esta pol\u00edtica ante la persistencia de las acciones armadas en regiones como el Cauca.<\/p>\n<div id=\"em-WBMZ386753-F24-ES-20260426\" class=\"m-em-flash\" data-xtwitter-script=\"\"><figcaption class=\"a-figcaption\">\n<\/figcaption><div class=\"o-em-consent \">\n<div class=\"o-em-consent__content\">\n<p class=\"o-em-consent__content__text\">Para mostrar este contenido de X (Twitter), debe autorizar las cookies de medici\u00f3n de audiencia y publicidad.<\/p>\n<p>        <button class=\"a-master-button a-master-button--dark\" data-action=\"accept\"><\/p>\n<p>            Aceptar<br \/>\n                            <svg class=\"a-svg a-svg--icon-check\">\n    <use xlink:href=\"http:\/\/www.france24.com\/build\/images\/svg\/sprite.c98bf387c90bc4a87186b0b783f15ba0.svg#icon-check\" href=\"http:\/\/www.france24.com\/build\/images\/svg\/sprite.c98bf387c90bc4a87186b0b783f15ba0.svg#icon-check\"\/>\n  <\/svg><br \/>\n        <\/button><br \/>\n        <button class=\"a-link\" data-action=\"manage\">Gestionar mis opciones<i class=\"a-svg a-svg--icon-edit\"\/><\/button>\n    <\/div>\n<\/div>\n<\/div>\n<p>La candidata presidencial Paloma Valencia, miembro del partido de oposici\u00f3n de derecha Centro Democr\u00e1tico y originaria del Cauca, calific\u00f3 de \u00abterrorismo\u00bb el ataque perpetrado por la facci\u00f3n disidente FARC, que rechaz\u00f3 el acuerdo de paz en 2016 firmado con el presidente Juan Manuel Santos. <\/p>\n<p>\u00abEl gobierno del presidente Gustavo Petro no puede seguir minimizando la violencia ni desmantelando el Estado\u00bb, declar\u00f3. \u00abExigimos medidas inmediatas, pleno respaldo a nuestras Fuerzas Armadas y a la polic\u00eda, y resultados concretos\u00bb.<\/p>\n<p>No es la primera vez que la violencia aumenta en \u00e9poca de elecciones en Colombia. De hecho,<strong> las elecciones presidenciales y legislativas de 2022 fueron las m\u00e1s violentas en Colombia en los \u00faltimos 12 a\u00f1os, registrando un aumento del 109% <\/strong>en hechos de violencia en comparaci\u00f3n con 2018, seg\u00fan la Misi\u00f3n de Observaci\u00f3n Electoral.<\/p>\n<p>En aquel entonces, el deterioro de la seguridad se atribu\u00eda a la consolidaci\u00f3n de m\u00faltiples grupos armados que ocuparon los vac\u00edos de poder tras el proceso de paz con las FARC, siendo Los Urabe\u00f1os y el ELN los principales responsables de acciones violentas en departamentos estrat\u00e9gicos como Cauca, Nari\u00f1o y Choc\u00f3; mientras las disidencias de las FARC se enfocaron primordialmente en el control de las rutas del narcotr\u00e1fico, seg\u00fan informaron en su momento la Defensor\u00eda del Pueblo e InSight Crime. <\/p>\n<p>Con Reuters, AP, AFP, EFE y medios locales<\/p>\n<\/p><\/div>\n\n","protected":false},"excerpt":{"rendered":"<p>Colombia\u00a0 enfrenta un repunte de la violencia y el auge de ataques contra civiles y militares en un momento crucial para el pa\u00eds, que celebrar\u00e1 el pr\u00f3ximo 31 de mayo elecciones presidenciales. El s\u00e1bado 25 de abril, un ataque perpetrado en la v\u00eda Panamericana mat\u00f3 a 19 personas, seg\u00fan la m\u00e1s reciente informaci\u00f3n del domingo. &hellip;<\/p>\n","protected":false},"author":1,"featured_media":63811,"comment_status":"open","ping_status":"open","sticky":false,"template":"","format":"standard","meta":{"fifu_image_url":"https:\/\/s.france24.com\/media\/display\/0ff7d600-417a-11f1-9327-005056bfb2b6\/w:1280\/p:16x9\/2026-04-26T133606Z-1665061850-RC20XKAETLFZ-RTRMADP-3-COLOMBIA-VIOLENCE.jpg","fifu_image_alt":"","footnotes":""},"categories":[13],"tags":[],"class_list":["post-63809","post","type-post","status-publish","format-standard","has-post-thumbnail","","category-mundo"],"_links":{"self":[{"href":"https:\/\/noticiasveraces.com\/index.php?rest_route=\/wp\/v2\/posts\/63809","targetHints":{"allow":["GET"]}}],"collection":[{"href":"https:\/\/noticiasveraces.com\/index.php?rest_route=\/wp\/v2\/posts"}],"about":[{"href":"https:\/\/noticiasveraces.com\/index.php?rest_route=\/wp\/v2\/types\/post"}],"author":[{"embeddable":true,"href":"https:\/\/noticiasveraces.com\/index.php?rest_route=\/wp\/v2\/users\/1"}],"replies":[{"embeddable":true,"href":"https:\/\/noticiasveraces.com\/index.php?rest_route=%2Fwp%2Fv2%2Fcomments&post=63809"}],"version-history":[{"count":0,"href":"https:\/\/noticiasveraces.com\/index.php?rest_route=\/wp\/v2\/posts\/63809\/revisions"}],"wp:featuredmedia":[{"embeddable":true,"href":"https:\/\/noticiasveraces.com\/index.php?rest_route=\/wp\/v2\/media\/63811"}],"wp:attachment":[{"href":"https:\/\/noticiasveraces.com\/index.php?rest_route=%2Fwp%2Fv2%2Fmedia&parent=63809"}],"wp:term":[{"taxonomy":"category","embeddable":true,"href":"https:\/\/noticiasveraces.com\/index.php?rest_route=%2Fwp%2Fv2%2Fcategories&post=63809"},{"taxonomy":"post_tag","embeddable":true,"href":"https:\/\/noticiasveraces.com\/index.php?rest_route=%2Fwp%2Fv2%2Ftags&post=63809"}],"curies":[{"name":"wp","href":"https:\/\/api.w.org\/{rel}","templated":true}]}}