{"id":63800,"date":"2026-04-26T14:40:39","date_gmt":"2026-04-26T18:40:39","guid":{"rendered":"https:\/\/noticiasveraces.com\/?p=63800"},"modified":"2026-04-26T14:40:39","modified_gmt":"2026-04-26T18:40:39","slug":"muere-un-motorista-de-39-anos-mientras-se-dirigia-al-gp-de-jerez-de-moto-gp","status":"publish","type":"post","link":"https:\/\/noticiasveraces.com\/?p=63800","title":{"rendered":"Muere un motorista de 39 a\u00f1os mientras se dirig\u00eda al GP de Jerez de Moto GP"},"content":{"rendered":"<p> \n<\/p>\n<div id=\"intext\">\n<p>Un hombre de <b>39 a\u00f1os<\/b> ha fallecido este domingo por la ma\u00f1ana tras <b>sufrir un accidente con su moto en el Puerto de Santa Mar\u00eda<\/b> (C\u00e1diz) mientras se dirig\u00eda a presenciar la <b>carrera del GP de Moto GP de Jerez<\/b>.<\/p>\n<h2 class=\"title-h2\">Dos motoristas fallecidos cuando iban camino del GP de Jerez<\/h2>\n<p>El siniestro ha tenido lugar este domingo a <b>primera hora de la ma\u00f1ana<\/b>sobre las 8:24am, en la <b>Avenida de la Libertad<\/b>en una glorieta en direcci\u00f3n a Puerto Sherry.<\/p>\n<p>Un fallecimiento que se &#8216;<b>a<\/b>&#8216; a otro sucedido este pasado viernes en M\u00e1laga, donde otro motorista perdi\u00f3 la vida en la carretera A-369, a la altura de Atajate, cuando se dirig\u00eda tambi\u00e9n al Gran Premio de Jerez.<\/p>\n<p>Dos noticias tr\u00e1gicas en un fin de semana siempre marcado por los miles de desplazamientos en carretera, muchos de ellos motoristas, para presenciar en directo el GP de Jerez de Moto GP.<\/p>\n<h2 class=\"title-h2\">Victoria de Aleix y ca\u00edda de Marc en la vuelta 2<\/h2>\n<p>Una carrera que se ha llevado el peque\u00f1o de los hermanos M\u00e1rquez, Alix, despu\u00e9s de liderar toda la prueba y beneficiado por la ca\u00edda de su hermano Marc en la vuelta 2 cuando marchaba en segunda posici\u00f3n. Aleix se ha hecho en el circuito \u00c1ngel Nieto de Jerez de la Frontera con la primera victoria de la temporada 2026 por delante de Bezzecchi y di Giannantonio. Bezzecchi hab\u00eda ganado las tres carreras previas en Buriram, Goiania y Austin, aunque esta vez el subcampe\u00f3n del a\u00f1o pasado ha podido vencerle. Jorge Mart\u00edn, campe\u00f3n de 2024, fue cuarto en una carrera que <b>tampoco pudo acabar Pecco Bagnaia<\/b>.<\/p>\n<p><i>S\u00edguenos en nuestro <\/i><i><strong>canal de WhatsApp<\/strong><\/i><i>  y no te pierdas la \u00faltima hora y toda la actualidad en nuestro <\/i><i><strong>perfil de Google<\/strong><\/i><strong>.<\/strong><\/p>\n<div class=\"recirculation-video\" data-mod=\"a3mod_recirculation_video\">\n<div class=\"recirculation-video-wrapper\">\n<div>\n<div class=\"video-wrapper\">\n  <picture class=\"video-main-picture\"><source media=\"(min-width: 481px)\" srcset=\"https:\/\/fotografias.antena3.com\/clipping\/cmsimages02\/2026\/04\/23\/D1DF2D1D-A8F9-4371-BFEE-7BE60E65FCA9\/lamine-yamal-rompe-todo-apunta-que-perdera-que-resta-temporada-peligra-mundial-2026_94.jpg?crop=1920,1080,x0,y200&amp;width=800&amp;height=450&amp;optimize=medium&amp;format=webply\" width=\"800\" height=\"450\"><source media=\"(min-width: 391px) and (max-width: 480px)\" srcset=\"https:\/\/fotografias.antena3.com\/clipping\/cmsimages02\/2026\/04\/23\/D1DF2D1D-A8F9-4371-BFEE-7BE60E65FCA9\/lamine-yamal-rompe-todo-apunta-que-perdera-que-resta-temporada-peligra-mundial-2026_70.jpg?crop=1920,1080,x0,y200&amp;width=480&amp;height=270&amp;optimize=high&amp;format=webply\" width=\"480\" height=\"270\"><source media=\"(min-width: 321px) and (max-width: 390px)\" srcset=\"https:\/\/fotografias.antena3.com\/clipping\/cmsimages02\/2026\/04\/23\/D1DF2D1D-A8F9-4371-BFEE-7BE60E65FCA9\/lamine-yamal-rompe-todo-apunta-que-perdera-que-resta-temporada-peligra-mundial-2026_92.jpg?crop=1920,1078,x0,y202&amp;width=390&amp;height=219&amp;optimize=high&amp;format=webply\" width=\"390\" height=\"219\"><source media=\"(max-width: 320px)\" srcset=\"https:\/\/fotografias.antena3.com\/clipping\/cmsimages02\/2026\/04\/23\/D1DF2D1D-A8F9-4371-BFEE-7BE60E65FCA9\/lamine-yamal-rompe-todo-apunta-que-perdera-que-resta-temporada-peligra-mundial-2026_52.jpg?crop=1920,1080,x0,y200&amp;width=320&amp;height=180&amp;optimize=high&amp;format=webply\" width=\"320\" height=\"180\"><img decoding=\"async\" title=\"Lamine Yamal se rompe y todo apunta a que se perder\u00e1 lo que resta de temporada, peligra el Mundial 2026\" alt=\"Lamine Yamal se rompe y todo apunta a que se perder\u00e1 lo que resta de temporada, peligra el Mundial 2026\" width=\"480\" height=\"270\" src=\"https:\/\/fotografias.antena3.com\/clipping\/cmsimages02\/2026\/04\/23\/D1DF2D1D-A8F9-4371-BFEE-7BE60E65FCA9\/lamine-yamal-rompe-todo-apunta-que-perdera-que-resta-temporada-peligra-mundial-2026_70.jpg?crop=1920,1080,x0,y200&amp;width=480&amp;height=270&amp;optimize=high&amp;format=webply\" loading=\"lazy\" class=\"lazy\"\/><br \/>\n  <\/source><\/source><\/source><\/source><\/picture>\n <\/div>\n<\/div><\/div>\n<\/p><\/div>\n<\/div>\n\n","protected":false},"excerpt":{"rendered":"<p>Un hombre de 39 a\u00f1os ha fallecido este domingo por la ma\u00f1ana tras sufrir un accidente con su moto en el Puerto de Santa Mar\u00eda (C\u00e1diz) mientras se dirig\u00eda a presenciar la carrera del GP de Moto GP de Jerez. Dos motoristas fallecidos cuando iban camino del GP de Jerez El siniestro ha tenido lugar &hellip;<\/p>\n","protected":false},"author":1,"featured_media":63802,"comment_status":"open","ping_status":"open","sticky":false,"template":"","format":"standard","meta":{"fifu_image_url":"https:\/\/fotografias.antena3.com\/clipping\/cmsimages01\/2026\/04\/26\/515EA579-B33E-4F2E-B618-0FC5ADBCAF1F\/imagen-jerez-2026_69.jpg?crop=6000,3375,x0,y317&width=1280&height=720&optimize=low&format=jpg","fifu_image_alt":"","footnotes":""},"categories":[6],"tags":[],"class_list":["post-63800","post","type-post","status-publish","format-standard","has-post-thumbnail","","category-deportes"],"_links":{"self":[{"href":"https:\/\/noticiasveraces.com\/index.php?rest_route=\/wp\/v2\/posts\/63800","targetHints":{"allow":["GET"]}}],"collection":[{"href":"https:\/\/noticiasveraces.com\/index.php?rest_route=\/wp\/v2\/posts"}],"about":[{"href":"https:\/\/noticiasveraces.com\/index.php?rest_route=\/wp\/v2\/types\/post"}],"author":[{"embeddable":true,"href":"https:\/\/noticiasveraces.com\/index.php?rest_route=\/wp\/v2\/users\/1"}],"replies":[{"embeddable":true,"href":"https:\/\/noticiasveraces.com\/index.php?rest_route=%2Fwp%2Fv2%2Fcomments&post=63800"}],"version-history":[{"count":0,"href":"https:\/\/noticiasveraces.com\/index.php?rest_route=\/wp\/v2\/posts\/63800\/revisions"}],"wp:featuredmedia":[{"embeddable":true,"href":"https:\/\/noticiasveraces.com\/index.php?rest_route=\/wp\/v2\/media\/63802"}],"wp:attachment":[{"href":"https:\/\/noticiasveraces.com\/index.php?rest_route=%2Fwp%2Fv2%2Fmedia&parent=63800"}],"wp:term":[{"taxonomy":"category","embeddable":true,"href":"https:\/\/noticiasveraces.com\/index.php?rest_route=%2Fwp%2Fv2%2Fcategories&post=63800"},{"taxonomy":"post_tag","embeddable":true,"href":"https:\/\/noticiasveraces.com\/index.php?rest_route=%2Fwp%2Fv2%2Ftags&post=63800"}],"curies":[{"name":"wp","href":"https:\/\/api.w.org\/{rel}","templated":true}]}}