{"id":63744,"date":"2026-04-26T08:39:47","date_gmt":"2026-04-26T12:39:47","guid":{"rendered":"https:\/\/noticiasveraces.com\/?p=63744"},"modified":"2026-04-26T08:39:47","modified_gmt":"2026-04-26T12:39:47","slug":"muere-eneramo-exfutbolista-de-besiktas-a-los-40-anos-por-un-paro-cardiaco-en-pleno-partido","status":"publish","type":"post","link":"https:\/\/noticiasveraces.com\/?p=63744","title":{"rendered":"Muere Eneramo, exfutbolista de Besiktas, a los 40 a\u00f1os por un paro cardiaco en pleno partido"},"content":{"rendered":"<p> \n<\/p>\n<div id=\"intext\">\n<p>Miguel <b>Eneramo<\/b>exfubtolista nigeriano de equipos como Besiktas y Basaksehir <b>falleci\u00f3 <\/b>el pasado viernes <b>a los 40 a\u00f1os<\/b> tras <b>sufrir un paro cardiaco mientras disputaba un partido de f\u00fatbol <\/b>en Kaduna, Nigeria.<\/p>\n<p>\u00abNos entristece profundamente enterarnos del fallecimiento de Michael Eneramo. Extendemos nuestras condolencias a su familia y seres queridos. Descansa en paz, Michael\u00bb, escribi\u00f3 el Besiktas en un comunicado este viernes 24 de abril.<\/p>\n<p>Tal y como apuntan medios locales nigerianos, Eneramo disput\u00f3 la primera parte sin problema alguno pero fue en la segunda, concretamente en el minuto 50, cuando cay\u00f3 desplomado al suelo <b>presumiblemente por un problema cardiaco<\/b>.<\/p>\n<p>En ese momento entraron los servicios m\u00e9dicos e intentaron reanimarle, pero fue llevado de urgencia a un hospital y termin\u00f3 falleciendo.<\/p>\n<h2 class=\"title-h2\">Triunf\u00f3 en T\u00fanez y jug\u00f3 en muchos grandes de Turqu\u00eda<\/h2>\n<p>Eneramo destac\u00f3 en el Esperance de T\u00fanez llegando a <b>marcar 65 goles en 110 partidos <\/b>y siendo m\u00e1ximo goleador de la Liga en dos temporadas consecutivas (2009 y 2010). Adem\u00e1s tuvo una dilatada carrera en el f\u00fatbol turco, donde pas\u00f3 por grandes equipos como <b>Besiktas, Basaksehir, Karab\u00fckspor y Sivasspor<\/b>.<\/p>\n<p>Fue internacional por Nigeria jugando once partidos y anotando tres goles. No obstante, no pudo participar en el Mundial de Sud\u00e1frica 2010 ni en la Copa \u00c1frica.<\/p>\n<p><i>S\u00edguenos en nuestro <\/i><i><strong>canal de WhatsApp<\/strong><\/i><i>  y no te pierdas la \u00faltima hora y toda la actualidad en nuestro <\/i><i><strong>perfil de Google<\/strong><\/i><strong>.<\/strong><\/p>\n<div class=\"recirculation-video\" data-mod=\"a3mod_recirculation_video\">\n<div class=\"recirculation-video-wrapper\">\n<div>\n<div class=\"video-wrapper\">\n  <picture class=\"video-main-picture\"><source media=\"(min-width: 481px)\" srcset=\"https:\/\/fotografias.antena3.com\/clipping\/cmsimages01\/2026\/04\/20\/2A26C2C6-D359-4BAC-9898-6CD7788DBE19\/carlos-alcaraz-pasado-miercoles-barcelona_94.jpg?crop=7208,4055,x0,y0&amp;width=800&amp;height=450&amp;optimize=medium&amp;format=webply\" width=\"800\" height=\"450\"><source media=\"(min-width: 391px) and (max-width: 480px)\" srcset=\"https:\/\/fotografias.antena3.com\/clipping\/cmsimages01\/2026\/04\/20\/2A26C2C6-D359-4BAC-9898-6CD7788DBE19\/carlos-alcaraz-pasado-miercoles-barcelona_70.jpg?crop=7208,4055,x0,y0&amp;width=480&amp;height=270&amp;optimize=high&amp;format=webply\" width=\"480\" height=\"270\"><source media=\"(min-width: 321px) and (max-width: 390px)\" srcset=\"https:\/\/fotografias.antena3.com\/clipping\/cmsimages01\/2026\/04\/20\/2A26C2C6-D359-4BAC-9898-6CD7788DBE19\/carlos-alcaraz-pasado-miercoles-barcelona_92.jpg?crop=7208,4048,x0,y0&amp;width=390&amp;height=219&amp;optimize=high&amp;format=webply\" width=\"390\" height=\"219\"><source media=\"(max-width: 320px)\" srcset=\"https:\/\/fotografias.antena3.com\/clipping\/cmsimages01\/2026\/04\/20\/2A26C2C6-D359-4BAC-9898-6CD7788DBE19\/carlos-alcaraz-pasado-miercoles-barcelona_52.jpg?crop=7208,4055,x0,y0&amp;width=320&amp;height=180&amp;optimize=high&amp;format=webply\" width=\"320\" height=\"180\"><img decoding=\"async\" title=\"Carlos Alcaraz, el pasado mi\u00e9rcoles en Barcelona\" alt=\"Carlos Alcaraz, el pasado mi\u00e9rcoles en Barcelona\" width=\"480\" height=\"270\" src=\"https:\/\/fotografias.antena3.com\/clipping\/cmsimages01\/2026\/04\/20\/2A26C2C6-D359-4BAC-9898-6CD7788DBE19\/carlos-alcaraz-pasado-miercoles-barcelona_70.jpg?crop=7208,4055,x0,y0&amp;width=480&amp;height=270&amp;optimize=high&amp;format=webply\" loading=\"lazy\" class=\"lazy\"\/><br \/>\n  <\/source><\/source><\/source><\/source><\/picture>\n <\/div>\n<\/div><\/div>\n<\/p><\/div>\n<\/div>\n\n","protected":false},"excerpt":{"rendered":"<p>Miguel Eneramoexfubtolista nigeriano de equipos como Besiktas y Basaksehir falleci\u00f3 el pasado viernes a los 40 a\u00f1os tras sufrir un paro cardiaco mientras disputaba un partido de f\u00fatbol en Kaduna, Nigeria. \u00abNos entristece profundamente enterarnos del fallecimiento de Michael Eneramo. Extendemos nuestras condolencias a su familia y seres queridos. Descansa en paz, Michael\u00bb, escribi\u00f3 el &hellip;<\/p>\n","protected":false},"author":1,"featured_media":63746,"comment_status":"open","ping_status":"open","sticky":false,"template":"","format":"standard","meta":{"fifu_image_url":"https:\/\/fotografias.antena3.com\/clipping\/cmsimages01\/2026\/04\/26\/23021540-077F-4694-BF1A-3AA21A99AFBE\/muere-eneramo-exfutbolista-besiktas_69.jpg?crop=451,254,x0,y0&width=1280&height=720&optimize=low&format=jpg","fifu_image_alt":"","footnotes":""},"categories":[6],"tags":[],"class_list":["post-63744","post","type-post","status-publish","format-standard","has-post-thumbnail","","category-deportes"],"_links":{"self":[{"href":"https:\/\/noticiasveraces.com\/index.php?rest_route=\/wp\/v2\/posts\/63744","targetHints":{"allow":["GET"]}}],"collection":[{"href":"https:\/\/noticiasveraces.com\/index.php?rest_route=\/wp\/v2\/posts"}],"about":[{"href":"https:\/\/noticiasveraces.com\/index.php?rest_route=\/wp\/v2\/types\/post"}],"author":[{"embeddable":true,"href":"https:\/\/noticiasveraces.com\/index.php?rest_route=\/wp\/v2\/users\/1"}],"replies":[{"embeddable":true,"href":"https:\/\/noticiasveraces.com\/index.php?rest_route=%2Fwp%2Fv2%2Fcomments&post=63744"}],"version-history":[{"count":0,"href":"https:\/\/noticiasveraces.com\/index.php?rest_route=\/wp\/v2\/posts\/63744\/revisions"}],"wp:featuredmedia":[{"embeddable":true,"href":"https:\/\/noticiasveraces.com\/index.php?rest_route=\/wp\/v2\/media\/63746"}],"wp:attachment":[{"href":"https:\/\/noticiasveraces.com\/index.php?rest_route=%2Fwp%2Fv2%2Fmedia&parent=63744"}],"wp:term":[{"taxonomy":"category","embeddable":true,"href":"https:\/\/noticiasveraces.com\/index.php?rest_route=%2Fwp%2Fv2%2Fcategories&post=63744"},{"taxonomy":"post_tag","embeddable":true,"href":"https:\/\/noticiasveraces.com\/index.php?rest_route=%2Fwp%2Fv2%2Ftags&post=63744"}],"curies":[{"name":"wp","href":"https:\/\/api.w.org\/{rel}","templated":true}]}}