{"id":63740,"date":"2026-04-26T08:18:18","date_gmt":"2026-04-26T12:18:18","guid":{"rendered":"https:\/\/noticiasveraces.com\/?p=63740"},"modified":"2026-04-26T08:18:18","modified_gmt":"2026-04-26T12:18:18","slug":"lideres-internacionales-repudiaron-el-intento-de-ataque-en-el-hotel-donde-fue-evacuado-donald-trump-y-sus-funcionarios-albertonews","status":"publish","type":"post","link":"https:\/\/noticiasveraces.com\/?p=63740","title":{"rendered":"L\u00edderes internacionales repudiaron el intento de ataque en el hotel donde fue evacuado Donald Trump y sus funcionarios &#8211; AlbertoNews"},"content":{"rendered":"<p> \n<\/p>\n<div>\n<p class=\"paragraph\" data-mrf-recirculation=\"Links inline\">El <b>Servicio Secreto de EEUU<\/b> evacu\u00f3 el s\u00e1bado por la noche al presidente <b>Donald Trump<\/b>a su esposa <b>Melania <\/b>y a otros miembros del gabinete presidencial del sal\u00f3n del hotel Washington Hilton tras escucharse disparos. Horas m\u00e1s tarde, se confirm\u00f3 que un hombre, ya detenido por las fuerzas de seguridad, intent\u00f3 llevar adelante un ataque, aunque se desconoce el objetivo final de su cometido.<\/p>\n<p class=\"paragraph\" data-mrf-recirculation=\"Links inline\">A ra\u00edz de estos hechos, mandatarios de todo el mundo enviaron su mensaje en rechazo de la violencia y el p\u00e1nico que vivieron los presentes. A su vez, se solidarizaron con el inquilino de la Casa Blanca y con aquellos que vivieron una noche de p\u00e1nico.<\/p>\n<p class=\"paragraph\" data-mrf-recirculation=\"Links inline\">El presidente de <b>bolivia<\/b>, <b>Rodrigo Paz<\/b>conden\u00f3 este s\u00e1bado \u201ctodo acto de violencia\u201d tras el tiroteo que llev\u00f3 a la evacuaci\u00f3n de su par norteamericano durante la cena anual de la Asociaci\u00f3n de Corresponsales de la Casa Blanca.<\/p>\n<p class=\"paragraph\" data-mrf-recirculation=\"Links inline\">\u201cRechazamos categ\u00f3ricamente todo acto de violencia, especialmente aquellos que atentan contra la integridad y la vida humana, venga de donde venga. <b>Ninguna forma de violencia institucional o individual puede tener cabida en una sociedad democr\u00e1tica<\/b>\u201d, manifest\u00f3 Paz en su cuenta de <i>inc\u00f3gnita<\/i>. El presidente boliviano tambi\u00e9n expres\u00f3 su solidaridad con Trump y el pueblo estadounidense: \u201cNuestros pensamientos est\u00e1n con el pueblo estadounidense y con la familia Trump en este momento\u201d.<\/p>\n<div class=\"visual__image\"><picture><source srcset=\"https:\/\/www.infobae.com\/resizer\/v2\/IO5EGQ27YNBMDGW2FQEGIQFYX4.jpg?auth=677c5ecc3506b37b2187b50f1f031ba461ca1e757f70180ccc06e5657a94fa17&amp;smart=true&amp;width=992&amp;height=661&amp;quality=85\" media=\"(min-width: 1000px)\"\/><source srcset=\"https:\/\/www.infobae.com\/resizer\/v2\/IO5EGQ27YNBMDGW2FQEGIQFYX4.jpg?auth=677c5ecc3506b37b2187b50f1f031ba461ca1e757f70180ccc06e5657a94fa17&amp;smart=true&amp;width=768&amp;height=512&amp;quality=85\" media=\"(min-width: 768px)\"\/><source srcset=\"https:\/\/www.infobae.com\/resizer\/v2\/IO5EGQ27YNBMDGW2FQEGIQFYX4.jpg?auth=677c5ecc3506b37b2187b50f1f031ba461ca1e757f70180ccc06e5657a94fa17&amp;smart=true&amp;width=577&amp;height=385&amp;quality=85\" media=\"(min-width: 580px)\"\/><source srcset=\"https:\/\/www.infobae.com\/resizer\/v2\/IO5EGQ27YNBMDGW2FQEGIQFYX4.jpg?auth=677c5ecc3506b37b2187b50f1f031ba461ca1e757f70180ccc06e5657a94fa17&amp;smart=true&amp;width=420&amp;height=280&amp;quality=85\" media=\"(min-width: 350px)\"\/><source srcset=\"https:\/\/www.infobae.com\/resizer\/v2\/IO5EGQ27YNBMDGW2FQEGIQFYX4.jpg?auth=677c5ecc3506b37b2187b50f1f031ba461ca1e757f70180ccc06e5657a94fa17&amp;smart=true&amp;width=350&amp;height=233&amp;quality=85\" media=\"(min-width: 80px)\"\/><\/picture>\n<figure style=\"width: 3209px\" class=\"wp-caption alignnone\"><img fetchpriority=\"high\" decoding=\"async\" class=\"global-image\" src=\"https:\/\/www.infobae.com\/resizer\/v2\/IO5EGQ27YNBMDGW2FQEGIQFYX4.jpg?auth=677c5ecc3506b37b2187b50f1f031ba461ca1e757f70180ccc06e5657a94fa17&amp;smart=true&amp;width=350&amp;height=233&amp;quality=85\" alt=\"El presidente boliviano Rodrigo Paz habla durante un foro econ\u00f3mico organizado por el Banco de Desarrollo de Am\u00e9rica Latina y el Caribe (CAF) en la ciudad de Panam\u00e1, el mi\u00e9rcoles 28 de enero de 2026. (Foto AP\/Mat\u00edas Delacroix)\" width=\"3209\" height=\"2139\"\/><figcaption class=\"wp-caption-text\">El presidente boliviano Rodrigo Paz habla durante un foro econ\u00f3mico organizado por el Banco de Desarrollo de Am\u00e9rica Latina y el Caribe (CAF) en la ciudad de Panam\u00e1, el mi\u00e9rcoles 28 de enero de 2026. (Foto AP\/Mat\u00edas Delacroix)<\/figcaption><\/figure>\n<\/div>\n<p class=\"paragraph\" data-mrf-recirculation=\"Links inline\">La presidenta de <b>M\u00e9xico<\/b>, <b>claudia sheinbaum<\/b>expres\u00f3 su respeto a Trump y su esposa por el incidente en Washington. \u201cQu\u00e9 bueno que el presidente Trump y su esposa se encuentren bien, tras los recientes acontecimientos. Le enviamos nuestro respeto. <b>La violencia no debe ser nunca el camino<\/b>\u201d, escribi\u00f3 Sheinbaum en su cuenta de <i>inc\u00f3gnita<\/i>.<\/p>\n<p class=\"paragraph\" data-mrf-recirculation=\"Links inline\"><b>Per\u00fa <\/b>tambi\u00e9n expres\u00f3 este s\u00e1bado \u201csu m\u00e1s en\u00e9rgica condena\u201d al tiroteo ocurrido, en el cual un uniformado del Servicio Secreto fue herido. \u201cEl Gobierno del Per\u00fa expresa su m\u00e1s en\u00e9rgica condena ante el deplorable acto de violencia registrado esta noche en la ciudad de Washington\u201d, se\u00f1al\u00f3 el Ministerio de Relaciones Exteriores en un comunicado.<\/p>\n<p class=\"paragraph\" data-mrf-recirculation=\"Links inline\">La nota oficial agreg\u00f3 que Per\u00fa \u201cacoge con satisfacci\u00f3n la confirmaci\u00f3n de que todos los asistentes al evento, entre quienes se encontraban el presidente de los Estados Unidos de Am\u00e9rica, Donald Trump, la primera dama y miembros del gabinete, se encuentran fuera de peligro\u201d. Finalmente, el gobierno peruano expres\u00f3 su solidaridad con el gobierno y el pueblo de Estados Unidos.<\/p>\n<div class=\"visual__image\"><picture><source srcset=\"https:\/\/www.infobae.com\/resizer\/v2\/AQAVNYKFUVAWNFOCNU4RVS4WTM.jpg?auth=1d7f719cbd0fe0586182b0155bb45eb03691ed81d1a8e7311a8d2455389d9888&amp;smart=true&amp;width=992&amp;height=558&amp;quality=85\" media=\"(min-width: 1000px)\"\/><source srcset=\"https:\/\/www.infobae.com\/resizer\/v2\/AQAVNYKFUVAWNFOCNU4RVS4WTM.jpg?auth=1d7f719cbd0fe0586182b0155bb45eb03691ed81d1a8e7311a8d2455389d9888&amp;smart=true&amp;width=768&amp;height=432&amp;quality=85\" media=\"(min-width: 768px)\"\/><source srcset=\"https:\/\/www.infobae.com\/resizer\/v2\/AQAVNYKFUVAWNFOCNU4RVS4WTM.jpg?auth=1d7f719cbd0fe0586182b0155bb45eb03691ed81d1a8e7311a8d2455389d9888&amp;smart=true&amp;width=577&amp;height=325&amp;quality=85\" media=\"(min-width: 580px)\"\/><source srcset=\"https:\/\/www.infobae.com\/resizer\/v2\/AQAVNYKFUVAWNFOCNU4RVS4WTM.jpg?auth=1d7f719cbd0fe0586182b0155bb45eb03691ed81d1a8e7311a8d2455389d9888&amp;smart=true&amp;width=420&amp;height=236&amp;quality=85\" media=\"(min-width: 350px)\"\/><source srcset=\"https:\/\/www.infobae.com\/resizer\/v2\/AQAVNYKFUVAWNFOCNU4RVS4WTM.jpg?auth=1d7f719cbd0fe0586182b0155bb45eb03691ed81d1a8e7311a8d2455389d9888&amp;smart=true&amp;width=350&amp;height=197&amp;quality=85\" media=\"(min-width: 80px)\"\/><\/picture>\n<figure style=\"width: 1920px\" class=\"wp-caption alignnone\"><img loading=\"lazy\" decoding=\"async\" class=\"global-image\" src=\"https:\/\/www.infobae.com\/resizer\/v2\/AQAVNYKFUVAWNFOCNU4RVS4WTM.jpg?auth=1d7f719cbd0fe0586182b0155bb45eb03691ed81d1a8e7311a8d2455389d9888&amp;smart=true&amp;width=350&amp;height=197&amp;quality=85\" alt=\"Coment\u00f3 que dej\u00f3 claro que M\u00e9xico est\u00e1 en contra de las intervenciones militares.\" width=\"1920\" height=\"1080\"\/><figcaption class=\"wp-caption-text\">La presidenta de M\u00e9xico fij\u00f3 la postura de M\u00e9xico en el tema de Venezuela en llamada con Trump. (Cuartoscuro\/Mois\u00e9s Pablo Nava)<\/figcaption><\/figure>\n<\/div>\n<p class=\"paragraph\" data-mrf-recirculation=\"Links inline\">Por su parte, el primer ministro de Canad\u00e1, <b>Marcos Carney<\/b>expres\u00f3 su alivio porque el presidente de Estados Unidos, su esposa y los asistentes a la cena resultaron ilesos. \u201cEstoy aliviado de que el presidente, la primera dama y todos los invitados est\u00e9n a salvo tras las informaciones de disparos en la cena de la Asociaci\u00f3n de Corresponsales de la Casa Blanca de esta noche en Washington\u201d, se\u00f1al\u00f3 Carney en sus redes sociales.<\/p>\n<p class=\"paragraph\" data-mrf-recirculation=\"Links inline\">Carney a\u00f1adi\u00f3 que \u201c<b>la violencia pol\u00edtica no tiene lugar en ninguna democracia<\/b>\u201d y transmiti\u00f3 su solidaridad a quienes se vieron afectados por el incidente.<\/p>\n<p class=\"paragraph\" data-mrf-recirculation=\"Links inline\">En medio de las difuminadas negociaciones por la paz en Medio Oriente y el reciente intento de agresi\u00f3n perpetuado por un hombre, el primer ministro de <b>Pakist\u00e1n<\/b>, <b>Sharif Sharif<\/b>expres\u00f3 estar \u201cprofundamente conmocionado\u201d por el tiroteo ocurrido durante la Cena de Corresponsales de la Casa Blanca, que oblig\u00f3 a evacuar al presidente de Estados Unidos, Donald Trump, quien result\u00f3 ileso.<\/p>\n<p class=\"paragraph\" data-mrf-recirculation=\"Links inline\">\u201cAliviado de saber que el presidente Trump, la primera dama y otros asistentes est\u00e1n a salvo. Mis pensamientos y oraciones est\u00e1n con \u00e9l, y le deseo continua seguridad y bienestar\u201d, se\u00f1al\u00f3 Sharif en X. El mandatario calific\u00f3 el incidente, registrado la noche del s\u00e1bado, como perturbador.<\/p>\n<p class=\"paragraph\" data-mrf-recirculation=\"Links inline\">El alcalde de Nueva York, <b>Zohran Mamdani<\/b>tambi\u00e9n se sum\u00f3 a los mensajes de repudio y conden\u00f3 la \u201cviolencia pol\u00edtica\u201d tras el tiroteo registrado.<\/p>\n<div class=\"visual__image\"><picture><source srcset=\"https:\/\/www.infobae.com\/resizer\/v2\/BSMK3WO2YVELFF36UVRMBLGGAE.JPG?auth=662f5bea130956d250d9639c262420c03eb4cb547f1687c279432b30c8905fa2&amp;smart=true&amp;width=992&amp;height=661&amp;quality=85\" media=\"(min-width: 1000px)\"\/><source srcset=\"https:\/\/www.infobae.com\/resizer\/v2\/BSMK3WO2YVELFF36UVRMBLGGAE.JPG?auth=662f5bea130956d250d9639c262420c03eb4cb547f1687c279432b30c8905fa2&amp;smart=true&amp;width=768&amp;height=512&amp;quality=85\" media=\"(min-width: 768px)\"\/><source srcset=\"https:\/\/www.infobae.com\/resizer\/v2\/BSMK3WO2YVELFF36UVRMBLGGAE.JPG?auth=662f5bea130956d250d9639c262420c03eb4cb547f1687c279432b30c8905fa2&amp;smart=true&amp;width=577&amp;height=385&amp;quality=85\" media=\"(min-width: 580px)\"\/><source srcset=\"https:\/\/www.infobae.com\/resizer\/v2\/BSMK3WO2YVELFF36UVRMBLGGAE.JPG?auth=662f5bea130956d250d9639c262420c03eb4cb547f1687c279432b30c8905fa2&amp;smart=true&amp;width=420&amp;height=280&amp;quality=85\" media=\"(min-width: 350px)\"\/><source srcset=\"https:\/\/www.infobae.com\/resizer\/v2\/BSMK3WO2YVELFF36UVRMBLGGAE.JPG?auth=662f5bea130956d250d9639c262420c03eb4cb547f1687c279432b30c8905fa2&amp;smart=true&amp;width=350&amp;height=233&amp;quality=85\" media=\"(min-width: 80px)\"\/><\/picture>\n<figure style=\"width: 6000px\" class=\"wp-caption alignnone\"><img loading=\"lazy\" decoding=\"async\" class=\"global-image\" src=\"https:\/\/www.infobae.com\/resizer\/v2\/BSMK3WO2YVELFF36UVRMBLGGAE.JPG?auth=662f5bea130956d250d9639c262420c03eb4cb547f1687c279432b30c8905fa2&amp;smart=true&amp;width=350&amp;height=233&amp;quality=85\" alt=\"El alcalde de Nueva York, Zohran Mamdani, se dirige a los invitados durante la conmemoraci\u00f3n del D\u00eda de Martin Luther King Jr. en la National Action Network en la ciudad de Nueva York, EE. UU. (REUTERS\/Eduardo Munoz\/Archivo)\" width=\"6000\" height=\"4000\"\/><figcaption class=\"wp-caption-text\">El alcalde de Nueva York, Zohran Mamdani, se dirige a los invitados durante la conmemoraci\u00f3n del D\u00eda de Martin Luther King Jr. en la National Action Network en la ciudad de Nueva York, EE. UU. (REUTERS\/Eduardo Munoz\/Archivo)<\/figcaption><\/figure>\n<\/div>\n<p class=\"paragraph\" data-mrf-recirculation=\"Links inline\">\u201cLa violencia pol\u00edtica es absolutamente inaceptable. Me alegra que el presidente y los invitados a la Cena de los Corresponsales de la Casa Blanca est\u00e9n a salvo\u201d, escribi\u00f3 Mamdani en su cuenta en X.<\/p>\n<p class=\"paragraph\" data-mrf-recirculation=\"Links inline\">El Gobierno de Argentina, encabezado por <b>JavierMiley<\/b>conden\u00f3 el tiroteo ocurrido en el Hotel Washington Hilton. \u201cLa Oficina del Presidente expresa su m\u00e1s en\u00e9rgico repudio al nuevo intento de asesinato que ha sufrido el Presidente Donald J. Trump, el cuarto desde que inici\u00f3 su regreso a la Casa Blanca\u201d, se\u00f1al\u00f3 el Ejecutivo argentino en un comunicado oficial difundido en la red social X.<\/p>\n<p><strong>Si quieres recibir en tu celular esta y otras informaciones descarga Telegram, ingresa al link <\/strong><strong>https:\/\/t.me\/albertorodnews<\/strong><strong> y dale click a +Unirme.  <\/strong><\/p>\n<p><strong>Alberto Noticias<\/strong><\/p>\n<\/div>\n\n","protected":false},"excerpt":{"rendered":"<p>El Servicio Secreto de EEUU evacu\u00f3 el s\u00e1bado por la noche al presidente Donald Trumpa su esposa Melania y a otros miembros del gabinete presidencial del sal\u00f3n del hotel Washington Hilton tras escucharse disparos. Horas m\u00e1s tarde, se confirm\u00f3 que un hombre, ya detenido por las fuerzas de seguridad, intent\u00f3 llevar adelante un ataque, aunque &hellip;<\/p>\n","protected":false},"author":1,"featured_media":63741,"comment_status":"open","ping_status":"open","sticky":false,"template":"","format":"standard","meta":{"fifu_image_url":"https:\/\/cdn.albertonews.com\/wp-content\/uploads\/2026\/04\/donald-trump-evacuado-washington-905x613.jpg.webp","fifu_image_alt":"","footnotes":""},"categories":[13],"tags":[],"class_list":["post-63740","post","type-post","status-publish","format-standard","has-post-thumbnail","","category-mundo"],"_links":{"self":[{"href":"https:\/\/noticiasveraces.com\/index.php?rest_route=\/wp\/v2\/posts\/63740","targetHints":{"allow":["GET"]}}],"collection":[{"href":"https:\/\/noticiasveraces.com\/index.php?rest_route=\/wp\/v2\/posts"}],"about":[{"href":"https:\/\/noticiasveraces.com\/index.php?rest_route=\/wp\/v2\/types\/post"}],"author":[{"embeddable":true,"href":"https:\/\/noticiasveraces.com\/index.php?rest_route=\/wp\/v2\/users\/1"}],"replies":[{"embeddable":true,"href":"https:\/\/noticiasveraces.com\/index.php?rest_route=%2Fwp%2Fv2%2Fcomments&post=63740"}],"version-history":[{"count":0,"href":"https:\/\/noticiasveraces.com\/index.php?rest_route=\/wp\/v2\/posts\/63740\/revisions"}],"wp:featuredmedia":[{"embeddable":true,"href":"https:\/\/noticiasveraces.com\/index.php?rest_route=\/wp\/v2\/media\/63741"}],"wp:attachment":[{"href":"https:\/\/noticiasveraces.com\/index.php?rest_route=%2Fwp%2Fv2%2Fmedia&parent=63740"}],"wp:term":[{"taxonomy":"category","embeddable":true,"href":"https:\/\/noticiasveraces.com\/index.php?rest_route=%2Fwp%2Fv2%2Fcategories&post=63740"},{"taxonomy":"post_tag","embeddable":true,"href":"https:\/\/noticiasveraces.com\/index.php?rest_route=%2Fwp%2Fv2%2Ftags&post=63740"}],"curies":[{"name":"wp","href":"https:\/\/api.w.org\/{rel}","templated":true}]}}