{"id":63694,"date":"2026-04-26T02:39:15","date_gmt":"2026-04-26T06:39:15","guid":{"rendered":"https:\/\/noticiasveraces.com\/?p=63694"},"modified":"2026-04-26T02:39:15","modified_gmt":"2026-04-26T06:39:15","slug":"lamine-yamal-sobre-su-lesion-duele-mas-de-lo-que-puedo-explicar","status":"publish","type":"post","link":"https:\/\/noticiasveraces.com\/?p=63694","title":{"rendered":"Lamine Yamal, sobre su lesi\u00f3n: \u00abDuele m\u00e1s de lo que puedo explicar\u00bb"},"content":{"rendered":"<p> \n<\/p>\n<div id=\"intext\">\n<p><b>Lamina Yamal<\/b>delantero del FC Barcelona, reaccion\u00f3 este jueves a <b>la lesi\u00f3n que sufri\u00f3<\/b> ante el Celta de Viga y que le har\u00e1 perderse lo que resta de temporada con el equipo cul\u00e9. El de Rocafonda sufre una lesi\u00f3n en el b\u00edceps femoral de la pierna izquierda que le har\u00e1 ser baja en los siete partidos que restan de LaLiga EA Sports, aunque podr\u00e1 estar en el pr\u00f3ximo Mundial con la selecci\u00f3n espa\u00f1ola.<\/p>\n<p>El talentosos jugador cul\u00e9 ha admitido que \u00abesta lesi\u00f3n me deja fuera del campo en el momento que m\u00e1s quer\u00eda estar, y duele m\u00e1s de lo que puedo explicar\u00bb.<\/p>\n<p>\u00abDuele no poder luchar con mis compa\u00f1eros, no poder ayudar cuando el equipo me necesita. Pero creo en ellos y s\u00e9 que van a dejarse el alma en cada partido\u00bb, explica Laline Yamal en su mensaje en su cuenta de Instagram.<\/p>\n<p>\u00abYo estar\u00e9 ah\u00ed, aunque sea desde fuera, apoyando, animando y empujando como uno m\u00e1s. Esto no es el final, es solo una pausa. Volver\u00e9 m\u00e1s fuerte, con m\u00e1s ganas que nunca, y la pr\u00f3xima temporada ser\u00e1 mejor. Gracias por los mensaje y Visca el Bar\u00e7a\u00bb, concluye el mensaje de Lamine Yamal.<\/p>\n<h2 class=\"title-h2\">Parte m\u00e9dico de Lamine Yamal<\/h2>\n<p>El Barcelona informaba este jueves del alcance de la lesi\u00f3n sufrida por Lamine Yamal en el momento de lanzar el penalti ante el Celta que se tradujo en una valiosa victoria para los de Hansi Flick de cara a la consecuci\u00f3n del t\u00edtulo liguero.<\/p>\n<p>\u00abEl jugador del primer equipo Lamine Yamal tiene una lesi\u00f3n en el b\u00edceps femoral de la pierna izquierda. El jugador seguir\u00e1 un tratamiento conservador. Lamine Yamal se perder\u00e1 lo que queda de temporada y est\u00e1 previsto que est\u00e9 disponible para la disputa del Mundial\u00bb, informaba este jueves el club azulgrana.<\/p>\n<p>El Barcelona cuenta con nueve puntos de ventaja sobre el Real Madrid con siete jornada por disputarse y con el cl\u00e1sico en la jornada 35.<\/p>\n<h2 class=\"title-h2\">Calendario de Barcelona y Real Madrid en LaLiga<\/h2>\n<p><b><u>Jornada 32<\/u><\/b><\/p>\n<p>Betis &#8211; Real Madrid (viernes 24 abril \/ 21:00 horas)<\/p>\n<p>Getafe &#8211; Barcelona (s\u00e1bado 25 abril \/ 16:15 horas)<\/p>\n<p><b><u>Jornada 34<\/u><\/b><\/p>\n<p>Osasuna &#8211; Barcelona (s\u00e1bado 2 mayo \/ 21:00 horas)<\/p>\n<p>Espanyol &#8211; Real Madrid (domingo 3 mayo \/ 21:00 horas)<\/p>\n<p><b><u>Jornada 35<\/u><\/b><\/p>\n<p>Barcelona &#8211; Real Madrid (domingo 10 mayo \/ 21:00 horas)<\/p>\n<p><b><u>Jornada 36<\/u><\/b><\/p>\n<p>Alav\u00e9s &#8211; Barcelona (mi\u00e9rcoles 13 mayo \/ 21:30 horas)<\/p>\n<p>Real Madrid &#8211; Oviedo (jueves 14 mayo \/ 21:30 horas)<\/p>\n<p><b><u>Jornada 37<\/u><\/b><\/p>\n<p>Barcelona &#8211; Betis (horario por determinar)<\/p>\n<p>Sevilla &#8211; Real Madrid (horario por determinar)<\/p>\n<p><b><u>Jornada 38<\/u><\/b><\/p>\n<p>Valencia &#8211; Barcelona (horario por determinar)<\/p>\n<p>Sevilla &#8211; Real Madrid (horario por determinar)<\/p>\n<p><i>S\u00edguenos en nuestro <\/i><i><strong>canal de WhatsApp<\/strong><\/i><i>  y no te pierdas la \u00faltima hora y toda la actualidad en nuestro <\/i><b><i>perfil de Google<\/i>.<\/b>        <\/p>\n<div class=\"recirculation-video\" data-mod=\"a3mod_recirculation_video\">\n<div class=\"recirculation-video-wrapper\">\n<div>\n<div class=\"video-wrapper\">\n  <picture class=\"video-main-picture\"><source media=\"(min-width: 481px)\" srcset=\"https:\/\/fotografias.antena3.com\/clipping\/cmsimages01\/2026\/04\/20\/5A9B11A5-BEAB-4326-BF9F-B8240A3829F8\/alvaro-arbeloa-entrenador-real-madrid-rueda-prensa_94.jpg?crop=2091,1176,x0,y0&amp;width=800&amp;height=450&amp;optimize=medium&amp;format=webply\" width=\"800\" height=\"450\"><source media=\"(min-width: 391px) and (max-width: 480px)\" srcset=\"https:\/\/fotografias.antena3.com\/clipping\/cmsimages01\/2026\/04\/20\/5A9B11A5-BEAB-4326-BF9F-B8240A3829F8\/alvaro-arbeloa-entrenador-real-madrid-rueda-prensa_70.jpg?crop=2091,1176,x0,y0&amp;width=480&amp;height=270&amp;optimize=high&amp;format=webply\" width=\"480\" height=\"270\"><source media=\"(min-width: 321px) and (max-width: 390px)\" srcset=\"https:\/\/fotografias.antena3.com\/clipping\/cmsimages01\/2026\/04\/20\/5A9B11A5-BEAB-4326-BF9F-B8240A3829F8\/alvaro-arbeloa-entrenador-real-madrid-rueda-prensa_92.jpg?crop=2091,1174,x0,y0&amp;width=390&amp;height=219&amp;optimize=high&amp;format=webply\" width=\"390\" height=\"219\"><source media=\"(max-width: 320px)\" srcset=\"https:\/\/fotografias.antena3.com\/clipping\/cmsimages01\/2026\/04\/20\/5A9B11A5-BEAB-4326-BF9F-B8240A3829F8\/alvaro-arbeloa-entrenador-real-madrid-rueda-prensa_52.jpg?crop=2091,1176,x0,y0&amp;width=320&amp;height=180&amp;optimize=high&amp;format=webply\" width=\"320\" height=\"180\"><img decoding=\"async\" title=\"\u00c1lvaro Arbeloa, entrenador del Real Madrid, en rueda de prensa\" alt=\"\u00c1lvaro Arbeloa, entrenador del Real Madrid, en rueda de prensa\" width=\"480\" height=\"270\" src=\"https:\/\/fotografias.antena3.com\/clipping\/cmsimages01\/2026\/04\/20\/5A9B11A5-BEAB-4326-BF9F-B8240A3829F8\/alvaro-arbeloa-entrenador-real-madrid-rueda-prensa_70.jpg?crop=2091,1176,x0,y0&amp;width=480&amp;height=270&amp;optimize=high&amp;format=webply\" loading=\"lazy\" class=\"lazy\"\/><br \/>\n  <\/source><\/source><\/source><\/source><\/picture>\n <\/div>\n<\/div><\/div>\n<\/p><\/div>\n<\/div>\n\n","protected":false},"excerpt":{"rendered":"<p>Lamina Yamaldelantero del FC Barcelona, reaccion\u00f3 este jueves a la lesi\u00f3n que sufri\u00f3 ante el Celta de Viga y que le har\u00e1 perderse lo que resta de temporada con el equipo cul\u00e9. El de Rocafonda sufre una lesi\u00f3n en el b\u00edceps femoral de la pierna izquierda que le har\u00e1 ser baja en los siete partidos &hellip;<\/p>\n","protected":false},"author":1,"featured_media":63696,"comment_status":"open","ping_status":"open","sticky":false,"template":"","format":"standard","meta":{"fifu_image_url":"https:\/\/fotografias.antena3.com\/clipping\/cmsimages02\/2026\/04\/24\/D3D5B402-CABE-4EC8-AC54-9AB9039355DB\/lamine-yamal-momento-marcharse-lesionado-celta_69.jpg?crop=7136,4014,x0,y0&width=1280&height=720&optimize=low&format=jpg","fifu_image_alt":"","footnotes":""},"categories":[6],"tags":[],"class_list":["post-63694","post","type-post","status-publish","format-standard","has-post-thumbnail","","category-deportes"],"_links":{"self":[{"href":"https:\/\/noticiasveraces.com\/index.php?rest_route=\/wp\/v2\/posts\/63694","targetHints":{"allow":["GET"]}}],"collection":[{"href":"https:\/\/noticiasveraces.com\/index.php?rest_route=\/wp\/v2\/posts"}],"about":[{"href":"https:\/\/noticiasveraces.com\/index.php?rest_route=\/wp\/v2\/types\/post"}],"author":[{"embeddable":true,"href":"https:\/\/noticiasveraces.com\/index.php?rest_route=\/wp\/v2\/users\/1"}],"replies":[{"embeddable":true,"href":"https:\/\/noticiasveraces.com\/index.php?rest_route=%2Fwp%2Fv2%2Fcomments&post=63694"}],"version-history":[{"count":0,"href":"https:\/\/noticiasveraces.com\/index.php?rest_route=\/wp\/v2\/posts\/63694\/revisions"}],"wp:featuredmedia":[{"embeddable":true,"href":"https:\/\/noticiasveraces.com\/index.php?rest_route=\/wp\/v2\/media\/63696"}],"wp:attachment":[{"href":"https:\/\/noticiasveraces.com\/index.php?rest_route=%2Fwp%2Fv2%2Fmedia&parent=63694"}],"wp:term":[{"taxonomy":"category","embeddable":true,"href":"https:\/\/noticiasveraces.com\/index.php?rest_route=%2Fwp%2Fv2%2Fcategories&post=63694"},{"taxonomy":"post_tag","embeddable":true,"href":"https:\/\/noticiasveraces.com\/index.php?rest_route=%2Fwp%2Fv2%2Ftags&post=63694"}],"curies":[{"name":"wp","href":"https:\/\/api.w.org\/{rel}","templated":true}]}}