{"id":63682,"date":"2026-04-26T00:09:50","date_gmt":"2026-04-26T04:09:50","guid":{"rendered":"https:\/\/noticiasveraces.com\/?p=63682"},"modified":"2026-04-26T00:09:50","modified_gmt":"2026-04-26T04:09:50","slug":"trump-cancela-conversaciones-sobre-iran-en-islamabad-cita-luchas-internas-y-confusion","status":"publish","type":"post","link":"https:\/\/noticiasveraces.com\/?p=63682","title":{"rendered":"Trump cancela conversaciones sobre Ir\u00e1n en Islamabad, cita luchas internas y confusi\u00f3n"},"content":{"rendered":"<p> \n<\/p>\n<div>\n<div id=\"beyondwords-wrapper\" class=\"beyondwords-wrapper\">\n<p><span class=\"label-bg\">NUEVO<\/span>\u00a1Ahora puedes escuchar los art\u00edculos de Fox News!\n  <\/p>\n<\/div>\n<p class=\"speakable\">D\u00edas despu\u00e9s de que el liderazgo de Ir\u00e1n proyectara un frente unificado, socavando la tan mencionada divisi\u00f3n entre moderados y duros, el presidente Donald Trump cancel\u00f3 las conversaciones planeadas con Teher\u00e1n en Islamabad, Pakist\u00e1n, citando \u00abluchas internas y confusi\u00f3n\u00bb dentro del r\u00e9gimen.<\/p>\n<p class=\"speakable\">Los expertos iran\u00edes estadounidenses sostienen que las publicaciones en las redes sociales del nuevo l\u00edder supremo de Ir\u00e1n, Mojtaba Khamenei, el presidente Masoud Pezeshkian y otros funcionarios clave revelan que la t\u00e1ctica del \u00abpolic\u00eda bueno, polic\u00eda malo\u00bb que el r\u00e9gimen explot\u00f3 para enga\u00f1ar a los adversarios y asegurarse concesiones generosas en las negociaciones nucleares se ha derrumbado.<\/p>\n<p>En una publicaci\u00f3n de Truth Social el s\u00e1bado, Trump anunci\u00f3 que cancel\u00f3 el viaje, citando \u00abdemasiado tiempo perdido viajando\u00bb y \u00abdemasiado trabajo\u00bb.<\/p>\n<p>\u00abAdem\u00e1s, hay tremendas luchas internas y confusi\u00f3n dentro de su &#39;liderazgo&#39;\u00bb, a\u00f1adi\u00f3 el presidente, se\u00f1alando que \u00abnadie sabe qui\u00e9n est\u00e1 a cargo, incluidos ellos\u00bb.<\/p>\n<div class=\"image-ct inline\">\n<div class=\"m\"><picture><source media=\"(max-width: 767px)\" srcset=\"https:\/\/a57.foxnews.com\/static.foxnews.com\/foxnews.com\/content\/uploads\/2026\/04\/343\/192\/president-trump.jpg?ve=1&amp;tl=1, https:\/\/a57.foxnews.com\/static.foxnews.com\/foxnews.com\/content\/uploads\/2026\/04\/686\/384\/president-trump.jpg?ve=1&amp;tl=1 2x\" height=\"192\" width=\"343\"><source media=\"(min-width: 768px) and (max-width: 1023px)\" srcset=\"https:\/\/a57.foxnews.com\/static.foxnews.com\/foxnews.com\/content\/uploads\/2026\/04\/672\/378\/president-trump.jpg?ve=1&amp;tl=1, https:\/\/a57.foxnews.com\/static.foxnews.com\/foxnews.com\/content\/uploads\/2026\/04\/1344\/756\/president-trump.jpg?ve=1&amp;tl=1 2x\" height=\"378\" width=\"672\"><source media=\"(min-width: 1024px) and (max-width: 1279px)\" srcset=\"https:\/\/a57.foxnews.com\/static.foxnews.com\/foxnews.com\/content\/uploads\/2026\/04\/931\/523\/president-trump.jpg?ve=1&amp;tl=1, https:\/\/a57.foxnews.com\/static.foxnews.com\/foxnews.com\/content\/uploads\/2026\/04\/1862\/1046\/president-trump.jpg?ve=1&amp;tl=1 2x\" height=\"523\" width=\"931\"><source media=\"(min-width: 1280px)\" srcset=\"https:\/\/a57.foxnews.com\/static.foxnews.com\/foxnews.com\/content\/uploads\/2026\/04\/720\/405\/president-trump.jpg?ve=1&amp;tl=1, https:\/\/a57.foxnews.com\/static.foxnews.com\/foxnews.com\/content\/uploads\/2026\/04\/1440\/810\/president-trump.jpg?ve=1&amp;tl=1 2x\" height=\"405\" width=\"720\"><img loading=\"lazy\" decoding=\"async\" src=\"https:\/\/a57.foxnews.com\/static.foxnews.com\/foxnews.com\/content\/uploads\/2026\/04\/1200\/675\/president-trump.jpg?ve=1&amp;tl=1\" alt=\"El presidente Donald Trump hablando en el Cross Hall de la Casa Blanca.\" width=\"1200\" height=\"675\"\/><\/source><\/source><\/source><\/source><\/picture><\/div>\n<div class=\"info\">\n<div class=\"caption\">\n<p><span>El presidente Donald Trump habla desde el Cross Hall de la Casa Blanca en Washington, DC, el 1 de abril de 2026, actualizando a la naci\u00f3n sobre la guerra en Ir\u00e1n.<\/span> <span>(Im\u00e1genes falsas)<\/span><\/p>\n<\/div>\n<\/div>\n<\/div>\n<p><strong>EL PR\u00cdNCIPE EXILIADO BUSCA LIDERAR AL PUEBLO IR\u00c1N PARA TERMINAR LA REP\u00daBLICA ISL\u00c1MICA: &#39;NUESTRO MOMENTO DEL MURO DE BERL\u00cdN&#39;<\/strong><\/p>\n<p>\u00ab\u00a1Adem\u00e1s, nosotros tenemos todas las cartas, ellos no tienen ninguna!\u00bb Trump escribi\u00f3. \u00ab\u00a1\u00a1\u00a1Si quieren hablar, lo \u00fanico que tienen que hacer es llamar!!!\u00bb<\/p>\n<p>La implosi\u00f3n de la dicotom\u00eda entre l\u00ednea dura y moderaci\u00f3n dentro del r\u00e9gimen podr\u00eda tener profundas consecuencias para el enfoque de Trump en las conversaciones at\u00f3micas en Islamabad, dijeron los expertos. Trump pareci\u00f3 aludir a una divisi\u00f3n borrosa entre facciones dentro de Ir\u00e1n la semana pasada.<\/p>\n<p>\u00ab\u00a1A Ir\u00e1n le est\u00e1 costando mucho descubrir qui\u00e9n es su l\u00edder! \u00a1Simplemente no lo saben! Las luchas internas son entre los &#39;intransigentes&#39;, que han estado perdiendo MALAMENTE en el campo de batalla, y los &#39;moderados&#39;, que no son nada moderados (\u00a1pero se est\u00e1n ganando el respeto!), \u00a1y es una LOCA!\u00bb Trump escribi\u00f3 en una publicaci\u00f3n X el jueves.<\/p>\n<div class=\"image-ct inline\">\n<div class=\"m\"><picture><source media=\"(max-width: 767px)\" srcset=\"https:\/\/a57.foxnews.com\/static.foxnews.com\/foxnews.com\/content\/uploads\/2026\/04\/343\/192\/mojtaba-khamenei-tehran-iran-fox-news-001.jpeg?ve=1&amp;tl=1, https:\/\/a57.foxnews.com\/static.foxnews.com\/foxnews.com\/content\/uploads\/2026\/04\/686\/384\/mojtaba-khamenei-tehran-iran-fox-news-001.jpeg?ve=1&amp;tl=1 2x\" height=\"192\" width=\"343\"><source media=\"(min-width: 768px) and (max-width: 1023px)\" srcset=\"https:\/\/a57.foxnews.com\/static.foxnews.com\/foxnews.com\/content\/uploads\/2026\/04\/672\/378\/mojtaba-khamenei-tehran-iran-fox-news-001.jpeg?ve=1&amp;tl=1, https:\/\/a57.foxnews.com\/static.foxnews.com\/foxnews.com\/content\/uploads\/2026\/04\/1344\/756\/mojtaba-khamenei-tehran-iran-fox-news-001.jpeg?ve=1&amp;tl=1 2x\" height=\"378\" width=\"672\"><source media=\"(min-width: 1024px) and (max-width: 1279px)\" srcset=\"https:\/\/a57.foxnews.com\/static.foxnews.com\/foxnews.com\/content\/uploads\/2026\/04\/931\/523\/mojtaba-khamenei-tehran-iran-fox-news-001.jpeg?ve=1&amp;tl=1, https:\/\/a57.foxnews.com\/static.foxnews.com\/foxnews.com\/content\/uploads\/2026\/04\/1862\/1046\/mojtaba-khamenei-tehran-iran-fox-news-001.jpeg?ve=1&amp;tl=1 2x\" height=\"523\" width=\"931\"><source media=\"(min-width: 1280px)\" srcset=\"https:\/\/a57.foxnews.com\/static.foxnews.com\/foxnews.com\/content\/uploads\/2026\/04\/720\/405\/mojtaba-khamenei-tehran-iran-fox-news-001.jpeg?ve=1&amp;tl=1, https:\/\/a57.foxnews.com\/static.foxnews.com\/foxnews.com\/content\/uploads\/2026\/04\/1440\/810\/mojtaba-khamenei-tehran-iran-fox-news-001.jpeg?ve=1&amp;tl=1 2x\" height=\"405\" width=\"720\"><img loading=\"lazy\" decoding=\"async\" src=\"https:\/\/a57.foxnews.com\/static.foxnews.com\/foxnews.com\/content\/uploads\/2026\/04\/1200\/675\/mojtaba-khamenei-tehran-iran-fox-news-001.jpeg?ve=1&amp;tl=1\" alt=\"Mojtaba Jamenei asiste a una reuni\u00f3n en Teher\u00e1n, Ir\u00e1n\" width=\"1200\" height=\"675\"\/><\/source><\/source><\/source><\/source><\/picture><\/div>\n<div class=\"info\">\n<div class=\"caption\">\n<p><span>Mojtaba Khamenei, el nuevo l\u00edder supremo de Ir\u00e1n y segundo hijo del fallecido ayatol\u00e1 Ali Khamenei, asiste a una reuni\u00f3n en Teher\u00e1n, Ir\u00e1n.<\/span> <span>(Hamed Jafarnejad\/ISNA\/WANA\/Reuters)<\/span><\/p>\n<\/div>\n<\/div>\n<\/div>\n<p><strong>GLORIA DE LA MA\u00d1ANA: EL PRESIDENTE TRUMP LLEVA A OCCIDENTE A UNA GRAN VICTORIA CONTRA IR\u00c1N<\/strong><\/p>\n<p>El L\u00edder Supremo de Ir\u00e1n, Jamenei, respondi\u00f3 r\u00e1pidamente, afirmando que \u00abdebido a la extra\u00f1a unidad creada entre compatriotas, se ha producido una fractura en el enemigo\u00bb.<\/p>\n<p>\u00abCon gratitud pr\u00e1ctica por esta bendici\u00f3n, la cohesi\u00f3n se ha vuelto a\u00fan mayor y m\u00e1s f\u00e9rrea, y los enemigos ser\u00e1n m\u00e1s miserables y disminuidos\u00bb, escribi\u00f3 Jamenei. \u00abLas operaciones medi\u00e1ticas del enemigo, al apuntar a las mentes y psiquis de la gente, pretenden socavar la unidad y la seguridad nacional; que nuestra negligencia no permita que este siniestro intento se haga realidad\u00bb.<\/p>\n<p>Mariam Memarsadeghi, investigadora principal del Instituto Macdonald-Laurier y fundadora y directora del Foro Cyrus para el Futuro de Ir\u00e1n, dijo a Fox News Digital que la Rep\u00fablica Isl\u00e1mica, durante d\u00e9cadas, ha enga\u00f1ado a los responsables pol\u00edticos occidentales enviando moderados a las negociaciones como \u00abun escaparate de su terror y subyugaci\u00f3n\u00bb.<\/p>\n<div class=\"image-ct inline\">\n<div class=\"m\"><picture><source media=\"(max-width: 767px)\" srcset=\"https:\/\/a57.foxnews.com\/static.foxnews.com\/foxnews.com\/content\/uploads\/2026\/04\/343\/192\/israel-usa-lebanon-iran-war-middle-east-04-09-2026-fox-news-014.jpg?ve=1&amp;tl=1, https:\/\/a57.foxnews.com\/static.foxnews.com\/foxnews.com\/content\/uploads\/2026\/04\/686\/384\/israel-usa-lebanon-iran-war-middle-east-04-09-2026-fox-news-014.jpg?ve=1&amp;tl=1 2x\" height=\"192\" width=\"343\"><source media=\"(min-width: 768px) and (max-width: 1023px)\" srcset=\"https:\/\/a57.foxnews.com\/static.foxnews.com\/foxnews.com\/content\/uploads\/2026\/04\/672\/378\/israel-usa-lebanon-iran-war-middle-east-04-09-2026-fox-news-014.jpg?ve=1&amp;tl=1, https:\/\/a57.foxnews.com\/static.foxnews.com\/foxnews.com\/content\/uploads\/2026\/04\/1344\/756\/israel-usa-lebanon-iran-war-middle-east-04-09-2026-fox-news-014.jpg?ve=1&amp;tl=1 2x\" height=\"378\" width=\"672\"><source media=\"(min-width: 1024px) and (max-width: 1279px)\" srcset=\"https:\/\/a57.foxnews.com\/static.foxnews.com\/foxnews.com\/content\/uploads\/2026\/04\/931\/523\/israel-usa-lebanon-iran-war-middle-east-04-09-2026-fox-news-014.jpg?ve=1&amp;tl=1, https:\/\/a57.foxnews.com\/static.foxnews.com\/foxnews.com\/content\/uploads\/2026\/04\/1862\/1046\/israel-usa-lebanon-iran-war-middle-east-04-09-2026-fox-news-014.jpg?ve=1&amp;tl=1 2x\" height=\"523\" width=\"931\"><source media=\"(min-width: 1280px)\" srcset=\"https:\/\/a57.foxnews.com\/static.foxnews.com\/foxnews.com\/content\/uploads\/2026\/04\/720\/405\/israel-usa-lebanon-iran-war-middle-east-04-09-2026-fox-news-014.jpg?ve=1&amp;tl=1, https:\/\/a57.foxnews.com\/static.foxnews.com\/foxnews.com\/content\/uploads\/2026\/04\/1440\/810\/israel-usa-lebanon-iran-war-middle-east-04-09-2026-fox-news-014.jpg?ve=1&amp;tl=1 2x\" height=\"405\" width=\"720\"><img loading=\"lazy\" decoding=\"async\" src=\"https:\/\/a57.foxnews.com\/static.foxnews.com\/foxnews.com\/content\/uploads\/2026\/04\/1200\/675\/israel-usa-lebanon-iran-war-middle-east-04-09-2026-fox-news-014.jpg?ve=1&amp;tl=1\" alt=\"Un cartel del ayatol\u00e1 Mojtaba Jamenei pegado en el parabrisas de una motocicleta en Teher\u00e1n\" width=\"1200\" height=\"675\"\/><\/source><\/source><\/source><\/source><\/picture><\/div>\n<div class=\"info\">\n<div class=\"caption\">\n<p><span>Un cartel del ayatol\u00e1 Mojtaba Jamenei est\u00e1 pegado en el parabrisas de una motocicleta mientras los partidarios del gobierno se re\u00fanen en Teher\u00e1n el 9 de abril de 2026, marcando el d\u00eda 40 desde el asesinato de su padre, el l\u00edder supremo, el ayatol\u00e1 Ali Jamenei.<\/span> <span>(Vahid Salemi\/AP)<\/span><\/p>\n<\/div>\n<\/div>\n<\/div>\n<p><strong>LA MUERTE DE KHAMENEI ABRE UN CAP\u00cdTULO INCIERTO PARA LA Atrincherada TEOCRACIA DE IR\u00c1N<\/strong><\/p>\n<p>Luego, los funcionarios dir\u00edan a sus hom\u00f3logos que est\u00e1n bajo presi\u00f3n de los partidarios de la l\u00ednea dura, dando a entender que Occidente debe hacer concesiones para fortalecerlos internamente.<\/p>\n<p>\u00abDebido a la guerra, la administraci\u00f3n Trump se encuentra en una situaci\u00f3n notablemente ventajosa frente al Estado terrorista imperial, una situaci\u00f3n que nunca antes se hab\u00eda intentado y mucho menos logrado\u00bb, dijo Memarsadeghi. <\/p>\n<p>\u00abPero cada vez que Trump dice que ya se ha producido un cambio de r\u00e9gimen, niega a Estados Unidos la oportunidad de deshacerse finalmente y verdaderamente del principal patrocinador del terrorismo en el mundo y de la amenaza existencial que representa no s\u00f3lo para el pueblo de Ir\u00e1n sino para todo el mundo\u00bb.<\/p>\n<p>Navid Mohebbi, que trabaj\u00f3 como analista de medios persas para la Oficina de Asuntos P\u00fablicos del Departamento de Estado, advirti\u00f3 que si bien existen rivalidades y facciones dentro de la Rep\u00fablica Isl\u00e1mica, est\u00e1n unidas en los principios fundamentales del r\u00e9gimen.<\/p>\n<p><strong>YALE PRESENTA LA CONTROVERSIAL ORADORA TRITA PARSI ACUSADA DE PROMOVER INTERESES DEL R\u00c9GIMEN IR\u00c1N<\/strong><\/p>\n<p>\u00abSus desacuerdos se refieren principalmente a t\u00e1cticas, no a direcciones fundamentales\u00bb, dijo Mohebbi a Fox News Digital, destacando que el poder real de toma de decisiones en Ir\u00e1n siempre ha reca\u00eddo en el l\u00edder supremo y el Cuerpo de la Guardia Revolucionaria Isl\u00e1mica (CGRI).<\/p>\n<p>\u00abLos llamados moderados nunca han tenido la \u00faltima palabra en cuestiones estrat\u00e9gicas clave y a menudo son utilizados para suavizar la imagen del r\u00e9gimen en el exterior\u00bb, afirm\u00f3. \u00abDesde la perspectiva del pueblo iran\u00ed, ha habido poca diferencia. En todas las administraciones etiquetadas como &#39;moderadas&#39; o &#39;de l\u00ednea dura&#39;, el sistema se ha basado sistem\u00e1ticamente en la represi\u00f3n\u00bb.<\/p>\n<p>Mohebbi cit\u00f3 el ejemplo del presidente del r\u00e9gimen iran\u00ed, Hassan Rouhani, quien se present\u00f3 como un moderado pero cuyas fuerzas de seguridad mataron violentamente a 1.500 manifestantes durante el levantamiento de noviembre de 2019.<\/p>\n<div class=\"image-ct inline\">\n<div class=\"m\"><picture><source media=\"(max-width: 767px)\" srcset=\"https:\/\/a57.foxnews.com\/static.foxnews.com\/foxnews.com\/content\/uploads\/2026\/04\/343\/192\/iranian-flag-april-1-2026-2.jpg?ve=1&amp;tl=1, https:\/\/a57.foxnews.com\/static.foxnews.com\/foxnews.com\/content\/uploads\/2026\/04\/686\/384\/iranian-flag-april-1-2026-2.jpg?ve=1&amp;tl=1 2x\" height=\"192\" width=\"343\"><source media=\"(min-width: 768px) and (max-width: 1023px)\" srcset=\"https:\/\/a57.foxnews.com\/static.foxnews.com\/foxnews.com\/content\/uploads\/2026\/04\/672\/378\/iranian-flag-april-1-2026-2.jpg?ve=1&amp;tl=1, https:\/\/a57.foxnews.com\/static.foxnews.com\/foxnews.com\/content\/uploads\/2026\/04\/1344\/756\/iranian-flag-april-1-2026-2.jpg?ve=1&amp;tl=1 2x\" height=\"378\" width=\"672\"><source media=\"(min-width: 1024px) and (max-width: 1279px)\" srcset=\"https:\/\/a57.foxnews.com\/static.foxnews.com\/foxnews.com\/content\/uploads\/2026\/04\/931\/523\/iranian-flag-april-1-2026-2.jpg?ve=1&amp;tl=1, https:\/\/a57.foxnews.com\/static.foxnews.com\/foxnews.com\/content\/uploads\/2026\/04\/1862\/1046\/iranian-flag-april-1-2026-2.jpg?ve=1&amp;tl=1 2x\" height=\"523\" width=\"931\"><source media=\"(min-width: 1280px)\" srcset=\"https:\/\/a57.foxnews.com\/static.foxnews.com\/foxnews.com\/content\/uploads\/2026\/04\/720\/405\/iranian-flag-april-1-2026-2.jpg?ve=1&amp;tl=1, https:\/\/a57.foxnews.com\/static.foxnews.com\/foxnews.com\/content\/uploads\/2026\/04\/1440\/810\/iranian-flag-april-1-2026-2.jpg?ve=1&amp;tl=1 2x\" height=\"405\" width=\"720\"><img loading=\"lazy\" decoding=\"async\" src=\"https:\/\/a57.foxnews.com\/static.foxnews.com\/foxnews.com\/content\/uploads\/2026\/04\/1200\/675\/iranian-flag-april-1-2026-2.jpg?ve=1&amp;tl=1\" alt=\"Miembros de las fuerzas de seguridad vigilan a una multitud durante un cortejo f\u00fanebre en Teher\u00e1n.\" width=\"1200\" height=\"675\"\/><\/source><\/source><\/source><\/source><\/picture><\/div>\n<div class=\"info\">\n<div class=\"caption\">\n<p><span>Miembros de las fuerzas de seguridad vigilan a la multitud durante una procesi\u00f3n f\u00fanebre del jefe de la Marina del IRGC, Alireza Tangsiri, y otros altos comandantes navales muertos en ataques estadounidenses-israel\u00edes a finales de marzo en Teher\u00e1n, Ir\u00e1n, el 1 de abril de 2026.<\/span> <span>(Majid Saeedi\/Getty Images)<\/span><\/p>\n<\/div>\n<\/div>\n<\/div>\n<p><strong>EL L\u00cdDER SUPREMO DE IR\u00c1N DICE QUE LAS CONVERSACIONES NUCLEARES CON EL ADMINISTRADOR DE TRUMP NO SER\u00cdAN &#39;SABIAS&#39;<\/strong><\/p>\n<p>\u00abEl mismo patr\u00f3n ha continuado bajo Masoud Pezeshkian en la masacre de protesta de enero de 2026, lo que refuerza la realidad de que estas etiquetas no se han traducido en cambios significativos sobre el terreno\u00bb, afirm\u00f3.<\/p>\n<p>Sin embargo, un funcionario regional insisti\u00f3 en que hay enfrentamientos entre moderados y partidarios de la l\u00ednea dura en Ir\u00e1n. El funcionario le dijo a Fox News Digital que Pezeshkian es un moderado, pero que \u00abni siquiera pudo cumplir su promesa de campa\u00f1a sobre la libertad en Internet. Para ser honesto, ni siquiera ha podido hacer m&#8212;\u00ab.<\/p>\n<p>\u00abLa reacci\u00f3n conjunta de los jefes de las tres ramas del poder fue en respuesta a la referencia de Trump al tema de la ruptura y tambi\u00e9n al hecho de que efectivamente hay partidarios de la l\u00ednea dura y moderados\u00bb, a\u00f1adi\u00f3 el funcionario. <\/p>\n<p>\u00abMira, cada vez que Ir\u00e1n quiere hacer concesiones, arrojan a los moderados debajo del autob\u00fas para que los moderados lleguen a un acuerdo, y luego, los de l\u00ednea dura los culpan por las mismas concesiones que todos hab\u00edan acordado hacer\u00bb.<\/p>\n<p><strong>HAGA CLIC AQU\u00cd PARA DESCARGAR LA APLICACI\u00d3N FOX NEWS<\/strong><\/p>\n<p>Lawdan Bazargan, que fue encarcelada por la Rep\u00fablica Isl\u00e1mica en la d\u00e9cada de 1980 por sus actividades de disidencia pol\u00edtica, dijo a Fox News Digital que lo que los funcionarios est\u00e1n viendo ahora no es la desaparici\u00f3n de la divisi\u00f3n, sino la exposici\u00f3n de lo que realmente era esa divisi\u00f3n.<\/p>\n<p>\u00abEn realidad, todas estas cifras &#8211; Mohammad-Bagher Ghalibaf [speaker of Iran\u2019s parliament]Saeed Jalili [member of the Expediency Discernment Council]Pezeshkian, Ahmad Vahidi [head of the IRGC]Gholam-Hossein Mohseni-Ejei [head of Iran\u2019s judiciary] \u2014 operan dentro del mismo marco ideol\u00f3gico\u00bb, dijo Bazargan. <\/p>\n<p>\u00abTodos est\u00e1n comprometidos con la preservaci\u00f3n del sistema, la proyecci\u00f3n del poder en la regi\u00f3n y la confrontaci\u00f3n con lo que definen como &#39;las fuerzas del mal&#39;, es decir, Estados Unidos e Israel\u00bb.<\/p>\n<p> <!----> <!----> <\/p>\n<div class=\"article-meta\">\n<div class=\"author-bio\">\n<p>Benjamin Weinthal informa sobre Israel, Ir\u00e1n, Siria, Turqu\u00eda y Europa. Puede seguir a Benjamin en Twitter @BenWeinthal y enviarle un correo electr\u00f3nico a benjamin.weinthal@fox.com.<\/p>\n<\/div>\n<\/div>\n<\/div>\n\n","protected":false},"excerpt":{"rendered":"<p>NUEVO\u00a1Ahora puedes escuchar los art\u00edculos de Fox News! D\u00edas despu\u00e9s de que el liderazgo de Ir\u00e1n proyectara un frente unificado, socavando la tan mencionada divisi\u00f3n entre moderados y duros, el presidente Donald Trump cancel\u00f3 las conversaciones planeadas con Teher\u00e1n en Islamabad, Pakist\u00e1n, citando \u00abluchas internas y confusi\u00f3n\u00bb dentro del r\u00e9gimen. Los expertos iran\u00edes estadounidenses sostienen &hellip;<\/p>\n","protected":false},"author":1,"featured_media":63684,"comment_status":"open","ping_status":"open","sticky":false,"template":"","format":"standard","meta":{"fifu_image_url":"https:\/\/static.foxnews.com\/foxnews.com\/content\/uploads\/2026\/04\/israel-usa-lebanon-iran-war-middle-east-04-09-2026-fox-news-014.jpg","fifu_image_alt":"","footnotes":""},"categories":[13],"tags":[],"class_list":["post-63682","post","type-post","status-publish","format-standard","has-post-thumbnail","","category-mundo"],"_links":{"self":[{"href":"https:\/\/noticiasveraces.com\/index.php?rest_route=\/wp\/v2\/posts\/63682","targetHints":{"allow":["GET"]}}],"collection":[{"href":"https:\/\/noticiasveraces.com\/index.php?rest_route=\/wp\/v2\/posts"}],"about":[{"href":"https:\/\/noticiasveraces.com\/index.php?rest_route=\/wp\/v2\/types\/post"}],"author":[{"embeddable":true,"href":"https:\/\/noticiasveraces.com\/index.php?rest_route=\/wp\/v2\/users\/1"}],"replies":[{"embeddable":true,"href":"https:\/\/noticiasveraces.com\/index.php?rest_route=%2Fwp%2Fv2%2Fcomments&post=63682"}],"version-history":[{"count":0,"href":"https:\/\/noticiasveraces.com\/index.php?rest_route=\/wp\/v2\/posts\/63682\/revisions"}],"wp:featuredmedia":[{"embeddable":true,"href":"https:\/\/noticiasveraces.com\/index.php?rest_route=\/wp\/v2\/media\/63684"}],"wp:attachment":[{"href":"https:\/\/noticiasveraces.com\/index.php?rest_route=%2Fwp%2Fv2%2Fmedia&parent=63682"}],"wp:term":[{"taxonomy":"category","embeddable":true,"href":"https:\/\/noticiasveraces.com\/index.php?rest_route=%2Fwp%2Fv2%2Fcategories&post=63682"},{"taxonomy":"post_tag","embeddable":true,"href":"https:\/\/noticiasveraces.com\/index.php?rest_route=%2Fwp%2Fv2%2Ftags&post=63682"}],"curies":[{"name":"wp","href":"https:\/\/api.w.org\/{rel}","templated":true}]}}