{"id":63674,"date":"2026-04-25T22:06:39","date_gmt":"2026-04-26T02:06:39","guid":{"rendered":"https:\/\/noticiasveraces.com\/?p=63674"},"modified":"2026-04-25T22:06:39","modified_gmt":"2026-04-26T02:06:39","slug":"alianza-por-la-libertad-de-expresion-propone-medidas-para-restituir-la-libertad-en-venezuela","status":"publish","type":"post","link":"https:\/\/noticiasveraces.com\/?p=63674","title":{"rendered":"Alianza por la Libertad de Expresi\u00f3n propone medidas para restituir la libertad en Venezuela"},"content":{"rendered":"<p> \n<\/p>\n<div>\n<p><strong>La <\/strong><strong>Alianza por la Libertad de Expresi\u00f3n<\/strong> present\u00f3 un <strong>\u201cDec\u00e1logo de Acci\u00f3n Inmediata para Restituir la Libre Expresi\u00f3n y Comunicaci\u00f3n 2026<\/strong>\u201d, en el que plantea una serie de medidas urgentes dirigidas al Estado venezolano con el objetivo de recuperar garant\u00edas fundamentales en materia de informaci\u00f3n, prensa y opini\u00f3n.<\/p>\n<div class=\"ruby-table-contents rbtoc table-fw\">\n<ul class=\"toc-content h5\">\n<li>Las medidas planteadas<\/li>\n<li>75 violaciones a la libertad de expresi\u00f3n en lo que va de 2026<\/li>\n<\/ul>\n<\/div>\n<p>En el documento, difundido el 25 de abril en las redes sociales, sostiene que la reconstrucci\u00f3n democr\u00e1tica del pa\u00eds pasa necesariamente por <strong>restablecer condiciones m\u00ednimas<\/strong> para el ejercicio de la libertad de expresi\u00f3n.<\/p>\n<figure class=\"wp-block-image size-large\"><picture fetchpriority=\"high\" decoding=\"async\" class=\"wp-image-858238\"><source type=\"image\/webp\" srcset=\"https:\/\/eldiario.com\/wp-content\/uploads\/2026\/04\/1000315652-1200x800.jpg.webp 1200w, https:\/\/eldiario.com\/wp-content\/uploads\/2026\/04\/1000315652-300x200.jpg.webp 300w, https:\/\/eldiario.com\/wp-content\/uploads\/2026\/04\/1000315652-768x512.jpg.webp 768w, https:\/\/eldiario.com\/wp-content\/uploads\/2026\/04\/1000315652-1536x1024.jpg.webp 1536w, https:\/\/eldiario.com\/wp-content\/uploads\/2026\/04\/1000315652-330x220.jpg.webp 330w, https:\/\/eldiario.com\/wp-content\/uploads\/2026\/04\/1000315652-420x280.jpg.webp 420w, https:\/\/eldiario.com\/wp-content\/uploads\/2026\/04\/1000315652-615x410.jpg.webp 615w, https:\/\/eldiario.com\/wp-content\/uploads\/2026\/04\/1000315652-860x574.jpg.webp 860w, https:\/\/eldiario.com\/wp-content\/uploads\/2026\/04\/1000315652-150x100.jpg.webp 150w, https:\/\/eldiario.com\/wp-content\/uploads\/2026\/04\/1000315652.jpg.webp 1600w\" sizes=\"(max-width: 1200px) 100vw, 1200px\"\/><img fetchpriority=\"high\" decoding=\"async\" width=\"1200\" height=\"800\" src=\"https:\/\/eldiario.com\/wp-content\/uploads\/2026\/04\/1000315652-1200x800.jpg\" alt=\"Alianza por la Libertad de Expresi\u00f3n propuso un \u201cdec\u00e1logo de acci\u00f3n inmediata\u201d para restituir la libertad de expresi\u00f3n en Venezuela\" srcset=\"https:\/\/eldiario.com\/wp-content\/uploads\/2026\/04\/1000315652-1200x800.jpg 1200w, https:\/\/eldiario.com\/wp-content\/uploads\/2026\/04\/1000315652-300x200.jpg 300w, https:\/\/eldiario.com\/wp-content\/uploads\/2026\/04\/1000315652-768x512.jpg 768w, https:\/\/eldiario.com\/wp-content\/uploads\/2026\/04\/1000315652-1536x1024.jpg 1536w, https:\/\/eldiario.com\/wp-content\/uploads\/2026\/04\/1000315652-330x220.jpg 330w, https:\/\/eldiario.com\/wp-content\/uploads\/2026\/04\/1000315652-420x280.jpg 420w, https:\/\/eldiario.com\/wp-content\/uploads\/2026\/04\/1000315652-615x410.jpg 615w, https:\/\/eldiario.com\/wp-content\/uploads\/2026\/04\/1000315652-860x574.jpg 860w, https:\/\/eldiario.com\/wp-content\/uploads\/2026\/04\/1000315652-150x100.jpg 150w, https:\/\/eldiario.com\/wp-content\/uploads\/2026\/04\/1000315652.jpg 1600w\" sizes=\"(max-width: 1200px) 100vw, 1200px\"\/>\n<\/picture>\n<\/figure>\n<p>En ese sentido, subraya que es indispensable avanzar en el desbloqueo de medios digitales, la restituci\u00f3n de concesiones, la liberaci\u00f3n de personas detenidas por expresarse y el <strong>cese de pr\u00e1cticas de vigilancia e intimidaci\u00f3n.<\/strong><\/p>\n<p>La coalici\u00f3n, conformada por organizaciones civiles y gremiales, acad\u00e9micas y de organizaciones defensoras de los derechos humanos, advierte que el acceso a informaci\u00f3n libre y plural permite a los ciudadanos tomar decisiones informadas y fortalece procesos democr\u00e1ticos leg\u00edtimos.<\/p>\n<p>Por ello, considera que las acciones propuestas deben ejecutarse de forma inmediata y simult\u00e1nea como punto de partida para una reestructuraci\u00f3n institucional m\u00e1s amplia.<\/p>\n<h2 id=\"las-medidas-planteadas\" class=\"rb-heading-index-0-858233 wp-block-heading\">Las medidas planteadas<\/h2>\n<p>Entre las principales medidas planteadas destaca el<strong> cese de la persecuci\u00f3n judicial<\/strong> contra periodistas, activistas y ciudadanos, lo que incluye la liberaci\u00f3n inmediata de personas encarceladas por ejercer su derecho a expresarse y el <strong>sobreseimiento de causas consideradas arbitrarias.<\/strong><\/p>\n<p>Asimismo, el dec\u00e1logo exige detener los ataques discursivos, amenazas y actos de intimidaci\u00f3n contra la prensa, as\u00ed como eliminar pr\u00e1cticas discriminatorias como listas o estigmatizaci\u00f3n desde instancias oficiales.<\/p>\n<p>Otro de los puntos clave es el <strong>levantamiento del bloqueo a p\u00e1ginas web<\/strong>portales informativos, redes sociales como X y servicios de VPN que, seg\u00fan el documento, han sido restringidos de manera arbitraria por operadoras como la estatal Compa\u00f1\u00eda An\u00f3nima Nacional Tel\u00e9fonos de Venezuela (CANTV) y empresas privadas del sector telecomunicaciones.<\/p>\n<figure class=\"wp-block-image size-large\"><picture loading=\"lazy\" decoding=\"async\" class=\"wp-image-671887\"><source type=\"image\/webp\" srcset=\"https:\/\/eldiario.com\/wp-content\/uploads\/2024\/05\/EFE-Miguel-Gutierrez-1200x750.png.webp 1200w, https:\/\/eldiario.com\/wp-content\/uploads\/2024\/05\/EFE-Miguel-Gutierrez-300x188.png.webp 300w, https:\/\/eldiario.com\/wp-content\/uploads\/2024\/05\/EFE-Miguel-Gutierrez-768x480.png.webp 768w, https:\/\/eldiario.com\/wp-content\/uploads\/2024\/05\/EFE-Miguel-Gutierrez-1536x960.png.webp 1536w, https:\/\/eldiario.com\/wp-content\/uploads\/2024\/05\/EFE-Miguel-Gutierrez-150x94.png.webp 150w, https:\/\/eldiario.com\/wp-content\/uploads\/2024\/05\/EFE-Miguel-Gutierrez.png.webp 1600w\" sizes=\"(max-width: 1200px) 100vw, 1200px\"\/><img loading=\"lazy\" decoding=\"async\" width=\"1200\" height=\"750\" src=\"https:\/\/eldiario.com\/wp-content\/uploads\/2024\/05\/EFE-Miguel-Gutierrez-1200x750.png\" alt=\"#TeExplicamosElD\u00eda | Lunes 8 de septiembre En Venezuela persisten los problemas estructurales que no permiten el pleno ejercicio de la libertad de expresi\u00f3n. EFE \/ Miguel Guti\u00e9rrez\" srcset=\"https:\/\/eldiario.com\/wp-content\/uploads\/2024\/05\/EFE-Miguel-Gutierrez-1200x750.png 1200w, https:\/\/eldiario.com\/wp-content\/uploads\/2024\/05\/EFE-Miguel-Gutierrez-300x188.png 300w, https:\/\/eldiario.com\/wp-content\/uploads\/2024\/05\/EFE-Miguel-Gutierrez-768x480.png 768w, https:\/\/eldiario.com\/wp-content\/uploads\/2024\/05\/EFE-Miguel-Gutierrez-1536x960.png 1536w, https:\/\/eldiario.com\/wp-content\/uploads\/2024\/05\/EFE-Miguel-Gutierrez-150x94.png 150w, https:\/\/eldiario.com\/wp-content\/uploads\/2024\/05\/EFE-Miguel-Gutierrez.png 1600w\" sizes=\"auto, (max-width: 1200px) 100vw, 1200px\"\/>\n<\/picture><figcaption class=\"wp-element-caption\">Foto: EFE \/Miguel Gutierrez<\/figcaption><\/figure>\n<p>La propuesta tambi\u00e9n incluye la <strong>derogaci\u00f3n de normativas consideradas restrictivas<\/strong>entre ellas disposiciones del C\u00f3digo Penal vinculadas al desacato, la Ley contra la Delincuencia Organizada y Financiamiento al Terrorismo, la Ley contra el Odio y la Ley de Responsabilidad Social en Radio, Televisi\u00f3n y Medios Electr\u00f3nicos.<\/p>\n<p>Por otro lado, el documento plantea reformar la Comisi\u00f3n Nacional de Telecomunicaciones (Conatel) para garantizar su independencia y transparencia, as\u00ed como <strong>devolver equipos, sedes y concesiones retiradas a medios de comunicaci\u00f3n.<\/strong><\/p>\n<p>El dec\u00e1logo tambi\u00e9n aboga por garantizar la entrega de documentos de identidad a periodistas, permitir el acceso pleno a fuentes oficiales de informaci\u00f3n y poner fin a la vigilancia de comunicaciones, incluyendo la revisi\u00f3n ilegal de dispositivos electr\u00f3nicos.<\/p>\n<h2 id=\"75-violaciones-a-la-libertad-de-expresion-en-lo-que-va-de-2026\" class=\"rb-heading-index-1-858233 wp-block-heading\">75 violaciones a la libertad de expresi\u00f3n en lo que va de 2026<\/h2>\n<p>El 14 de abril, la organizaci\u00f3n no gubernamental (ONG) <strong>Espacio P\u00fablico <\/strong>report\u00f3 75 violaciones a la libertad de expresi\u00f3n en Venezuela. Los hechos habr\u00edan ocurrido entre enero y marzo de este a\u00f1o.<\/p>\n<p>La ONG precis\u00f3 que en marzo document\u00f3 siete casos, entre ellos <strong>la muerte de dos periodistas.<\/strong><\/p>\n<p>\u201cLas principales v\u00edctimas de violaciones al derecho a expresarse fueron periodistas, medios de comunicaci\u00f3n y la ciudadan\u00eda\u201d, se\u00f1al\u00f3 la ONG en una nota de prensa publicada en su web.<\/p>\n<figure class=\"wp-block-image size-large\"><img loading=\"lazy\" decoding=\"async\" width=\"1024\" height=\"576\" src=\"https:\/\/eldiario.com\/wp-content\/uploads\/2022\/05\/censura-medios-venezuelajpg-1024x576.webp\" alt=\"Vulneraciones al ejercicio del periodismo marcan la pauta en la agenda venezolana\" class=\"wp-image-333188\" srcset=\"https:\/\/eldiario.com\/wp-content\/uploads\/2022\/05\/censura-medios-venezuelajpg-1024x576.webp 1024w, https:\/\/eldiario.com\/wp-content\/uploads\/2022\/05\/censura-medios-venezuelajpg-300x169.webp 300w, https:\/\/eldiario.com\/wp-content\/uploads\/2022\/05\/censura-medios-venezuelajpg-768x432.webp 768w, https:\/\/eldiario.com\/wp-content\/uploads\/2022\/05\/censura-medios-venezuelajpg-150x84.webp 150w, https:\/\/eldiario.com\/wp-content\/uploads\/2022\/05\/censura-medios-venezuelajpg.webp 1200w\" sizes=\"auto, (max-width: 1024px) 100vw, 1024px\"\/><figcaption class=\"wp-element-caption\">Cortes\u00eda \/ EFE<\/figcaption><\/figure>\n<p>Asimismo, indic\u00f3 que entre los victimarios figuran instituciones del Estado, cuerpos de seguridad y funcionarios p\u00fablicos, sin precisar detalles.<\/p>\n<p>En contraste, Venezuela ocupa<strong> el \u00faltimo lugar entre 23 pa\u00edses evaluados<\/strong> en el \u00cdndice Chapultepec de Libertad de Expresi\u00f3n y Prensa 2025, seg\u00fan la Sociedad Interamericana de Prensa (SIP), y es considerado, junto a Nicaragua, un pa\u00eds \u201csin libertad de expresi\u00f3n\u201d.<\/p>\n<p>El pa\u00eds obtuvo 7,02 puntos de 100 posibles, tras un contexto marcado por m\u00e1s de 2.000 detenciones en 2024, de acuerdo con el informe.<\/p>\n<p><!-- CONTENT END 1 -->\n<\/div>\n\n","protected":false},"excerpt":{"rendered":"<p>La Alianza por la Libertad de Expresi\u00f3n present\u00f3 un \u201cDec\u00e1logo de Acci\u00f3n Inmediata para Restituir la Libre Expresi\u00f3n y Comunicaci\u00f3n 2026\u201d, en el que plantea una serie de medidas urgentes dirigidas al Estado venezolano con el objetivo de recuperar garant\u00edas fundamentales en materia de informaci\u00f3n, prensa y opini\u00f3n. Las medidas planteadas 75 violaciones a la &hellip;<\/p>\n","protected":false},"author":1,"featured_media":63676,"comment_status":"open","ping_status":"open","sticky":false,"template":"","format":"standard","meta":{"fifu_image_url":"https:\/\/eldiario.com\/wp-content\/uploads\/2025\/12\/rss-efedadd7eb49ba53f78e6ac389469b38cefcbd9a409w-1200x800-1.jpg","fifu_image_alt":"","footnotes":""},"categories":[13],"tags":[],"class_list":["post-63674","post","type-post","status-publish","format-standard","has-post-thumbnail","","category-mundo"],"_links":{"self":[{"href":"https:\/\/noticiasveraces.com\/index.php?rest_route=\/wp\/v2\/posts\/63674","targetHints":{"allow":["GET"]}}],"collection":[{"href":"https:\/\/noticiasveraces.com\/index.php?rest_route=\/wp\/v2\/posts"}],"about":[{"href":"https:\/\/noticiasveraces.com\/index.php?rest_route=\/wp\/v2\/types\/post"}],"author":[{"embeddable":true,"href":"https:\/\/noticiasveraces.com\/index.php?rest_route=\/wp\/v2\/users\/1"}],"replies":[{"embeddable":true,"href":"https:\/\/noticiasveraces.com\/index.php?rest_route=%2Fwp%2Fv2%2Fcomments&post=63674"}],"version-history":[{"count":0,"href":"https:\/\/noticiasveraces.com\/index.php?rest_route=\/wp\/v2\/posts\/63674\/revisions"}],"wp:featuredmedia":[{"embeddable":true,"href":"https:\/\/noticiasveraces.com\/index.php?rest_route=\/wp\/v2\/media\/63676"}],"wp:attachment":[{"href":"https:\/\/noticiasveraces.com\/index.php?rest_route=%2Fwp%2Fv2%2Fmedia&parent=63674"}],"wp:term":[{"taxonomy":"category","embeddable":true,"href":"https:\/\/noticiasveraces.com\/index.php?rest_route=%2Fwp%2Fv2%2Fcategories&post=63674"},{"taxonomy":"post_tag","embeddable":true,"href":"https:\/\/noticiasveraces.com\/index.php?rest_route=%2Fwp%2Fv2%2Ftags&post=63674"}],"curies":[{"name":"wp","href":"https:\/\/api.w.org\/{rel}","templated":true}]}}