{"id":63503,"date":"2026-04-25T02:35:37","date_gmt":"2026-04-25T06:35:37","guid":{"rendered":"https:\/\/noticiasveraces.com\/?p=63503"},"modified":"2026-04-25T02:35:37","modified_gmt":"2026-04-25T06:35:37","slug":"la-uefa-sanciona-con-seis-partidos-a-gianluca-prestianni-por-comportamiento-discriminatorio","status":"publish","type":"post","link":"https:\/\/noticiasveraces.com\/?p=63503","title":{"rendered":"La UEFA sanciona con seis partidos a Gianluca Prestianni por \u00abcomportamiento discriminatorio\u00bb"},"content":{"rendered":"<p> \n<\/p>\n<div id=\"intext\">\n<p>La<b> UEFA<\/b> ha sancionado con seis partido <b>Gianluca Prestianni <\/b>por <b>\u00abuna conducta discriminatoria\u00bb<\/b> tras lo ocurrido en la eliminatoria ante el Real Madrid, cuando V\u00ednicius acus\u00f3 al futbolista argentino de <b>haberle proferido insultos racistas<\/b> durante el partido de ida de los playoffs de la Champions League.<\/p>\n<p>El m\u00e1ximo organismo del f\u00fatbol europeo, tras <b>la investigaci\u00f3n que abri\u00f3<\/b> sobre lo ocurrido, detalla que el futbolista del Benfica deber\u00e1 cumplir tres partidos de sanci\u00f3n en \u00abpartidos oficiales de clubes de la UEFA y\/o de selecciones nacionales para los cuales ser\u00eda elegible\u00bb, aclarando que los otros tres partidos quedan sujetos a un periodo de prueba durante dos a\u00f1os en los que no vuelva a incurrir en una acci\u00f3n similar.<\/p>\n<p>\u00abEl \u00d3rgano de Control, \u00c9tica y Disciplina de la UEFA (CEDB) ha decidido suspender al jugador del Benfica Gianluca Prestianni a un total de seis partidos oficiales de clubes y\/o selecciones nacionales de la UEFA para los que, de otro modo, estar\u00eda habilitado, por conducta discriminatoria hom\u00f3foba\u00bb, informa este viernes la UEFA en un comunicado.<\/p>\n<p>Adem\u00e1s, la <b>UEFA<\/b> se\u00f1ala que uno de los partidos de suspensi\u00f3n a Prestianni es <b>el que ya cumpli\u00f3 de forma provisional<\/b> en el partido de vuelta de los playoffs de la Champions League ante el Real Madrid.<\/p>\n<h2 class=\"title-h2\">\u00abNada de lo que ocurri\u00f3 hoy es novedad en mi vida ni en la de mi familia\u00bb<\/h2>\n<p>El propio Vin\u00edcius acus\u00f3 el pasado 17 de febrero a Gianluca Prestianni por insultos racistas en el partido jugado en el Estadio da Luz.<\/p>\n<p>\u00abLos racistas son, ante todo, cobardes. Necesitan ponerse la camiseta en la boca para demostrar lo d\u00e9biles que son. Pero tienen, a su lado, la protecci\u00f3n de otros que, te\u00f3ricamente, tienen la obligaci\u00f3n de castigar. Nada de lo que ocurri\u00f3 hoy es novedad en mi vida ni en la de mi familia\u00bb, aseguraba el brasile\u00f1o.<\/p>\n<p>En el partido de ida de los playoffs de la Champions League, el colegiado Fran\u00e7ois Letexier activ\u00f3 el protocolo para estos casos y el partido se detuvo durante unos minutos despu\u00e9s de que Vin\u00edcius, tras marcar el <b>0-1<\/b> en Lisboa, le indicara que Prestianni le hab\u00eda insultado de forma racista.<\/p>\n<p><i>S\u00edguenos en nuestro <\/i><i><strong>canal de WhatsApp<\/strong><\/i><i>  y no te pierdas la \u00faltima hora y toda la actualidad en nuestro <\/i><b><i>perfil de Google<\/i>.<\/b>        <\/p>\n<div class=\"recirculation-video\" data-mod=\"a3mod_recirculation_video\">\n<div class=\"recirculation-video-wrapper\">\n<div>\n<div class=\"video-wrapper\">\n  <picture class=\"video-main-picture\"><source media=\"(min-width: 481px)\" srcset=\"https:\/\/fotografias.antena3.com\/clipping\/cmsimages02\/2026\/04\/23\/D1DF2D1D-A8F9-4371-BFEE-7BE60E65FCA9\/lamine-yamal-rompe-todo-apunta-que-perdera-que-resta-temporada-peligra-mundial-2026_94.jpg?crop=1920,1080,x0,y200&amp;width=800&amp;height=450&amp;optimize=medium&amp;format=webply\" width=\"800\" height=\"450\"><source media=\"(min-width: 391px) and (max-width: 480px)\" srcset=\"https:\/\/fotografias.antena3.com\/clipping\/cmsimages02\/2026\/04\/23\/D1DF2D1D-A8F9-4371-BFEE-7BE60E65FCA9\/lamine-yamal-rompe-todo-apunta-que-perdera-que-resta-temporada-peligra-mundial-2026_70.jpg?crop=1920,1080,x0,y200&amp;width=480&amp;height=270&amp;optimize=high&amp;format=webply\" width=\"480\" height=\"270\"><source media=\"(min-width: 321px) and (max-width: 390px)\" srcset=\"https:\/\/fotografias.antena3.com\/clipping\/cmsimages02\/2026\/04\/23\/D1DF2D1D-A8F9-4371-BFEE-7BE60E65FCA9\/lamine-yamal-rompe-todo-apunta-que-perdera-que-resta-temporada-peligra-mundial-2026_92.jpg?crop=1920,1078,x0,y202&amp;width=390&amp;height=219&amp;optimize=high&amp;format=webply\" width=\"390\" height=\"219\"><source media=\"(max-width: 320px)\" srcset=\"https:\/\/fotografias.antena3.com\/clipping\/cmsimages02\/2026\/04\/23\/D1DF2D1D-A8F9-4371-BFEE-7BE60E65FCA9\/lamine-yamal-rompe-todo-apunta-que-perdera-que-resta-temporada-peligra-mundial-2026_52.jpg?crop=1920,1080,x0,y200&amp;width=320&amp;height=180&amp;optimize=high&amp;format=webply\" width=\"320\" height=\"180\"><img decoding=\"async\" title=\"Lamine Yamal se rompe y todo apunta a que se perder\u00e1 lo que resta de temporada, peligra el Mundial 2026\" alt=\"Lamine Yamal se rompe y todo apunta a que se perder\u00e1 lo que resta de temporada, peligra el Mundial 2026\" width=\"480\" height=\"270\" src=\"https:\/\/fotografias.antena3.com\/clipping\/cmsimages02\/2026\/04\/23\/D1DF2D1D-A8F9-4371-BFEE-7BE60E65FCA9\/lamine-yamal-rompe-todo-apunta-que-perdera-que-resta-temporada-peligra-mundial-2026_70.jpg?crop=1920,1080,x0,y200&amp;width=480&amp;height=270&amp;optimize=high&amp;format=webply\" loading=\"lazy\" class=\"lazy\"\/><br \/>\n  <\/source><\/source><\/source><\/source><\/picture>\n <\/div>\n<\/div><\/div>\n<\/p><\/div>\n<\/div>\n\n","protected":false},"excerpt":{"rendered":"<p>La UEFA ha sancionado con seis partido Gianluca Prestianni por \u00abuna conducta discriminatoria\u00bb tras lo ocurrido en la eliminatoria ante el Real Madrid, cuando V\u00ednicius acus\u00f3 al futbolista argentino de haberle proferido insultos racistas durante el partido de ida de los playoffs de la Champions League. El m\u00e1ximo organismo del f\u00fatbol europeo, tras la investigaci\u00f3n &hellip;<\/p>\n","protected":false},"author":1,"featured_media":63505,"comment_status":"open","ping_status":"open","sticky":false,"template":"","format":"standard","meta":{"fifu_image_url":"https:\/\/fotografias.antena3.com\/clipping\/cmsimages01\/2026\/02\/23\/0924D154-0CD4-490B-BD64-1D550E8FF239\/vinicius-gianluca-prestianni-duelo-ida-lisboa_69.jpg?crop=1920,1080,x0,y0&width=1280&height=720&optimize=low&format=jpg","fifu_image_alt":"","footnotes":""},"categories":[6],"tags":[],"class_list":["post-63503","post","type-post","status-publish","format-standard","has-post-thumbnail","","category-deportes"],"_links":{"self":[{"href":"https:\/\/noticiasveraces.com\/index.php?rest_route=\/wp\/v2\/posts\/63503","targetHints":{"allow":["GET"]}}],"collection":[{"href":"https:\/\/noticiasveraces.com\/index.php?rest_route=\/wp\/v2\/posts"}],"about":[{"href":"https:\/\/noticiasveraces.com\/index.php?rest_route=\/wp\/v2\/types\/post"}],"author":[{"embeddable":true,"href":"https:\/\/noticiasveraces.com\/index.php?rest_route=\/wp\/v2\/users\/1"}],"replies":[{"embeddable":true,"href":"https:\/\/noticiasveraces.com\/index.php?rest_route=%2Fwp%2Fv2%2Fcomments&post=63503"}],"version-history":[{"count":0,"href":"https:\/\/noticiasveraces.com\/index.php?rest_route=\/wp\/v2\/posts\/63503\/revisions"}],"wp:featuredmedia":[{"embeddable":true,"href":"https:\/\/noticiasveraces.com\/index.php?rest_route=\/wp\/v2\/media\/63505"}],"wp:attachment":[{"href":"https:\/\/noticiasveraces.com\/index.php?rest_route=%2Fwp%2Fv2%2Fmedia&parent=63503"}],"wp:term":[{"taxonomy":"category","embeddable":true,"href":"https:\/\/noticiasveraces.com\/index.php?rest_route=%2Fwp%2Fv2%2Fcategories&post=63503"},{"taxonomy":"post_tag","embeddable":true,"href":"https:\/\/noticiasveraces.com\/index.php?rest_route=%2Fwp%2Fv2%2Ftags&post=63503"}],"curies":[{"name":"wp","href":"https:\/\/api.w.org\/{rel}","templated":true}]}}