{"id":63467,"date":"2026-04-24T20:42:39","date_gmt":"2026-04-25T00:42:39","guid":{"rendered":"https:\/\/noticiasveraces.com\/?p=63467"},"modified":"2026-04-24T20:42:39","modified_gmt":"2026-04-25T00:42:39","slug":"no-hay-multilateralismo-sin-multilinguismo-la-onu-reivindica-el-espanol-como-lengua-de-poder-en-la-era-de-la-ia","status":"publish","type":"post","link":"https:\/\/noticiasveraces.com\/?p=63467","title":{"rendered":"\u00abNo hay multilateralismo sin multiling\u00fcismo\u00bb: la ONU reivindica el espa\u00f1ol como lengua de poder en la era de la IA"},"content":{"rendered":"<p> \n<\/p>\n<div>\n<p>El espa\u00f1ol no es solo un veh\u00edculo de comunicaci\u00f3n, sino un pilar del multilateralismo y un activo estrat\u00e9gico global. Con m\u00e1s de 635 millones de hablantes, se consolida como herramienta de acceso ciudadano, cohesi\u00f3n cultural y legitimidad democr\u00e1tica. En el D\u00eda del Idioma Espa\u00f1ol en las Naciones Unidas, expertos en diplomacia, comunicaci\u00f3n y tecnolog\u00eda se reunieron en Nueva York para debatir c\u00f3mo cambiar eso, y c\u00f3mo la inteligencia artificial puede ser parte de la soluci\u00f3n o del problema.<\/p>\n<p><strong>\u201cEl multiling\u00fcismo est\u00e1 en la propia esencia de las Naciones Unidas\u201d<\/strong>afirm\u00f3 <strong>M\u00f3nica Colomer<\/strong>directora general del Espa\u00f1ol en el Mundo del Gobierno de Espa\u00f1a, quien subray\u00f3 adem\u00e1s que \u201cno hay multilateralismo sin multiling\u00fcismo\u201d. En un contexto internacional marcado por la fragmentaci\u00f3n, el idioma se posiciona como una herramienta de cohesi\u00f3n y acceso. \u201cEl mensaje llega directo al coraz\u00f3n de los ciudadanos\u201d, a\u00f1adi\u00f3.<\/p>\n<p>En el panel participaron tambi\u00e9n<strong> Ian Phillips<\/strong>director de la Divisi\u00f3n de Noticias y Medios del Departamento de Comunicaci\u00f3n Global de la ONU, y <strong>Juana Fern\u00e1ndez Silva,<\/strong> directora de plataformas de nube e Inteligencia Artificial en Microsoft y estuvo moderado por Laura Qui\u00f1ones, comunicadora del Departamento de Comunicaci\u00f3n Global de la ONU.<\/p>\n<h2>La IA: \u00bfaliada o trampa?<\/h2>\n<p>Phillips insisti\u00f3 en que el multiling\u00fcismo no puede reducirse a la traducci\u00f3n. \u201cSi uno hace una traducci\u00f3n directa, el producto se queda un poco seco\u201d, explic\u00f3, subrayando que \u201chay que mantener el estilo, el sabor, el alma de los productos\u201d. En un entorno como la ONU, a\u00f1adi\u00f3, el componente humano sigue siendo esencial: \u201c<strong>El ser humano puede captar un momento, matices pol\u00edticos, un silencio, quiz\u00e1s durante negociaciones de paz. <\/strong>Creo que por ahora creo que una m\u00e1quina no puede competir en eso\u201d.<\/p>\n<p>La inteligencia artificial, sin embargo, se perfila como una herramienta clave. Fern\u00e1ndez Silva destac\u00f3 su potencial, pero insisti\u00f3 en la necesidad de supervisi\u00f3n: \u201cEl copiloto en este caso es alguien que va con el piloto, pero el piloto sigue siendo t\u00fa\u201d. Explic\u00f3 que cuando una aplicaci\u00f3n se construye sobre documentos en espa\u00f1ol, el resultado que produce la IA es nativo en ese idioma, no una traducci\u00f3n de otro. La clave, subray\u00f3, est\u00e1 en los datos de origen.<\/p>\n<p>En esta l\u00ednea, Colomer destac\u00f3 los esfuerzos en marcha dentro de la comunidad iberoamericana para impulsar el espa\u00f1ol en el \u00e1mbito tecnol\u00f3gico. \u201cHay un compromiso [\u2026] de<strong> trabajar en un corpus que permitiera entrenar la IA en espa\u00f1ol\u201d, <\/strong>explic\u00f3, con el objetivo de que los modelos ling\u00fc\u00edsticos integren el idioma desde su base.<\/p>\n<p>El panel sirvi\u00f3 tambi\u00e9n como plataforma para presentar<strong> <\/strong><em><strong>Sin la \u00e9l<\/strong><\/em><strong>el primer podcast narrativo original en espa\u00f1ol<\/strong> del Departamento de Comunicaci\u00f3n Global. El proyecto busca contar historias reales sobre el impacto de la organizaci\u00f3n en la vida de las personas. \u201cQueremos contar la historia de la ONU, pero no desde el punto de vista de las reuniones aqu\u00ed\u201d, explic\u00f3 Phillips, sino<strong> \u201ccaptar las historias de las personas que se benefician de lo que hace la ONU todos los d\u00edas\u201d.<\/strong><\/p>\n<p>El lanzamiento responde a la necesidad de reforzar la presencia del espa\u00f1ol en un ecosistema medi\u00e1tico donde el ingl\u00e9s sigue predominando. Como record\u00f3 Colomer, se trata tambi\u00e9n de una cuesti\u00f3n de acceso: <strong>\u201cEs importante [\u2026] que la ciudadan\u00eda hispanohablante pueda conocer directamente qu\u00e9 dice, qu\u00e9 hace las Naciones Unidas\u201d.<\/strong><\/p>\n<p>En un momento en que la inteligencia artificial transforma la producci\u00f3n de contenidos, el mensaje del panel fue claro: el futuro del espa\u00f1ol en la ONU depender\u00e1 de su capacidad para generar contenido propio, preservar su identidad y seguir siendo un puente entre culturas. Porque, como se destac\u00f3 durante el encuentro, el idioma no solo comunica: tambi\u00e9n construye comunidad.<\/p>\n<\/div>\n\n","protected":false},"excerpt":{"rendered":"<p>El espa\u00f1ol no es solo un veh\u00edculo de comunicaci\u00f3n, sino un pilar del multilateralismo y un activo estrat\u00e9gico global. Con m\u00e1s de 635 millones de hablantes, se consolida como herramienta de acceso ciudadano, cohesi\u00f3n cultural y legitimidad democr\u00e1tica. En el D\u00eda del Idioma Espa\u00f1ol en las Naciones Unidas, expertos en diplomacia, comunicaci\u00f3n y tecnolog\u00eda se &hellip;<\/p>\n","protected":false},"author":1,"featured_media":63468,"comment_status":"open","ping_status":"open","sticky":false,"template":"","format":"standard","meta":{"fifu_image_url":"https:\/\/global.unitednations.entermediadb.net\/assets\/mediadb\/services\/module\/asset\/downloads\/preset\/Collections\/Production%20Library\/Panel%20Espa\u00f1olok.jpg\/image770x420cropped.jpg","fifu_image_alt":"","footnotes":""},"categories":[3],"tags":[],"class_list":["post-63467","post","type-post","status-publish","format-standard","has-post-thumbnail","","category-negocio"],"_links":{"self":[{"href":"https:\/\/noticiasveraces.com\/index.php?rest_route=\/wp\/v2\/posts\/63467","targetHints":{"allow":["GET"]}}],"collection":[{"href":"https:\/\/noticiasveraces.com\/index.php?rest_route=\/wp\/v2\/posts"}],"about":[{"href":"https:\/\/noticiasveraces.com\/index.php?rest_route=\/wp\/v2\/types\/post"}],"author":[{"embeddable":true,"href":"https:\/\/noticiasveraces.com\/index.php?rest_route=\/wp\/v2\/users\/1"}],"replies":[{"embeddable":true,"href":"https:\/\/noticiasveraces.com\/index.php?rest_route=%2Fwp%2Fv2%2Fcomments&post=63467"}],"version-history":[{"count":0,"href":"https:\/\/noticiasveraces.com\/index.php?rest_route=\/wp\/v2\/posts\/63467\/revisions"}],"wp:featuredmedia":[{"embeddable":true,"href":"https:\/\/noticiasveraces.com\/index.php?rest_route=\/wp\/v2\/media\/63468"}],"wp:attachment":[{"href":"https:\/\/noticiasveraces.com\/index.php?rest_route=%2Fwp%2Fv2%2Fmedia&parent=63467"}],"wp:term":[{"taxonomy":"category","embeddable":true,"href":"https:\/\/noticiasveraces.com\/index.php?rest_route=%2Fwp%2Fv2%2Fcategories&post=63467"},{"taxonomy":"post_tag","embeddable":true,"href":"https:\/\/noticiasveraces.com\/index.php?rest_route=%2Fwp%2Fv2%2Ftags&post=63467"}],"curies":[{"name":"wp","href":"https:\/\/api.w.org\/{rel}","templated":true}]}}