{"id":63454,"date":"2026-04-24T20:34:38","date_gmt":"2026-04-25T00:34:38","guid":{"rendered":"https:\/\/noticiasveraces.com\/?p=63454"},"modified":"2026-04-24T20:34:38","modified_gmt":"2026-04-25T00:34:38","slug":"carlos-alcaraz-renuncia-a-jugar-en-roland-garros-lo-mas-prudente-es-ser-cautos-y-no-participar","status":"publish","type":"post","link":"https:\/\/noticiasveraces.com\/?p=63454","title":{"rendered":"Carlos Alcaraz renuncia a jugar en Roland Garros: \u00abLo m\u00e1s prudente es ser cautos y no participar\u00bb"},"content":{"rendered":"<p> \n<\/p>\n<div id=\"intext\">\n<p><b>Carlos Alcaraz<\/b>, <b>campe\u00f3n de siete grand slam<\/b>ha anunciado este viernes que no competir\u00e1 en la pr\u00f3xima edici\u00f3n de Roland Garros, despu\u00e9s de someterse a una nueva prueba por la lesi\u00f3n que padece en la mu\u00f1eca derecha.<\/p>\n<p>\u00abDespu\u00e9s de los resultados de las pruebas realizadas hoy, hemos decidido que lo m\u00e1s prudente es ser cautos y no participar en Roma y Roland Garros, a la espera de valorar la evoluci\u00f3n para decidir cu\u00e1ndo volveremos a la pista. Es un momento complicado para m\u00ed, pero estoy seguro de que saldremos m\u00e1s fuertes de aqu\u00ed\u00bb, ha indicado Carlos Alcaraz en sus redes sociales.<\/p>\n<p>El campe\u00f3n de las dos \u00faltimas ediciones sobre la tierra batida de Par\u00eds (<b>2024<\/b> y <b>2025<\/b>) se lesion\u00f3 hace unos d\u00edas <b>en su debut<\/b> en Barcelona Open Banc Sabadell-Trofeo Conde de God\u00f3, una lesi\u00f3n que le hizo <b>darse de baja del torneo barcelon\u00e9s<\/b>antes de <b>confirmar su baja en el Mutua Madrid Open<\/b>. Ahora, a un mes del comienzo de Roland Garros, el tenista de El Palmar ha decidido no arriesgar y renunciar al grand slam parisino y al Masters de Roma, las dos citas en las que part\u00eda como campe\u00f3n.<\/p>\n<p>El pupilo de Samu L\u00f3pez, que el lunes ya hab\u00eda asegurado que <b>no pondr\u00eda en peligro su carrera<\/b> por forzar y estar en Par\u00eds, ha visto como su inmaculado comienzo de temporada, reinando en Australia y Doha, se ha torcido con tres derrotas en <b>pozos indios<\/b>, <b>miami<\/b> y <b>la final de Montecarlo <\/b>y la posterior lesi\u00f3n en Barcelona, que le deja fuera de lo que resta de la gira de tierra batida.<\/p>\n<h2 class=\"title-h2\">Roland Garros lamenta la baja de Alcaraz: \u00ab\u00a1Te extra\u00f1aremos!\u00bb<\/h2>\n<p>La organizaci\u00f3n de Roland Garros ha lamentado la baja del murciano y le ha deseado una pronta recuperaci\u00f3n.<\/p>\n<p>\u00abAlgunas noticias desgarradoras: Carlos Alcaraz, nuestro campe\u00f3n de 2024 y 2025, no podr\u00e1 defender su t\u00edtulo en Roland-Garros 2026 debido a una lesi\u00f3n en la mu\u00f1eca \ud83d\udc94 \u00a1Te deseamos lo mejor en tu recuperaci\u00f3n, Carlos, te extra\u00f1aremos!\u00bb, ha apuntado el grand slam parisino en sus redes sociales.<\/p>\n<p>Alcaraz perder\u00e1 3.000 puntos en el ranking: 1.000 como campe\u00f3n en Roma y otros 2.000 como campe\u00f3n de Roland Garros. La gran duda es cu\u00e1ndo volver\u00e1 a las pistas, lo m\u00e1s temprano ya ser\u00e1 a partir de la gira de hierba, donde el a\u00f1o pasado fue <b>campe\u00f3n en Queen&#8217;s<\/b> y <b>finalista no Wimbledon<\/b>.<\/p>\n<p><i>S\u00edguenos en nuestro <\/i><i><strong>canal de WhatsApp<\/strong><\/i><i>  y no te pierdas la \u00faltima hora y toda la actualidad en nuestro <\/i><b><i>perfil de Google<\/i>.<\/b>        <\/p>\n<div class=\"recirculation-video\" data-mod=\"a3mod_recirculation_video\">\n<div class=\"recirculation-video-wrapper\">\n<div>\n<div class=\"video-wrapper\">\n  <picture class=\"video-main-picture\"><source media=\"(min-width: 481px)\" srcset=\"https:\/\/fotografias.antena3.com\/clipping\/cmsimages02\/2026\/04\/20\/56946B5D-58B5-4C7D-AF84-4F54965236AA\/proyecto-fer_94.jpg?crop=727,409,x0,y0&amp;width=800&amp;height=450&amp;optimize=medium&amp;format=webply\" width=\"800\" height=\"450\"><source media=\"(min-width: 391px) and (max-width: 480px)\" srcset=\"https:\/\/fotografias.antena3.com\/clipping\/cmsimages02\/2026\/04\/20\/56946B5D-58B5-4C7D-AF84-4F54965236AA\/proyecto-fer_70.jpg?crop=727,409,x0,y0&amp;width=480&amp;height=270&amp;optimize=high&amp;format=webply\" width=\"480\" height=\"270\"><source media=\"(min-width: 321px) and (max-width: 390px)\" srcset=\"https:\/\/fotografias.antena3.com\/clipping\/cmsimages02\/2026\/04\/20\/56946B5D-58B5-4C7D-AF84-4F54965236AA\/proyecto-fer_92.jpg?crop=728,409,x0,y0&amp;width=390&amp;height=219&amp;optimize=high&amp;format=webply\" width=\"390\" height=\"219\"><source media=\"(max-width: 320px)\" srcset=\"https:\/\/fotografias.antena3.com\/clipping\/cmsimages02\/2026\/04\/20\/56946B5D-58B5-4C7D-AF84-4F54965236AA\/proyecto-fer_52.jpg?crop=727,409,x0,y0&amp;width=320&amp;height=180&amp;optimize=high&amp;format=webply\" width=\"320\" height=\"180\"><img decoding=\"async\" title=\"Proyecto FER\" alt=\"Proyecto FER\" width=\"480\" height=\"270\" src=\"https:\/\/fotografias.antena3.com\/clipping\/cmsimages02\/2026\/04\/20\/56946B5D-58B5-4C7D-AF84-4F54965236AA\/proyecto-fer_70.jpg?crop=727,409,x0,y0&amp;width=480&amp;height=270&amp;optimize=high&amp;format=webply\" loading=\"lazy\" class=\"lazy\"\/><br \/>\n  <\/source><\/source><\/source><\/source><\/picture>\n <\/div>\n<\/div><\/div>\n<\/p><\/div>\n<\/div>\n\n","protected":false},"excerpt":{"rendered":"<p>Carlos Alcaraz, campe\u00f3n de siete grand slamha anunciado este viernes que no competir\u00e1 en la pr\u00f3xima edici\u00f3n de Roland Garros, despu\u00e9s de someterse a una nueva prueba por la lesi\u00f3n que padece en la mu\u00f1eca derecha. \u00abDespu\u00e9s de los resultados de las pruebas realizadas hoy, hemos decidido que lo m\u00e1s prudente es ser cautos y &hellip;<\/p>\n","protected":false},"author":1,"featured_media":63456,"comment_status":"open","ping_status":"open","sticky":false,"template":"","format":"standard","meta":{"fifu_image_url":"https:\/\/fotografias.antena3.com\/clipping\/cmsimages01\/2026\/04\/17\/4CDD22E9-E59E-4ADF-B981-CA23F429631F\/carlos-alcaraz-final-montecarlo-sinner_69.jpg?crop=4793,2696,x0,y0&width=1280&height=720&optimize=low&format=jpg","fifu_image_alt":"","footnotes":""},"categories":[6],"tags":[],"class_list":["post-63454","post","type-post","status-publish","format-standard","has-post-thumbnail","","category-deportes"],"_links":{"self":[{"href":"https:\/\/noticiasveraces.com\/index.php?rest_route=\/wp\/v2\/posts\/63454","targetHints":{"allow":["GET"]}}],"collection":[{"href":"https:\/\/noticiasveraces.com\/index.php?rest_route=\/wp\/v2\/posts"}],"about":[{"href":"https:\/\/noticiasveraces.com\/index.php?rest_route=\/wp\/v2\/types\/post"}],"author":[{"embeddable":true,"href":"https:\/\/noticiasveraces.com\/index.php?rest_route=\/wp\/v2\/users\/1"}],"replies":[{"embeddable":true,"href":"https:\/\/noticiasveraces.com\/index.php?rest_route=%2Fwp%2Fv2%2Fcomments&post=63454"}],"version-history":[{"count":0,"href":"https:\/\/noticiasveraces.com\/index.php?rest_route=\/wp\/v2\/posts\/63454\/revisions"}],"wp:featuredmedia":[{"embeddable":true,"href":"https:\/\/noticiasveraces.com\/index.php?rest_route=\/wp\/v2\/media\/63456"}],"wp:attachment":[{"href":"https:\/\/noticiasveraces.com\/index.php?rest_route=%2Fwp%2Fv2%2Fmedia&parent=63454"}],"wp:term":[{"taxonomy":"category","embeddable":true,"href":"https:\/\/noticiasveraces.com\/index.php?rest_route=%2Fwp%2Fv2%2Fcategories&post=63454"},{"taxonomy":"post_tag","embeddable":true,"href":"https:\/\/noticiasveraces.com\/index.php?rest_route=%2Fwp%2Fv2%2Ftags&post=63454"}],"curies":[{"name":"wp","href":"https:\/\/api.w.org\/{rel}","templated":true}]}}