{"id":57943,"date":"2026-02-01T13:12:18","date_gmt":"2026-02-01T17:12:18","guid":{"rendered":"https:\/\/noticiasveraces.com\/?p=57943"},"modified":"2026-02-01T13:12:18","modified_gmt":"2026-02-01T17:12:18","slug":"delcy-rodriguez-ordeno-la-centralizacion-del-sistema-nacional-de-agua-bajo-la-autoridad-unica-de-hidroven-el-diario-venezuela","status":"publish","type":"post","link":"https:\/\/noticiasveraces.com\/?p=57943","title":{"rendered":"Delcy Rodr\u00edguez orden\u00f3 la centralizaci\u00f3n del sistema nacional de agua bajo la autoridad \u00fanica de Hidroven &#8211; El Diario Venezuela"},"content":{"rendered":"<p> \n<\/p>\n<div>\n<p>Todo el sistema hidrol\u00f3gico de Venezuela ser\u00e1 sometido en las pr\u00f3ximas semanas a una profunda <strong>\u201creestructuraci\u00f3n estrat\u00e9gica\u201d<\/strong> decretada por la presidenta encargada, <strong>Delcy Rodr\u00edguez<\/strong>. En la Gaceta Oficial N\u00b0 43.304, con fecha del 27 de enero de 2026, se ordena la <strong>fusi\u00f3n de todas las empresas estadales y municipales<\/strong> que prestaban este servicio y su absorci\u00f3n por la empresa estatal C.A. Hidrol\u00f3gica Venezolana (Hidroven).<\/p>\n<p>El <strong>Decreto N\u00b0 5.229<\/strong> est\u00e1 enmarcado dentro del <strong>estado de emergencia econ\u00f3mica de 2025<\/strong> y declara la \u201cReestructuraci\u00f3n del Sistema H\u00eddrico Nacional, con el objeto de la transformaci\u00f3n de los valores, de la identidad, del compromiso y rector\u00eda \u00fanica para la gesti\u00f3n del servicio y garantizar a la poblaci\u00f3n el pleno disfrute de sus derechos en materia de prestaci\u00f3n del servicio de agua potable y saneamiento\u201d.<\/p>\n<p>En sus cinco art\u00edculos, se designa a la casa matriz <strong>Hidroven<\/strong> \u2014empresa adscrita al <strong>Ministerio para la Atenci\u00f3n de las Aguas<\/strong>&#8211; c\u00f3mo <strong>\u201cautoridad \u00fanica nacional\u201d<\/strong> en materia de gesti\u00f3n integral del servicio de agua potable y saneamiento. Con esto se ordena la <strong>centralizaci\u00f3n de la prestaci\u00f3n del servicio<\/strong>pasando a Hidroven las competencias, activos, pasivos, gerencias y obligaciones de todas las hidrol\u00f3gicas regionales.<\/p>\n<p>La medida establece en su disposici\u00f3n transitoria un <strong>lapso de 30 d\u00edas<\/strong> a partir de la publicaci\u00f3n del decreto para que todas las estructuras aludidas se adapten al <strong>nuevo modelo organizativo<\/strong> y se haga efectiva la absorci\u00f3n de dichas empresas. A pesar de que el anuncio todav\u00eda no se ha hecho p\u00fablico por ninguna autoridad del gobierno, la <strong>Gaceta Oficial ya figura en los registros de la Imprenta Nacional<\/strong>.<\/p>\n<h2 id=\"que-es-hidroven\" class=\"rb-heading-index-0-841960 wp-block-heading\"><strong>\u00bfQu\u00e9 es Hidroven?<\/strong><\/h2>\n<figure class=\"wp-block-image size-large\"><img fetchpriority=\"high\" decoding=\"async\" width=\"1200\" height=\"820\" src=\"https:\/\/eldiario.com\/wp-content\/uploads\/2026\/01\/Hidroven-1200x820.jpg\" alt=\"Ordenan la centralizaci\u00f3n de los sistemas de agua de Venezuela bajo una autoridad \u00fanica\" class=\"wp-image-841966\" srcset=\"https:\/\/eldiario.com\/wp-content\/uploads\/2026\/01\/Hidroven-1200x820.jpg 1200w, https:\/\/eldiario.com\/wp-content\/uploads\/2026\/01\/Hidroven-300x205.jpg 300w, https:\/\/eldiario.com\/wp-content\/uploads\/2026\/01\/Hidroven-768x525.jpg 768w, https:\/\/eldiario.com\/wp-content\/uploads\/2026\/01\/Hidroven-1536x1049.jpg 1536w, https:\/\/eldiario.com\/wp-content\/uploads\/2026\/01\/Hidroven-860x587.jpg 860w, https:\/\/eldiario.com\/wp-content\/uploads\/2026\/01\/Hidroven-150x102.jpg 150w, https:\/\/eldiario.com\/wp-content\/uploads\/2026\/01\/Hidroven.jpg 1600w\" sizes=\"(max-width: 1200px) 100vw, 1200px\"\/><figcaption class=\"wp-element-caption\">Foto: cortes\u00eda Hidroven<\/figcaption><\/figure>\n<p>A pesar de ser la <strong>casa matriz de las hidrol\u00f3gicas<\/strong> que actualmente prestan el servicio de agua en el pa\u00eds, <strong>Hidroven<\/strong> hab\u00eda sido hasta ahora una figura en segundo plano frente a la autonom\u00eda con la que operaban el resto de empresas de tipo regional y municipal. De hecho, en su cuenta de Instagram se ve que sus funciones apenas se limitaban a <strong>visitas t\u00e9cnicas, charlas orientativas y capacitaci\u00f3n de personal<\/strong> de las otras hidrol\u00f3gicas que s\u00ed cumplen actividades m\u00e1s operativas.<\/p>\n<p>Un informe de la organizaci\u00f3n <strong>Transparencia Venezuela<\/strong> se\u00f1ala que Hidroven fue constituida en <strong>mayo de 1990<\/strong>justamente como parte de un proceso de <strong>reestructuraci\u00f3n del servicio h\u00eddrico<\/strong> que llev\u00f3 a la liquidaci\u00f3n del entonces Instituto Nacional de Obras Sanitarias (INOS). Su labor era la de dise\u00f1ar pol\u00edticas y programas en materia de <strong>abastecimiento de agua potable<\/strong>recolecci\u00f3n y tratamiento de aguas servidas, y drenajes urbanos.<\/p>\n<p>Se articula as\u00ed con sus <strong>10 empresas filiales descentralizadas<\/strong>que abarcan regiones espec\u00edficas del pa\u00eds. Estas son <strong>Hidrocapital, Hidrocentro, Hidrollanos, Hidrolara, Hidrolago, Hidrosuroeste, Hidrocaribe, Hidrofalc\u00f3n, Hidrop\u00e1ez e Hidroandes<\/strong>. Tambi\u00e9n empresas de car\u00e1cter m\u00e1s local, como <strong>Aguas de M\u00e9rida<\/strong> y <strong>Aguas de Monagas<\/strong>entre otras.<\/p>\n<p>Desde <strong>noviembre de 2024<\/strong> esta empresa est\u00e1 presidida por <strong>Jonnzo Loanso<\/strong>ingeniero en Telecomunicaciones egresado de la <strong>Universidad Experimental de las Fuerzas Armadas (Unefa)<\/strong>con maestr\u00eda en Gerencia en Tecnolog\u00edas de la Informaci\u00f3n y las Comunicaciones (TIC). De acuerdo con su perfil de LinkedIn, Alonzo se ha desempe\u00f1ado como <strong>gerente de Operaciones en la Corporaci\u00f3n Venezolana de Miner\u00eda (CVM)<\/strong> y gerente de comercializaci\u00f3n de la empresa mixta <strong>Cancorfanb<\/strong>dedicada a la explotaci\u00f3n de canteras.<\/p>\n<h2 id=\"pais-sin-agua\" class=\"rb-heading-index-1-841960 wp-block-heading\"><strong>Pa\u00eds sin agua<\/strong><\/h2>\n<figure class=\"wp-block-image size-large\"><picture loading=\"lazy\" decoding=\"async\" class=\"wp-image-499390\"><source type=\"image\/webp\" srcset=\"https:\/\/eldiario.com\/wp-content\/uploads\/2023\/04\/agua-hidrocapital-760x570.jpg.webp 760w, https:\/\/eldiario.com\/wp-content\/uploads\/2023\/04\/agua-hidrocapital-300x225.jpg.webp 300w, https:\/\/eldiario.com\/wp-content\/uploads\/2023\/04\/agua-hidrocapital-768x576.jpg.webp 768w, https:\/\/eldiario.com\/wp-content\/uploads\/2023\/04\/agua-hidrocapital-1536x1152.jpg.webp 1536w, https:\/\/eldiario.com\/wp-content\/uploads\/2023\/04\/agua-hidrocapital.jpg.webp 1600w\" sizes=\"(max-width: 760px) 100vw, 760px\"\/><img loading=\"lazy\" decoding=\"async\" width=\"760\" height=\"570\" src=\"https:\/\/eldiario.com\/wp-content\/uploads\/2023\/04\/agua-hidrocapital-760x570.jpg\" alt=\"Borrador autom\u00e1tico\" srcset=\"https:\/\/eldiario.com\/wp-content\/uploads\/2023\/04\/agua-hidrocapital-760x570.jpg 760w, https:\/\/eldiario.com\/wp-content\/uploads\/2023\/04\/agua-hidrocapital-300x225.jpg 300w, https:\/\/eldiario.com\/wp-content\/uploads\/2023\/04\/agua-hidrocapital-768x576.jpg 768w, https:\/\/eldiario.com\/wp-content\/uploads\/2023\/04\/agua-hidrocapital-1536x1152.jpg 1536w, https:\/\/eldiario.com\/wp-content\/uploads\/2023\/04\/agua-hidrocapital.jpg 1600w\" sizes=\"auto, (max-width: 760px) 100vw, 760px\"\/>\n<\/picture><figcaption class=\"wp-element-caption\">Foto: @Hidrocapital2 \/ Twitter<\/figcaption><\/figure>\n<p><strong>Hidroven<\/strong>ahora con toda la capacidad t\u00e9cnica y operativa de sus antiguas filiales, tendr\u00e1 el <strong>reto de restablecer uno de los servicios p\u00fablicos con mayor deficiencia en Venezuela<\/strong>. Desde hace m\u00e1s de una d\u00e9cada el acceso al agua potable se volvi\u00f3 complicado en sectores rurales y populares, mientras que en las grandes ciudades, incluida <strong>Caracas<\/strong>la gente aprendi\u00f3 a normalizar la <strong>intermitencia del servicio<\/strong>. Dependiendo de la zona, el agua puede llegar por unas horas al d\u00eda, una vez a la semana, y en casos m\u00e1s graves, hasta una vez al mes.<\/p>\n<p>Esto ha llevado a que en <strong>muchos hogares venezolanos se haya normalizado la presencia de tanques de agua y contenedores<\/strong> para almacenar la mayor cantidad de agua posible cuando el servicio funciona. Otras comunidades han tenido que <strong>recurrir a camiones cisternas<\/strong>sobre todo en los periodos de sequ\u00eda, cuando se agrava a\u00fan m\u00e1s la falta de agua en varios municipios.<\/p>\n<p>En la <strong>Encuesta Nacional sobre Condiciones de Vida (Encovi) 2024<\/strong>realizada por la <strong>Universidad Cat\u00f3lica Andr\u00e9s Bello (UCAB)<\/strong>se arroj\u00f3 que el <strong>40 % de la poblaci\u00f3n<\/strong> consultada recibe agua \u201calgunos d\u00edas por semana\u201d, frente a un 36 % que recibe diariamente y un 9 % cada 15 d\u00edas o m\u00e1s. En este sentido, <strong>56 % manifest\u00f3 alg\u00fan tipo de inconformidad o insatisfacci\u00f3n<\/strong> con el servicio de agua.<\/p>\n<p>De acuerdo con el <strong>ingeniero civil Jos\u00e9 Norberto Bausson<\/strong>en entrevista para <strong>Radio Fe y Alegr\u00eda<\/strong> en noviembre de 2025, gran parte del problema no viene del cambio clim\u00e1tico ni de fen\u00f3menos meteorol\u00f3gicos como <strong>El Ni\u00f1o<\/strong>sino de la <strong>desinversi\u00f3n en el sector<\/strong>as\u00ed como la fuga de talento humano y, curiosamente, la <strong>centralizaci\u00f3n de las decisiones organizativas<\/strong>. Esto ha llevado a que incluso en regiones con abundante agua, como <strong>Guayana<\/strong>los sistemas actualmente operen a menos del <strong>50 % de su capacidad<\/strong>.<\/p>\n<p>El exvicepresidente de operaci\u00f3n y mantenimiento de <strong>Hidrocapital<\/strong> advirit\u00f3 que actualmente la <strong>mayor\u00eda de las plantas de tratamiento est\u00e1n en p\u00e9simas condiciones<\/strong>lo que se ha evidenciado en la calidad del agua que sale por el grifo, normalmente turbia. Tambi\u00e9n hay un <strong>claro deterioro en las redes de distribuci\u00f3n<\/strong>con tuber\u00edas que explotan o que carecen de presi\u00f3n al bombear, sumado a otras fallas sistem\u00e1ticas como la <strong>obsolescencia de equipos<\/strong>normas y procedimientos, as\u00ed como la falta de operadores por las malas condiciones laborales.<\/p>\n<h2 id=\"problemas-internos\" class=\"rb-heading-index-2-841960 wp-block-heading\"><strong>Problemas internos<\/strong><\/h2>\n<figure class=\"wp-block-image size-large\"><picture loading=\"lazy\" decoding=\"async\" class=\"wp-image-811686\"><source type=\"image\/webp\" srcset=\"https:\/\/eldiario.com\/wp-content\/uploads\/2025\/08\/Hidrocapital-Los-Salias-1200x737.jpg.webp 1200w, https:\/\/eldiario.com\/wp-content\/uploads\/2025\/08\/Hidrocapital-Los-Salias-300x184.jpg.webp 300w, https:\/\/eldiario.com\/wp-content\/uploads\/2025\/08\/Hidrocapital-Los-Salias-768x471.jpg.webp 768w, https:\/\/eldiario.com\/wp-content\/uploads\/2025\/08\/Hidrocapital-Los-Salias-1536x943.jpg.webp 1536w, https:\/\/eldiario.com\/wp-content\/uploads\/2025\/08\/Hidrocapital-Los-Salias-860x528.jpg.webp 860w, https:\/\/eldiario.com\/wp-content\/uploads\/2025\/08\/Hidrocapital-Los-Salias-150x92.jpg.webp 150w, https:\/\/eldiario.com\/wp-content\/uploads\/2025\/08\/Hidrocapital-Los-Salias.jpg.webp 1600w\" sizes=\"auto, (max-width: 1200px) 100vw, 1200px\"\/><img loading=\"lazy\" decoding=\"async\" width=\"1200\" height=\"737\" src=\"https:\/\/eldiario.com\/wp-content\/uploads\/2025\/08\/Hidrocapital-Los-Salias-1200x737.jpg\" alt=\"Varias comunidades de Lara estar\u00e1n sin agua durante una semana\" srcset=\"https:\/\/eldiario.com\/wp-content\/uploads\/2025\/08\/Hidrocapital-Los-Salias-1200x737.jpg 1200w, https:\/\/eldiario.com\/wp-content\/uploads\/2025\/08\/Hidrocapital-Los-Salias-300x184.jpg 300w, https:\/\/eldiario.com\/wp-content\/uploads\/2025\/08\/Hidrocapital-Los-Salias-768x471.jpg 768w, https:\/\/eldiario.com\/wp-content\/uploads\/2025\/08\/Hidrocapital-Los-Salias-1536x943.jpg 1536w, https:\/\/eldiario.com\/wp-content\/uploads\/2025\/08\/Hidrocapital-Los-Salias-860x528.jpg 860w, https:\/\/eldiario.com\/wp-content\/uploads\/2025\/08\/Hidrocapital-Los-Salias-150x92.jpg 150w, https:\/\/eldiario.com\/wp-content\/uploads\/2025\/08\/Hidrocapital-Los-Salias.jpg 1600w\" sizes=\"auto, (max-width: 1200px) 100vw, 1200px\"\/>\n<\/picture><figcaption class=\"wp-element-caption\">Foto: cortes\u00eda Diario Avance<\/figcaption><\/figure>\n<p>A esto se suman tambi\u00e9n <strong>esc\u00e1ndalos de corrupci\u00f3n<\/strong> que se vinculan directamente con la <strong>desinversi\u00f3n que afecta al sistema h\u00eddrico<\/strong>. Por ejemplo, <strong>Transparencia Venezuela<\/strong> se\u00f1ala que Hidroven manej\u00f3 inversiones por el orden de <strong>4,7 millardos de d\u00f3lares<\/strong> en su Plan 2003-2012, el cual result\u00f3 en un <strong>gran desfalco<\/strong> con obras que jam\u00e1s se completaron, como el <strong>sistema Tuy IV<\/strong>el acueducto bolivariano de Falc\u00f3n, el saneamiento de la cuenca del r\u00edo Tuy, as\u00ed como embalses y plantas que nunca se construyeron.<\/p>\n<p>Igualmente, en <strong>2016<\/strong>el portal <strong>Caraota Digital<\/strong> report\u00f3 que Hidroven <strong>malvers\u00f3 fondos<\/strong> de un financiamiento obtenido de la <strong>Corporaci\u00f3n Andina de Fomento (CAF)<\/strong> al adquirir equipos con <strong>sobreprecio<\/strong> destinados a la modernizaci\u00f3n de plantas como <strong>La Mariposa, La Guairita y Cuajarito<\/strong>en el estado Miranda, y <strong>Zuata<\/strong>en Aragua. Hidroven habr\u00eda reportado la compra de piezas y partes el\u00e9ctricas por <strong>$1,45 millones<\/strong>cuando las facturas en realidad mostraban una compra por <strong>$217 millones<\/strong> a una empresa colombiana.<\/p>\n<p>Esto se suma a <strong>otras controversias en las hidrol\u00f3gicas regionales<\/strong>donde se ha reportado el <strong>abandono o falta de mantenimiento<\/strong> de embalses, acueductos y plantas potabilizadoras. Tambi\u00e9n se han documentado <strong>operaciones ineficientes en la reparaci\u00f3n de tuber\u00edas<\/strong> que a las pocas semanas vuelven a estallar, como ha ocurrido en sectores como <strong>La Guairita<\/strong> y <strong>San Antonio de los Altos<\/strong>ambos en el estado Miranda.<\/p>\n<p><!-- CONTENT END 1 -->\n<\/div>\n\n","protected":false},"excerpt":{"rendered":"<p>Todo el sistema hidrol\u00f3gico de Venezuela ser\u00e1 sometido en las pr\u00f3ximas semanas a una profunda \u201creestructuraci\u00f3n estrat\u00e9gica\u201d decretada por la presidenta encargada, Delcy Rodr\u00edguez. En la Gaceta Oficial N\u00b0 43.304, con fecha del 27 de enero de 2026, se ordena la fusi\u00f3n de todas las empresas estadales y municipales que prestaban este servicio y su &hellip;<\/p>\n","protected":false},"author":1,"featured_media":57945,"comment_status":"open","ping_status":"open","sticky":false,"template":"","format":"standard","meta":{"fifu_image_url":"https:\/\/eldiario.com\/wp-content\/uploads\/2026\/01\/Hidrocapital.jpg","fifu_image_alt":"","footnotes":""},"categories":[4],"tags":[],"class_list":["post-57943","post","type-post","status-publish","format-standard","has-post-thumbnail","","category-historias-destacadas"],"_links":{"self":[{"href":"https:\/\/noticiasveraces.com\/index.php?rest_route=\/wp\/v2\/posts\/57943","targetHints":{"allow":["GET"]}}],"collection":[{"href":"https:\/\/noticiasveraces.com\/index.php?rest_route=\/wp\/v2\/posts"}],"about":[{"href":"https:\/\/noticiasveraces.com\/index.php?rest_route=\/wp\/v2\/types\/post"}],"author":[{"embeddable":true,"href":"https:\/\/noticiasveraces.com\/index.php?rest_route=\/wp\/v2\/users\/1"}],"replies":[{"embeddable":true,"href":"https:\/\/noticiasveraces.com\/index.php?rest_route=%2Fwp%2Fv2%2Fcomments&post=57943"}],"version-history":[{"count":0,"href":"https:\/\/noticiasveraces.com\/index.php?rest_route=\/wp\/v2\/posts\/57943\/revisions"}],"wp:featuredmedia":[{"embeddable":true,"href":"https:\/\/noticiasveraces.com\/index.php?rest_route=\/wp\/v2\/media\/57945"}],"wp:attachment":[{"href":"https:\/\/noticiasveraces.com\/index.php?rest_route=%2Fwp%2Fv2%2Fmedia&parent=57943"}],"wp:term":[{"taxonomy":"category","embeddable":true,"href":"https:\/\/noticiasveraces.com\/index.php?rest_route=%2Fwp%2Fv2%2Fcategories&post=57943"},{"taxonomy":"post_tag","embeddable":true,"href":"https:\/\/noticiasveraces.com\/index.php?rest_route=%2Fwp%2Fv2%2Ftags&post=57943"}],"curies":[{"name":"wp","href":"https:\/\/api.w.org\/{rel}","templated":true}]}}