{"id":57830,"date":"2026-01-31T19:09:16","date_gmt":"2026-01-31T23:09:16","guid":{"rendered":"https:\/\/noticiasveraces.com\/?p=57830"},"modified":"2026-01-31T19:09:16","modified_gmt":"2026-01-31T23:09:16","slug":"el-indulto-es-perdon-mientras-la-amnistia-es-olvido-correo-del-caroni","status":"publish","type":"post","link":"https:\/\/noticiasveraces.com\/?p=57830","title":{"rendered":"\u201cEl indulto es perd\u00f3n, mientras la amnist\u00eda es olvido\u201d \u2013 Correo del Caron\u00ed"},"content":{"rendered":"<p> \n<\/p>\n<div data-id=\"494a3404\" data-element_type=\"widget\" id=\"texto\" data-widget_type=\"theme-post-content.default\">\n<div class=\"elementor-widget-container\">\n<p>Lo que para muchos represent\u00f3 un grito de alegr\u00eda a las afueras de El Helicoide, para los expertos legales representa un terreno que debe pisarse con extrema precisi\u00f3n t\u00e9cnica. Tras el anuncio de la presidenta encargada, Delcy Rodr\u00edguez, sobre una <strong><mark style=\"background-color:rgba(0, 0, 0, 0)\" class=\"has-inline-color has-luminous-vivid-amber-color\"><span style=\"text-decoration: underline;\">ley de amnist\u00eda general<\/span><\/mark><\/strong>la ONG Foro Penal fij\u00f3 una postura clara.<\/p>\n<p>A trav\u00e9s de un an\u00e1lisis difundido en sus canales oficiales, la organizaci\u00f3n liderada por Alfredo Romero y Gonzalo Himiob cuestion\u00f3 la naturaleza de la <strong><mark style=\"background-color:rgba(0, 0, 0, 0)\" class=\"has-inline-color has-luminous-vivid-amber-color\"><span style=\"text-decoration: underline;\">promesa gubernamental<\/span><\/mark><\/strong>. La clave reside en una m\u00e1xima jur\u00eddica que la instituci\u00f3n subray\u00f3 como: \u201cel indulto es perd\u00f3n, mientras la amnist\u00eda es olvido\u201d.<\/p>\n<p>Foro Penal aclar\u00f3 que, mientras el indulto es una facultad presidencial que solo perdona la pena de alguien ya condenado, la amnist\u00eda es una potestad de la Asamblea Nacional (AN) que extingue la responsabilidad penal incluso de procesos en curso.<\/p>\n<p>Para la oeneg\u00e9, la amnist\u00eda es, en esencia, \u201cuna renuncia a la potestad del Estado para perseguir y sancionar determinados hechos, generalmente con la finalidad de lograr la paz social\u201d. En ese sentido, subraya que la amnist\u00eda no solo puede alcanzar condenas firmes, sino tambi\u00e9n procesos en curso, investigaciones abiertas e incluso causas sin sentencia definitiva.<\/p>\n<p class=\"has-medium-font-size\"><strong>L\u00edneas rojas de la sociedad civil<\/strong><\/p>\n<p>Pese a recibir la noticia \u201ccon<strong> <mark style=\"background-color:rgba(0, 0, 0, 0)\" class=\"has-inline-color has-luminous-vivid-amber-color\"><span style=\"text-decoration: underline;\">optimismo<\/span><\/mark><\/strong>pero con cautela\u201d, la organizaci\u00f3n fue enf\u00e1tica en establecer condiciones innegociables para que este proceso sea leg\u00edtimo. No se trata solo de abrir celdas, sino de desmantelar estructuras.<\/p>\n<p>Seg\u00fan el comunicado, la amnist\u00eda debe cumplir con la participaci\u00f3n ciudadana, es decir, incluir a la sociedad civil y, prioritariamente, a las v\u00edctimas de persecuci\u00f3n en su redacci\u00f3n y seguimiento. Adem\u00e1s, bajo el amparo del art\u00edculo 29 constitucional, se exige que la medida no beneficie a responsables de violaciones de derechos humanos o cr\u00edmenes de lesa humanidad. Por \u00faltimo, el instrumento debe servir para frenar definitivamente el aparato represivo.<\/p>\n<p>El Foro Penal inst\u00f3 a los operadores de justicia a aplicar el principio de favorabilidad, asegurando que cualquier vac\u00edo legal se resuelva siempre en beneficio del perseguido. La meta, seg\u00fan la organizaci\u00f3n, es que esta herramienta jur\u00eddica contribuya verdaderamente a la reconciliaci\u00f3n nacional sin sacrificar la verdad.<\/p>\n<p>Las <strong><mark style=\"background-color:rgba(0, 0, 0, 0)\" class=\"has-inline-color has-luminous-vivid-amber-color\"><span style=\"text-decoration: underline;\">organizaciones<\/span><\/mark> <\/strong>de derechos humanos y familiares de <strong><mark style=\"background-color:rgba(0, 0, 0, 0)\" class=\"has-inline-color has-luminous-vivid-amber-color\"><span style=\"text-decoration: underline;\">prisioneros politicos<\/span><\/mark><\/strong>  han exigido la publicaci\u00f3n de listas completas de beneficiarios y que la medida abarque a personas detenidas desde 2014, cuando se intensific\u00f3 la represi\u00f3n.<\/p>\n<\/p><\/div>\n<\/p><\/div>\n\n","protected":false},"excerpt":{"rendered":"<p>Lo que para muchos represent\u00f3 un grito de alegr\u00eda a las afueras de El Helicoide, para los expertos legales representa un terreno que debe pisarse con extrema precisi\u00f3n t\u00e9cnica. Tras el anuncio de la presidenta encargada, Delcy Rodr\u00edguez, sobre una ley de amnist\u00eda generalla ONG Foro Penal fij\u00f3 una postura clara. A trav\u00e9s de un &hellip;<\/p>\n","protected":false},"author":1,"featured_media":57831,"comment_status":"open","ping_status":"open","sticky":false,"template":"","format":"standard","meta":{"fifu_image_url":"https:\/\/correodelcaroni.com\/wp-content\/uploads\/2026\/01\/FOROP_LeyAmnistia.jpg","fifu_image_alt":"","footnotes":""},"categories":[4],"tags":[],"class_list":["post-57830","post","type-post","status-publish","format-standard","has-post-thumbnail","","category-historias-destacadas"],"_links":{"self":[{"href":"https:\/\/noticiasveraces.com\/index.php?rest_route=\/wp\/v2\/posts\/57830","targetHints":{"allow":["GET"]}}],"collection":[{"href":"https:\/\/noticiasveraces.com\/index.php?rest_route=\/wp\/v2\/posts"}],"about":[{"href":"https:\/\/noticiasveraces.com\/index.php?rest_route=\/wp\/v2\/types\/post"}],"author":[{"embeddable":true,"href":"https:\/\/noticiasveraces.com\/index.php?rest_route=\/wp\/v2\/users\/1"}],"replies":[{"embeddable":true,"href":"https:\/\/noticiasveraces.com\/index.php?rest_route=%2Fwp%2Fv2%2Fcomments&post=57830"}],"version-history":[{"count":0,"href":"https:\/\/noticiasveraces.com\/index.php?rest_route=\/wp\/v2\/posts\/57830\/revisions"}],"wp:featuredmedia":[{"embeddable":true,"href":"https:\/\/noticiasveraces.com\/index.php?rest_route=\/wp\/v2\/media\/57831"}],"wp:attachment":[{"href":"https:\/\/noticiasveraces.com\/index.php?rest_route=%2Fwp%2Fv2%2Fmedia&parent=57830"}],"wp:term":[{"taxonomy":"category","embeddable":true,"href":"https:\/\/noticiasveraces.com\/index.php?rest_route=%2Fwp%2Fv2%2Fcategories&post=57830"},{"taxonomy":"post_tag","embeddable":true,"href":"https:\/\/noticiasveraces.com\/index.php?rest_route=%2Fwp%2Fv2%2Ftags&post=57830"}],"curies":[{"name":"wp","href":"https:\/\/api.w.org\/{rel}","templated":true}]}}