{"id":57769,"date":"2026-01-31T07:04:37","date_gmt":"2026-01-31T11:04:37","guid":{"rendered":"https:\/\/noticiasveraces.com\/?p=57769"},"modified":"2026-01-31T07:04:37","modified_gmt":"2026-01-31T11:04:37","slug":"gonzalo-himiob-confirmo-excarcelacion-del-estudiante-de-la-ucv-jesus-gomez","status":"publish","type":"post","link":"https:\/\/noticiasveraces.com\/?p=57769","title":{"rendered":"Gonzalo Himiob confirm\u00f3 excarcelaci\u00f3n del estudiante de la UCV Jes\u00fas G\u00f3mez"},"content":{"rendered":"<p> \n<\/p>\n<figure id=\"attachment_4690024\" aria-describedby=\"caption-attachment-4690024\" style=\"width: 640px\" class=\"wp-caption alignnone\"><img loading=\"lazy\" decoding=\"async\" class=\"wp-image-4690024\" src=\"https:\/\/sandia.datanubex.uk\/wp-content\/uploads\/2021\/11\/c5c7dbb0f2e7a29026447a6998c13d2d80742b0a.jpg\" alt=\"\" width=\"640\" height=\"427\" \/><figcaption id=\"caption-attachment-4690024\" class=\"wp-caption-text\">El vicepresidente del Foro Penal, Gonzalo Himiob. Foto de archivo. EFE\/ Rayner Pe\u00f1a<\/figcaption><\/figure>\n<p>&nbsp;<\/p>\n<p>Gonzalo Himiob, director vicepresidente de la ONG Foro Penal, confirm\u00f3 en la noche de este viernes 30 de enero la excarcelaci\u00f3n del estudiante de la Universidad Central de Venezuela (UCV), Jes\u00fas Enrique G\u00f3mez M\u00e9ndez, tras m\u00e1s de ocho meses detenido arbitrariamente.<\/p>\n<p><strong>lapatilla.com<\/strong><\/p>\n<p>A trav\u00e9s de una publicaci\u00f3n en su cuenta de X, Himiob inform\u00f3 que la liberaci\u00f3n del joven se suma a las recientemente anunciadas de Roalmi Cabeza y del abogado de la ONG Provea, Eduardo Torres. Adem\u00e1s, enfatiz\u00f3 que las excarcelaciones continuar\u00e1n en las pr\u00f3ximas horas.<\/p>\n<blockquote>\n<p>Lee tambi\u00e9n <strong>Provea confirm\u00f3 la excarcelaci\u00f3n del abogado Eduardo Torres tras m\u00e1s de ocho meses de prisi\u00f3n arbitraria<\/strong><\/p>\n<\/blockquote>\n<p>&nbsp;<\/p>\n<p>\u201c10:30 p.m. Hasta esta hora, hoy en el Foro Penal hemos confirmado la excarcelaci\u00f3n de los presos pol\u00edticos EDUARDO JOS\u00c9 TORRES MU\u00d1OZ, ROALMI ANTONIO CABEZA CEDE\u00d1O y JES\u00daS ENRIQUE G\u00d3MEZ M\u00c9NDEZ. M\u00e1s all\u00e1 de los anuncios de hoy, las excarcelaciones deben seguir\u201d, escribi\u00f3.<\/p>\n<p><img loading=\"lazy\" decoding=\"async\" class=\"alignnone wp-image-5877027\" src=\"https:\/\/sandia.datanubex.uk\/wp-content\/uploads\/2026\/01\/post-Jesus-Gomez.jpg\" alt=\"\" width=\"640\" height=\"248\" \/><\/p>\n<p>&nbsp;<\/p>\n<p>La cuenta en X de Viva la UCV tambi\u00e9n celebr\u00f3 la excarcelaci\u00f3n del estudiante de la Escuela de Idiomas Modernos, mientras se\u00f1al\u00f3 que todav\u00eda esperan noticias sobre el caso del profesor universitario y exconcejal de Caracas, Jes\u00fas Armas, quien permanece detenido arbitrariamente.<\/p>\n<blockquote>\n<p>Lee tambi\u00e9n: <strong>Excarcelaron a Roalmi Cabeza, escolta de Mar\u00eda Corina Machado este #30Ene<\/strong><\/p>\n<\/blockquote>\n<p>&nbsp;<\/p>\n<p>\u201cLiberado nuestro estudiante de la Escuela de Idiomas Modernos Jes\u00fas G\u00f3mez. Se suman a esta liberaci\u00f3n la de los Ucevistas Roalmi Cabeza y Eduardo Torres. Seguimos a la espera de la liberaci\u00f3n del Profesor Jes\u00fas Armas\u201d, escribi\u00f3 la organizaci\u00f3n estudiantil.<\/p>\n<p><img loading=\"lazy\" decoding=\"async\" class=\"alignnone size-full wp-image-5877031\" src=\"https:\/\/sandia.datanubex.uk\/wp-content\/uploads\/2026\/01\/post-Jesus-Gomez-1.jpg\" alt=\"\" width=\"594\" height=\"214\" \/><\/p>\n<p>&nbsp;<\/p>\n<p>Jes\u00fas G\u00f3mez, t\u00e9cnico superior en Administraci\u00f3n Comercial y estudiante de Idiomas Modernos en la UCV, fue detenido arbitrariamente el 19 de mayo de 2025 por funcionarios de la PNB cuando llegaba a su vivienda en Caracas.<\/p>\n<p>La detenci\u00f3n ocurri\u00f3 sin orden judicial. La ONG Foro Penal se\u00f1al\u00f3 que como \u00fanica \u201cexplicaci\u00f3n\u201d, los funcionarios mostraron un video de una persona encapuchada escribiendo la palabra \u201cVenezuela\u201d en un veh\u00edculo militar, alegando \u2014sin pruebas\u2014 que se trataba del joven.<\/p>\n\n","protected":false},"excerpt":{"rendered":"<p>El vicepresidente del Foro Penal, Gonzalo Himiob. Foto de archivo. EFE\/ Rayner Pe\u00f1a &nbsp; Gonzalo Himiob, director vicepresidente de la ONG Foro Penal, confirm\u00f3 en la noche de este viernes 30 de enero la excarcelaci\u00f3n del estudiante de la Universidad Central de Venezuela (UCV), Jes\u00fas Enrique G\u00f3mez M\u00e9ndez, tras m\u00e1s de ocho meses detenido arbitrariamente. &hellip;<\/p>\n","protected":false},"author":1,"featured_media":57771,"comment_status":"open","ping_status":"open","sticky":false,"template":"","format":"standard","meta":{"fifu_image_url":"https:\/\/sandia.datanubex.uk\/wp-content\/uploads\/2021\/11\/c5c7dbb0f2e7a29026447a6998c13d2d80742b0a.jpg","fifu_image_alt":"","footnotes":""},"categories":[4],"tags":[],"class_list":["post-57769","post","type-post","status-publish","format-standard","has-post-thumbnail","","category-historias-destacadas"],"_links":{"self":[{"href":"https:\/\/noticiasveraces.com\/index.php?rest_route=\/wp\/v2\/posts\/57769","targetHints":{"allow":["GET"]}}],"collection":[{"href":"https:\/\/noticiasveraces.com\/index.php?rest_route=\/wp\/v2\/posts"}],"about":[{"href":"https:\/\/noticiasveraces.com\/index.php?rest_route=\/wp\/v2\/types\/post"}],"author":[{"embeddable":true,"href":"https:\/\/noticiasveraces.com\/index.php?rest_route=\/wp\/v2\/users\/1"}],"replies":[{"embeddable":true,"href":"https:\/\/noticiasveraces.com\/index.php?rest_route=%2Fwp%2Fv2%2Fcomments&post=57769"}],"version-history":[{"count":0,"href":"https:\/\/noticiasveraces.com\/index.php?rest_route=\/wp\/v2\/posts\/57769\/revisions"}],"wp:featuredmedia":[{"embeddable":true,"href":"https:\/\/noticiasveraces.com\/index.php?rest_route=\/wp\/v2\/media\/57771"}],"wp:attachment":[{"href":"https:\/\/noticiasveraces.com\/index.php?rest_route=%2Fwp%2Fv2%2Fmedia&parent=57769"}],"wp:term":[{"taxonomy":"category","embeddable":true,"href":"https:\/\/noticiasveraces.com\/index.php?rest_route=%2Fwp%2Fv2%2Fcategories&post=57769"},{"taxonomy":"post_tag","embeddable":true,"href":"https:\/\/noticiasveraces.com\/index.php?rest_route=%2Fwp%2Fv2%2Ftags&post=57769"}],"curies":[{"name":"wp","href":"https:\/\/api.w.org\/{rel}","templated":true}]}}