{"id":57763,"date":"2026-01-31T06:48:15","date_gmt":"2026-01-31T10:48:15","guid":{"rendered":"https:\/\/noticiasveraces.com\/?p=57763"},"modified":"2026-01-31T06:48:15","modified_gmt":"2026-01-31T10:48:15","slug":"estatua-en-honor-a-falcao-se-volvio-viral-y-genero-burlas","status":"publish","type":"post","link":"https:\/\/noticiasveraces.com\/?p=57763","title":{"rendered":"Estatua en honor a Falcao se volvi\u00f3 viral y gener\u00f3 burlas"},"content":{"rendered":"<p> \n<br \/><img decoding=\"async\" src=\"https:\/\/www.futbolred.com\/files\/article_graphic\/uploads\/2025\/06\/20\/6855165b72062.jpeg\" \/><\/p>\n<header>\n<h3>Curiosidades de f\u00fatbol<br \/>\n            <\/h3>\n<h1>Estatua en honor a Falcao se volvi\u00f3 viral y gener\u00f3 burlas<br \/>\n        <\/h1>\n<address>\n            <a>Andres Rocha Florez<br \/>\n        <\/address>\n<p>        <time datetime=\"2026-01-30T19:46:26-05:00\">30 de enero 2026 , 07:46 p.\u00a0m.<br \/>\n        <\/time><br \/>\n    <\/header>\n<p>El &#8216;Tigre&#8217; recibi\u00f3 un homenaje con un monumento y las reacciones no se hicieron esperar.<\/p>\n<p>Radamel Falcao Garc\u00eda volvi\u00f3 al f\u00fatbol profesional colombiano tras seis meses inactivo y en Millonarios ya tuvo ese anhelado regreso, debutando en la derrota ante Deportivo Pasto de visitante que termin\u00f3 con la salida del t\u00e9cnico Hern\u00e1n Torres.<\/p>\n<p>Pese al mal momento de Millonarios, Falcao espera ser esa salvaci\u00f3n desde la zona de ataque y en medio de toda esa avalancha por el rendimiento del equipo, el &#8216;Tigre&#8217; recibi\u00f3 un homenaje en Santa Marta que r\u00e1pidamente se hizo viral en redes sociales.<\/p>\n<p>En el Centro Recreacional Bah\u00eda Concha decidieron hacerle una estatua al &#8216;Tigre&#8217;, acompa\u00f1ado de un mural con una leyenda que dec\u00eda \u00abhomenaje en vida\u00bb, pero la forma de la estructura dej\u00f3 muchos comentarios e incluso burlas en redes sociales, en el que mensajes como \u00abun tigre hambriento\u00bb o Flacao\u00bb fueron las cr\u00edticas.&nbsp;<\/p>\n<p>El autor de la obra fue Roberto Mictil, quien con dedicaci\u00f3n quiso entregarle a Santa Marta esa escultura de Radamel Falcao Garc\u00eda, en donde quiso plasmar art\u00edsticamente la esencia del delantero.<\/p>\n<p>En cuanto a las dimensiones de la estatua, esta tiene una altura de 1,70 metros y pesa aproximadamente 195 kilogramos, logrando ser bien llamativa para los turistas que han querido acercarse a analizar la escultura e incluso tomarse fotograf\u00edas con la misma.<\/p>\n\n","protected":false},"excerpt":{"rendered":"<p>Curiosidades de f\u00fatbol Estatua en honor a Falcao se volvi\u00f3 viral y gener\u00f3 burlas Andres Rocha Florez 30 de enero 2026 , 07:46 p.\u00a0m. El &#8216;Tigre&#8217; recibi\u00f3 un homenaje con un monumento y las reacciones no se hicieron esperar. Radamel Falcao Garc\u00eda volvi\u00f3 al f\u00fatbol profesional colombiano tras seis meses inactivo y en Millonarios ya &hellip;<\/p>\n","protected":false},"author":1,"featured_media":57765,"comment_status":"open","ping_status":"open","sticky":false,"template":"","format":"standard","meta":{"fifu_image_url":"https:\/\/www.futbolred.com\/files\/og_thumbnail\/uploads\/2025\/06\/20\/6855165b72062.jpeg","fifu_image_alt":"","footnotes":""},"categories":[6],"tags":[],"class_list":["post-57763","post","type-post","status-publish","format-standard","has-post-thumbnail","","category-deportes"],"_links":{"self":[{"href":"https:\/\/noticiasveraces.com\/index.php?rest_route=\/wp\/v2\/posts\/57763","targetHints":{"allow":["GET"]}}],"collection":[{"href":"https:\/\/noticiasveraces.com\/index.php?rest_route=\/wp\/v2\/posts"}],"about":[{"href":"https:\/\/noticiasveraces.com\/index.php?rest_route=\/wp\/v2\/types\/post"}],"author":[{"embeddable":true,"href":"https:\/\/noticiasveraces.com\/index.php?rest_route=\/wp\/v2\/users\/1"}],"replies":[{"embeddable":true,"href":"https:\/\/noticiasveraces.com\/index.php?rest_route=%2Fwp%2Fv2%2Fcomments&post=57763"}],"version-history":[{"count":0,"href":"https:\/\/noticiasveraces.com\/index.php?rest_route=\/wp\/v2\/posts\/57763\/revisions"}],"wp:featuredmedia":[{"embeddable":true,"href":"https:\/\/noticiasveraces.com\/index.php?rest_route=\/wp\/v2\/media\/57765"}],"wp:attachment":[{"href":"https:\/\/noticiasveraces.com\/index.php?rest_route=%2Fwp%2Fv2%2Fmedia&parent=57763"}],"wp:term":[{"taxonomy":"category","embeddable":true,"href":"https:\/\/noticiasveraces.com\/index.php?rest_route=%2Fwp%2Fv2%2Fcategories&post=57763"},{"taxonomy":"post_tag","embeddable":true,"href":"https:\/\/noticiasveraces.com\/index.php?rest_route=%2Fwp%2Fv2%2Ftags&post=57763"}],"curies":[{"name":"wp","href":"https:\/\/api.w.org\/{rel}","templated":true}]}}