{"id":57739,"date":"2026-01-31T04:42:22","date_gmt":"2026-01-31T08:42:22","guid":{"rendered":"https:\/\/noticiasveraces.com\/?p=57739"},"modified":"2026-01-31T04:42:22","modified_gmt":"2026-01-31T08:42:22","slug":"la-vicegobernadora-de-colorado-dianne-primavera-declara-emergencia-por-gripe-aviar-en-el-estado","status":"publish","type":"post","link":"https:\/\/noticiasveraces.com\/?p=57739","title":{"rendered":"La vicegobernadora de Colorado, Dianne Primavera, declara emergencia por gripe aviar en el estado"},"content":{"rendered":"<p> \n<\/p>\n<div>\n<div id=\"beyondwords-wrapper\" class=\"beyondwords-wrapper\">\n<p><span class=\"label-bg\">NUEVO<\/span>\u00a1Ahora puedes escuchar los art\u00edculos de Fox News!\n  <\/p>\n<\/div>\n<p class=\"speakable\">La vicegobernadora de Colorado, Dianne Primavera, declar\u00f3 el jueves una emergencia por desastre por un brote masivo de influenza aviar altamente pat\u00f3gena (HPAI) en el condado de Weld, al norte de Denver.<\/p>\n<p class=\"speakable\">El Departamento de Agricultura de Colorado (CDA) dijo al medio local FOX31 News que hubo una prueba presuntamente positiva para HPAI, tambi\u00e9n conocida como gripe aviar, en una instalaci\u00f3n de puesta de huevos en el condado.<\/p>\n<p>Los funcionarios de la CDA dijeron al medio que se est\u00e1n analizando pollos muertos en las instalaciones, que albergan a 1,3 millones de pollos, debido a un \u00abinforme de mortalidad elevado\u00bb.<\/p>\n<p>No est\u00e1 claro cu\u00e1ntas aves est\u00e1n potencialmente infectadas.<\/p>\n<div class=\"image-ct inline\">\n<div class=\"m\"><picture><source media=\"(max-width: 767px)\" srcset=\"https:\/\/a57.foxnews.com\/static.foxnews.com\/foxnews.com\/content\/uploads\/2025\/02\/343\/192\/gettyimages-1452907087.jpg?ve=1&amp;tl=1, https:\/\/a57.foxnews.com\/static.foxnews.com\/foxnews.com\/content\/uploads\/2025\/02\/686\/384\/gettyimages-1452907087.jpg?ve=1&amp;tl=1 2x\" height=\"192\" width=\"343\"><source media=\"(min-width: 768px) and (max-width: 1023px)\" srcset=\"https:\/\/a57.foxnews.com\/static.foxnews.com\/foxnews.com\/content\/uploads\/2025\/02\/672\/378\/gettyimages-1452907087.jpg?ve=1&amp;tl=1, https:\/\/a57.foxnews.com\/static.foxnews.com\/foxnews.com\/content\/uploads\/2025\/02\/1344\/756\/gettyimages-1452907087.jpg?ve=1&amp;tl=1 2x\" height=\"378\" width=\"672\"><source media=\"(min-width: 1024px) and (max-width: 1279px)\" srcset=\"https:\/\/a57.foxnews.com\/static.foxnews.com\/foxnews.com\/content\/uploads\/2025\/02\/931\/523\/gettyimages-1452907087.jpg?ve=1&amp;tl=1, https:\/\/a57.foxnews.com\/static.foxnews.com\/foxnews.com\/content\/uploads\/2025\/02\/1862\/1046\/gettyimages-1452907087.jpg?ve=1&amp;tl=1 2x\" height=\"523\" width=\"931\"><source media=\"(min-width: 1280px)\" srcset=\"https:\/\/a57.foxnews.com\/static.foxnews.com\/foxnews.com\/content\/uploads\/2025\/02\/720\/405\/gettyimages-1452907087.jpg?ve=1&amp;tl=1, https:\/\/a57.foxnews.com\/static.foxnews.com\/foxnews.com\/content\/uploads\/2025\/02\/1440\/810\/gettyimages-1452907087.jpg?ve=1&amp;tl=1 2x\" height=\"405\" width=\"720\"><img loading=\"lazy\" decoding=\"async\" src=\"https:\/\/a57.foxnews.com\/static.foxnews.com\/foxnews.com\/content\/uploads\/2025\/02\/1200\/675\/gettyimages-1452907087.jpg?ve=1&amp;tl=1\" alt=\"Brote de gripe aviar en una granja de Minnesota\" width=\"1200\" height=\"675\"\/><\/source><\/source><\/source><\/source><\/picture><\/div>\n<div class=\"info\">\n<div class=\"caption\">\n<p><span>Los trabajadores del USDA desinfectan a un equipo de trabajo en medio de un brote de gripe aviar en una granja.<\/span> <span>(Glen Stubbe\/Star Tribune v\u00eda Getty Images)<\/span><\/p>\n<\/div>\n<\/div>\n<\/div>\n<p><strong>EL GOBIERNO ABBOTT Emite una declaraci\u00f3n de desastre para evitar que la infestaci\u00f3n de moscas del gusano barrenador se extienda a Texas<\/strong><\/p>\n<p>La IAAP se detect\u00f3 por primera vez en EE. UU. en febrero de 2022 y afect\u00f3 a las aves silvestres y de corral.<\/p>\n<p>Los registros publicados por la CDA muestran que hubo una serie de brotes en el condado de Weld en julio de 2024, que afectaron a tres instalaciones av\u00edcolas comerciales que albergan un total de casi 3,4 millones de pollos.<\/p>\n<p>Aunque los nombres de los negocios no son p\u00fablicos, uno de los establecimientos afectados report\u00f3 tener 1.313.800 pollos.<\/p>\n<div class=\"image-ct inline\">\n<div class=\"m\"><picture><source media=\"(max-width: 767px)\" srcset=\"https:\/\/a57.foxnews.com\/static.foxnews.com\/foxnews.com\/content\/uploads\/2025\/01\/343\/192\/chick-bird-flu-test.jpg?ve=1&amp;tl=1, https:\/\/a57.foxnews.com\/static.foxnews.com\/foxnews.com\/content\/uploads\/2025\/01\/686\/384\/chick-bird-flu-test.jpg?ve=1&amp;tl=1 2x\" height=\"192\" width=\"343\"><source media=\"(min-width: 768px) and (max-width: 1023px)\" srcset=\"https:\/\/a57.foxnews.com\/static.foxnews.com\/foxnews.com\/content\/uploads\/2025\/01\/672\/378\/chick-bird-flu-test.jpg?ve=1&amp;tl=1, https:\/\/a57.foxnews.com\/static.foxnews.com\/foxnews.com\/content\/uploads\/2025\/01\/1344\/756\/chick-bird-flu-test.jpg?ve=1&amp;tl=1 2x\" height=\"378\" width=\"672\"><source media=\"(min-width: 1024px) and (max-width: 1279px)\" srcset=\"https:\/\/a57.foxnews.com\/static.foxnews.com\/foxnews.com\/content\/uploads\/2025\/01\/931\/523\/chick-bird-flu-test.jpg?ve=1&amp;tl=1, https:\/\/a57.foxnews.com\/static.foxnews.com\/foxnews.com\/content\/uploads\/2025\/01\/1862\/1046\/chick-bird-flu-test.jpg?ve=1&amp;tl=1 2x\" height=\"523\" width=\"931\"><source media=\"(min-width: 1280px)\" srcset=\"https:\/\/a57.foxnews.com\/static.foxnews.com\/foxnews.com\/content\/uploads\/2025\/01\/720\/405\/chick-bird-flu-test.jpg?ve=1&amp;tl=1, https:\/\/a57.foxnews.com\/static.foxnews.com\/foxnews.com\/content\/uploads\/2025\/01\/1440\/810\/chick-bird-flu-test.jpg?ve=1&amp;tl=1 2x\" height=\"405\" width=\"720\"><img loading=\"lazy\" decoding=\"async\" src=\"https:\/\/a57.foxnews.com\/static.foxnews.com\/foxnews.com\/content\/uploads\/2025\/01\/1200\/675\/chick-bird-flu-test.jpg?ve=1&amp;tl=1\" alt=\"Prueba de gripe aviar en pollitos\" width=\"1200\" height=\"675\"\/><\/source><\/source><\/source><\/source><\/picture><\/div>\n<div class=\"info\">\n<div class=\"caption\">\n<p><span>A un pollito se le hace una prueba de influenza aviar.<\/span> <span>(iStock)<\/span><\/p>\n<\/div>\n<\/div>\n<\/div>\n<p><strong>LAS AVES MUERTAS EN LAS PLAYAS DE FLORIDA HAN PREOCUPADO A LOS EXPERTOS POR LA GRIPE AVIAR<\/strong><\/p>\n<p>No est\u00e1 claro si esa instalaci\u00f3n es la misma instalaci\u00f3n potencialmente afectada en el \u00faltimo brote.<\/p>\n<p>La declaraci\u00f3n del estado activa el Plan Estatal de Operaciones de Emergencia y ordena a la Oficina de Manejo de Emergencias (OEM) tomar todas las acciones necesarias y apropiadas para ayudar a las jurisdicciones afectadas con sus esfuerzos de respuesta, recuperaci\u00f3n y mitigaci\u00f3n. <\/p>\n<p>La acci\u00f3n tambi\u00e9n autoriza el uso de fondos de emergencia por desastre y permite a la OEM movilizar recursos estatales, realizar contratos y adjudicaciones utilizando procedimientos de adquisiciones de emergencia y gravar y gastar fondos seg\u00fan lo determine el director de la OEM.<\/p>\n<div class=\"image-ct inline\">\n<div class=\"m\"><picture><source media=\"(max-width: 767px)\" srcset=\"https:\/\/a57.foxnews.com\/static.foxnews.com\/foxnews.com\/content\/uploads\/2024\/06\/343\/192\/bird_flu.jpg?ve=1&amp;tl=1, https:\/\/a57.foxnews.com\/static.foxnews.com\/foxnews.com\/content\/uploads\/2024\/06\/686\/384\/bird_flu.jpg?ve=1&amp;tl=1 2x\" height=\"192\" width=\"343\"><source media=\"(min-width: 768px) and (max-width: 1023px)\" srcset=\"https:\/\/a57.foxnews.com\/static.foxnews.com\/foxnews.com\/content\/uploads\/2024\/06\/672\/378\/bird_flu.jpg?ve=1&amp;tl=1, https:\/\/a57.foxnews.com\/static.foxnews.com\/foxnews.com\/content\/uploads\/2024\/06\/1344\/756\/bird_flu.jpg?ve=1&amp;tl=1 2x\" height=\"378\" width=\"672\"><source media=\"(min-width: 1024px) and (max-width: 1279px)\" srcset=\"https:\/\/a57.foxnews.com\/static.foxnews.com\/foxnews.com\/content\/uploads\/2024\/06\/931\/523\/bird_flu.jpg?ve=1&amp;tl=1, https:\/\/a57.foxnews.com\/static.foxnews.com\/foxnews.com\/content\/uploads\/2024\/06\/1862\/1046\/bird_flu.jpg?ve=1&amp;tl=1 2x\" height=\"523\" width=\"931\"><source media=\"(min-width: 1280px)\" srcset=\"https:\/\/a57.foxnews.com\/static.foxnews.com\/foxnews.com\/content\/uploads\/2024\/06\/720\/405\/bird_flu.jpg?ve=1&amp;tl=1, https:\/\/a57.foxnews.com\/static.foxnews.com\/foxnews.com\/content\/uploads\/2024\/06\/1440\/810\/bird_flu.jpg?ve=1&amp;tl=1 2x\" height=\"405\" width=\"720\"><img loading=\"lazy\" decoding=\"async\" src=\"https:\/\/a57.foxnews.com\/static.foxnews.com\/foxnews.com\/content\/uploads\/2024\/06\/1200\/675\/bird_flu.jpg?ve=1&amp;tl=1\" alt=\"&quot;gripe aviar&quot;-tubos de ensayo etiquetados\" width=\"1200\" height=\"675\"\/><\/source><\/source><\/source><\/source><\/picture><\/div>\n<div class=\"info\">\n<div class=\"caption\">\n<p><span>Los funcionarios de la CDA dijeron al medio que se est\u00e1n analizando pollos muertos en las instalaciones. <\/span> <span>(Reuters\/Dado Ruvic\/Ilustraci\u00f3n\/Foto de archivo)<\/span><\/p>\n<\/div>\n<\/div>\n<\/div>\n<p>Al momento de la declaraci\u00f3n Primavera se desempe\u00f1aba como gobernador; El gobernador Jared Polis estaba en Washington, DC, asistiendo a una reuni\u00f3n de negociaci\u00f3n en el r\u00edo Colorado.<\/p>\n<p><strong>HAGA CLIC AQU\u00cd PARA DESCARGAR LA APLICACI\u00d3N FOX NEWS<\/strong><\/p>\n<p>La oficina del gobernador dijo que la decisi\u00f3n se tom\u00f3 en coordinaci\u00f3n con Polis.<\/p>\n<p> <!----> <\/p>\n<div class=\"article-meta\">\n<div class=\"author-bio\">\n<p>Alexandra Koch es periodista de Fox News Digital que cubre noticias de \u00faltima hora, centr\u00e1ndose en eventos de alto impacto que dan forma a la conversaci\u00f3n nacional.<\/p>\n<p>Ha cubierto importantes crisis nacionales, incluidos los incendios forestales de Los \u00c1ngeles, los desastres de aviaci\u00f3n de los r\u00edos Potomac y Hudson, el ataque terrorista de Boulder y las inundaciones de Texas Hill Country.<\/p>\n<\/div>\n<\/div>\n<\/div>\n\n","protected":false},"excerpt":{"rendered":"<p>NUEVO\u00a1Ahora puedes escuchar los art\u00edculos de Fox News! La vicegobernadora de Colorado, Dianne Primavera, declar\u00f3 el jueves una emergencia por desastre por un brote masivo de influenza aviar altamente pat\u00f3gena (HPAI) en el condado de Weld, al norte de Denver. El Departamento de Agricultura de Colorado (CDA) dijo al medio local FOX31 News que hubo &hellip;<\/p>\n","protected":false},"author":1,"featured_media":57741,"comment_status":"open","ping_status":"open","sticky":false,"template":"","format":"standard","meta":{"fifu_image_url":"https:\/\/a57.foxnews.com\/static.foxnews.com\/foxnews.com\/content\/uploads\/2025\/02\/1200\/675\/gettyimages-1452907087.jpg?ve=1&tl=1","fifu_image_alt":"","footnotes":""},"categories":[8],"tags":[],"class_list":["post-57739","post","type-post","status-publish","format-standard","has-post-thumbnail","","category-salud"],"_links":{"self":[{"href":"https:\/\/noticiasveraces.com\/index.php?rest_route=\/wp\/v2\/posts\/57739","targetHints":{"allow":["GET"]}}],"collection":[{"href":"https:\/\/noticiasveraces.com\/index.php?rest_route=\/wp\/v2\/posts"}],"about":[{"href":"https:\/\/noticiasveraces.com\/index.php?rest_route=\/wp\/v2\/types\/post"}],"author":[{"embeddable":true,"href":"https:\/\/noticiasveraces.com\/index.php?rest_route=\/wp\/v2\/users\/1"}],"replies":[{"embeddable":true,"href":"https:\/\/noticiasveraces.com\/index.php?rest_route=%2Fwp%2Fv2%2Fcomments&post=57739"}],"version-history":[{"count":0,"href":"https:\/\/noticiasveraces.com\/index.php?rest_route=\/wp\/v2\/posts\/57739\/revisions"}],"wp:featuredmedia":[{"embeddable":true,"href":"https:\/\/noticiasveraces.com\/index.php?rest_route=\/wp\/v2\/media\/57741"}],"wp:attachment":[{"href":"https:\/\/noticiasveraces.com\/index.php?rest_route=%2Fwp%2Fv2%2Fmedia&parent=57739"}],"wp:term":[{"taxonomy":"category","embeddable":true,"href":"https:\/\/noticiasveraces.com\/index.php?rest_route=%2Fwp%2Fv2%2Fcategories&post=57739"},{"taxonomy":"post_tag","embeddable":true,"href":"https:\/\/noticiasveraces.com\/index.php?rest_route=%2Fwp%2Fv2%2Ftags&post=57739"}],"curies":[{"name":"wp","href":"https:\/\/api.w.org\/{rel}","templated":true}]}}