{"id":57732,"date":"2026-01-31T01:50:27","date_gmt":"2026-01-31T05:50:27","guid":{"rendered":"https:\/\/noticiasveraces.com\/?p=57732"},"modified":"2026-01-31T01:50:27","modified_gmt":"2026-01-31T05:50:27","slug":"miles-marchan-en-mineapolis-y-nueva-york-contra-ice","status":"publish","type":"post","link":"https:\/\/noticiasveraces.com\/?p=57732","title":{"rendered":"Miles marchan en Mine\u00e1polis y Nueva York contra ICE"},"content":{"rendered":"<p> \n<\/p>\n<div data-tracking-name=\"rich-text\" data-tracking-skip=\"true\">\n<p>Miles de personas desafiaron el fr\u00edo y desfilaron el viernes (30.01.2026) en Mine\u00e1polis y Nueva York para protestar contra las redadas de la polic\u00eda migratoria estadounidense, tras semanas de tensi\u00f3n que desembocaron en la muerte a balazos de dos activistas.<\/p>\n<p>La jornada de acci\u00f3n, bautizada \u00abapag\u00f3n nacional\u00bb, fue convocada por organizaciones de defensa de los migrantes tras la conmoci\u00f3n causada por la muerte de Renee Good y Alex Pretti en Mine\u00e1polis.<\/p>\n<p>Entre los participantes estaba la estrella de rock Bruce Springsteen, que cant\u00f3 para el p\u00fablico una canci\u00f3n dedicada a la memoria de ambos activistas abatidos.<\/p>\n<p>\u00abNo creo que nuestro gobierno federal deba estar aterrorizando a nuestra gente as\u00ed\u00bb, dijo a AFP Sushma Santhana, de 24 a\u00f1os, quien acudi\u00f3 a la marcha.<\/p>\n<p>La protesta fue respaldada tambi\u00e9n por los dem\u00f3cratas que controlan el estado de Minesota y Mine\u00e1polis, una ciudad santuario que se reh\u00fasa a cooperar con las agencias que luchan contra la inmigraci\u00f3n irregular.<\/p>\n<p>Esa pol\u00edtica de redadas y deportaciones es uno de los principales puntos de la agenda del presidente republicano Donald Trump.<\/p>\n<figure class=\"placeholder-image master_landscape big\"><img data-format=\"MASTER_LANDSCAPE\" data-id=\"75737040\" data-url=\"https:\/\/static.dw.com\/image\/75737040_${formatId}.jpg\" data-aspect-ratio=\"16\/9\" alt=\"Manifestantes marchan por el centro de la ciudad de Min\u00e9apolis exigiendo el fin de las operaciones de ICE en el estado de Minnesota.\" style=\"padding-bottom: 56.25%; height: 0; max-height: 0;\"\/><figcaption class=\"img-caption\">Manifestantes marchan por el centro de la ciudad de Min\u00e9apolis exigiendo el fin de las operaciones de ICE en el estado de Minnesota.<small class=\"copyright\">Imagen: Scott Olson\/Getty Images<\/small><\/figcaption><\/figure>\n<h2>Multitud recorri\u00f3 Nueva York<\/h2>\n<p>En la costa este, miles de neoyorquinos unieron sus voces y desafiaron las g\u00e9lidas temperaturas para repudiar la pol\u00edtica migratoria de Trump en Mine\u00e1polis, que adem\u00e1s genera fuertes enfrentamientos con los residentes.<\/p>\n<p><span data-slot-id=\"Article_InContent-1\" class=\"rich-text-ad\"\/><\/p>\n<p>La multitud sali\u00f3 a protestar como parte de la convocatoria nacional a \u00abno trabajar, no ir a la escuela, no ir de compras\u00bb, una huelga en solidaridad con la ciudad de Min\u00e9apolis en su lucha por sacar a los agentes del Servicio de Control de Inmigraci\u00f3n y Aduanas (ICE).<\/p>\n<p>Armados para enfrentar el fr\u00edo \u00e1rtico que afecta a Nueva York y otros estados, los manifestantes se reunieron en la ya legendaria plaza de Foley Square, a pasos de la sede de ICE, y marcharon por las calles gritando consignas y portando letreros contra el ICE.<\/p>\n<p>En los letreros se pod\u00eda leer \u00abFuera ICE\u00bb, \u00abICE es la gestapo de Trump\u00bb o \u00abJusticia para todas las v\u00edctimas del terrorismo del ICE\u00bb, as\u00ed como fotos de inmigrantes que han muerto en centros de detenci\u00f3n.<\/p>\n<p>\u00abExigimos el fin de esta violencia, el fin de los asesinatos de miembros de nuestra comunidad y la salida de ICE de nuestras comunidades\u00bb, indicaron representantes de la Coalici\u00f3n de Inmigraci\u00f3n de Nueva York, uno de los grupos organizadores de la manifestaci\u00f3n.<\/p>\n<p>Las crecientes cr\u00edticas a los abusos del ICE llegan adem\u00e1s por parte de figuras del mundo del espect\u00e1culo y empresarios, que han hecho p\u00fablicas sus opiniones en contra de la violencia de la agencia migratoria.<\/p>\n<p>jc (afp, efe)<\/p>\n<\/div>\n\n","protected":false},"excerpt":{"rendered":"<p>Miles de personas desafiaron el fr\u00edo y desfilaron el viernes (30.01.2026) en Mine\u00e1polis y Nueva York para protestar contra las redadas de la polic\u00eda migratoria estadounidense, tras semanas de tensi\u00f3n que desembocaron en la muerte a balazos de dos activistas. La jornada de acci\u00f3n, bautizada \u00abapag\u00f3n nacional\u00bb, fue convocada por organizaciones de defensa de los &hellip;<\/p>\n","protected":false},"author":1,"featured_media":57733,"comment_status":"open","ping_status":"open","sticky":false,"template":"","format":"standard","meta":{"fifu_image_url":"https:\/\/static.dw.com\/image\/75737074_6.jpg","fifu_image_alt":"","footnotes":""},"categories":[13],"tags":[],"class_list":["post-57732","post","type-post","status-publish","format-standard","has-post-thumbnail","","category-mundo"],"_links":{"self":[{"href":"https:\/\/noticiasveraces.com\/index.php?rest_route=\/wp\/v2\/posts\/57732","targetHints":{"allow":["GET"]}}],"collection":[{"href":"https:\/\/noticiasveraces.com\/index.php?rest_route=\/wp\/v2\/posts"}],"about":[{"href":"https:\/\/noticiasveraces.com\/index.php?rest_route=\/wp\/v2\/types\/post"}],"author":[{"embeddable":true,"href":"https:\/\/noticiasveraces.com\/index.php?rest_route=\/wp\/v2\/users\/1"}],"replies":[{"embeddable":true,"href":"https:\/\/noticiasveraces.com\/index.php?rest_route=%2Fwp%2Fv2%2Fcomments&post=57732"}],"version-history":[{"count":0,"href":"https:\/\/noticiasveraces.com\/index.php?rest_route=\/wp\/v2\/posts\/57732\/revisions"}],"wp:featuredmedia":[{"embeddable":true,"href":"https:\/\/noticiasveraces.com\/index.php?rest_route=\/wp\/v2\/media\/57733"}],"wp:attachment":[{"href":"https:\/\/noticiasveraces.com\/index.php?rest_route=%2Fwp%2Fv2%2Fmedia&parent=57732"}],"wp:term":[{"taxonomy":"category","embeddable":true,"href":"https:\/\/noticiasveraces.com\/index.php?rest_route=%2Fwp%2Fv2%2Fcategories&post=57732"},{"taxonomy":"post_tag","embeddable":true,"href":"https:\/\/noticiasveraces.com\/index.php?rest_route=%2Fwp%2Fv2%2Ftags&post=57732"}],"curies":[{"name":"wp","href":"https:\/\/api.w.org\/{rel}","templated":true}]}}