{"id":57725,"date":"2026-01-31T00:51:30","date_gmt":"2026-01-31T04:51:30","guid":{"rendered":"https:\/\/noticiasveraces.com\/?p=57725"},"modified":"2026-01-31T00:51:30","modified_gmt":"2026-01-31T04:51:30","slug":"cronologia-del-caso-noeliacasi-dos-anos-desde-la-peticion-hasta-el-aval-del-supremo-sociedad","status":"publish","type":"post","link":"https:\/\/noticiasveraces.com\/?p=57725","title":{"rendered":"Cronolog\u00eda del \u2018caso Noelia\u2019|Casi dos a\u00f1os desde la petici\u00f3n hasta el aval del Supremo | Sociedad"},"content":{"rendered":"<p> \n<\/p>\n<div id=\"main-content\">\n<header class=\"a_e _g _g-xs\">\n<div class=\"a_e_txt _df\">\n<p class=\"a_st\">La joven parapl\u00e9jica de 25 a\u00f1os reclam\u00f3 la eutanasia en abril de 2024. Un largo periplo judicial ha impedido hasta la fecha que pueda ser asistida para morir <\/p>\n<\/div>\n<div class=\"a_e_m\">\n<figure class=\"a_m a_m-h \"><span class=\"a_m_w _db\"><img fetchpriority=\"high\" decoding=\"auto\" class=\"_re  a_m-h\" height=\"276\" srcset=\"https:\/\/imagenes.elpais.com\/resizer\/v2\/JVZ2HUEX4BAGZJJMPHRDUXBTCQ.jpg?auth=f59cd30705e02434b2abd92b79e035e3942b06c077bf94e6f1ad4ff7cd82253a&amp;width=414 414w,https:\/\/imagenes.elpais.com\/resizer\/v2\/JVZ2HUEX4BAGZJJMPHRDUXBTCQ.jpg?auth=f59cd30705e02434b2abd92b79e035e3942b06c077bf94e6f1ad4ff7cd82253a&amp;width=640 640w,https:\/\/imagenes.elpais.com\/resizer\/v2\/JVZ2HUEX4BAGZJJMPHRDUXBTCQ.jpg?auth=f59cd30705e02434b2abd92b79e035e3942b06c077bf94e6f1ad4ff7cd82253a&amp;width=1000 1000w,https:\/\/imagenes.elpais.com\/resizer\/v2\/JVZ2HUEX4BAGZJJMPHRDUXBTCQ.jpg?auth=f59cd30705e02434b2abd92b79e035e3942b06c077bf94e6f1ad4ff7cd82253a&amp;width=1200 1200w\" width=\"414\" sizes=\"(min-width:1199px)1155px,(min-width:1001px)95vw,(min-width:768px)767px,100vw\" src=\"https:\/\/imagenes.elpais.com\/resizer\/v2\/JVZ2HUEX4BAGZJJMPHRDUXBTCQ.jpg?auth=f59cd30705e02434b2abd92b79e035e3942b06c077bf94e6f1ad4ff7cd82253a&amp;width=414\" loading=\"eager\"\/><\/span><figcaption class=\"a_m_p\" aria-hidden=\"true\"><span>El letrado de Abogados Cristianos, Jos\u00e9 Mar\u00eda Fern\u00e1ndez Abril, frente a los juzgados de Barcelona, en marzo de 2025.<\/span><span class=\"a_m_m\">Maximiliano Minocri<\/span><\/figcaption><\/figure>\n<\/div>\n<\/header>\n<div class=\"a_md _g _g-xs \">\n<figure class=\"a_md_i a_m-h c_m--nf\"><span class=\"a_m_w _db\"><img alt=\"Domitila Diez\" decoding=\"auto\" class=\"_re lazyload a_m-h\" height=\"100\" width=\"100\" src=\"https:\/\/imagenes.elpais.com\/resizer\/v2\/https%3A%2F%2Fauthor-service-images-prod-us-east-1.publishing.aws.arc.pub%2Fprisa%2Fde80a74a-9c74-4439-80cf-275df41ee507.png?auth=89f20dcc8100b50512d05ce33a5974849a05a0e82273d25e7d3b24b91759e9ac&amp;width=100&amp;height=100&amp;smart=true\" loading=\"lazy\"\/><\/span><\/figure>\n<\/div>\n<div class=\"a_c clearfix\" data-dtm-region=\"articulo_cuerpo\">\n<p class=\"\">Han pasado casi dos a\u00f1os desde que una joven llamada Noelia, que ahora tiene 25 a\u00f1os, solicit\u00f3 formalmente la eutanasia. Su petici\u00f3n fue aceptada, pero su padre no estaba de acuerdo. El caso lleva un largo recorrido judicial, que concluy\u00f3 este jueves en Tribunal Supremo. <\/p>\n<p class=\"\">El padre, representado por la asociaci\u00f3n ultracat\u00f3lica Abogados Cristianos, ha recurrido una por una las distintas sentencias de diferentes instancias judiciales a favor de la eutanasia para Noelia. El Supremo no admiti\u00f3 la \u00faltima petici\u00f3n y ya no cabe recurso. Pero Abogados Cristianos ha anunciado que acudir\u00e1 al Tribunal Constitucional, que en su caso deber\u00eda pronunciarse sobre si el proceso judicial ha sido garantista con los derechos fundamentales del padre. <\/p>\n<p class=\"\">Esta es la cronolog\u00eda con las principales fechas del caso hasta la fecha:<\/p>\n<ul>\n<li><span><b>4 de octubre de 2022.<\/b> Noelia intent\u00f3 suicidarse despu\u00e9s de haber sufrido una agresi\u00f3n sexual m\u00faltiple. Qued\u00f3 parapl\u00e9jica, postrada en una silla de ruedas. <\/span><\/li>\n<li><span><b>10 de abril de 2024.<\/b> La mujer solicit\u00f3 la eutanasia a la Comisi\u00f3n de Garant\u00eda y Evaluaci\u00f3n de Catalu\u00f1a (CGAC), el \u00f3rgano independiente formado por juristas, m\u00e9dicos y expertos en bio\u00e9tica que garantiza la correcta aplicaci\u00f3n de la ley de eutanasia.<\/span><\/li>\n<li><span><b>18 de julio de 2024. <\/b>Esta comisi\u00f3n acept\u00f3 su solicitud por unanimidad. <\/span><\/li>\n<li><span><b>1 de agosto de 2024.<\/b> En la v\u00edspera de la intervenci\u00f3n, el Juzgado de lo Contencioso-administrativo n\u00famero 12 de Barcelona la suspendi\u00f3 de forma cautelar por petici\u00f3n del padre de Noelia. El hombre, que se llama Javier, aleg\u00f3 que su hija pod\u00eda mejorar y que no estaba en condiciones de decidir su destino debido a problemas de salud mental. Representado por la fundaci\u00f3n Abogados Cristianos, el padre recurri\u00f3 la resoluci\u00f3n administrativa. <\/span><\/li>\n<li><span><b>4 de marzo de 2025.<\/b> Noelia ratific\u00f3 su voluntad ante el juzgado.<\/span><\/li>\n<li><span><b>17 de marzo de 2025.<\/b> La jueza autoriz\u00f3 la eutanasia y concluy\u00f3 que el padre no estaba legitimado para actuar en nombre de la hija. Abogados Cristianos recurri\u00f3 esta decisi\u00f3n ante el Tribunal Superior de Justicia de Catalu\u00f1a (TSJC). Adem\u00e1s, interpuso una querella por falsificaci\u00f3n en documento p\u00fablico y prevaricaci\u00f3n a dos t\u00e9cnicos del CGAC que evaluaron el caso. Estos evaluadores, un m\u00e9dico y un abogado, estaban de acuerdo en que era procedente autorizar una eutanasia, pero \u201cfingieron su desacuerdo para as\u00ed elevar la decisi\u00f3n a la Comisi\u00f3n de Garant\u00edas y Evaluaci\u00f3n y \u2018forzar\u2019 una supuesta mayor garant\u00eda en la toma de decisiones\u201d, seg\u00fan recoge el auto del Supremo del pasado 21 de enero que avala la eutanasia de Noelia. <\/span><\/li>\n<li><span><b>19 de septiembre de 2025.<\/b> El TSJC ratific\u00f3 la sentencia, aunque reconoci\u00f3 la legitimidad del progenitor para recurrirla ante el Tribunal Supremo. El padre recurri\u00f3. <\/span><\/li>\n<li><span><b>24 de septiembre de 2025.<\/b> Abogados Cristianos interpuso otra querella contra siete miembros de la comisi\u00f3n de garant\u00eda por conflicto de intereses y contra el exconsejero de Salud de Catalu\u00f1a, Josep Mar\u00eda Argimon, por haberlos nombrado. <\/span><\/li>\n<li><span><b>27 de noviembre de 2025. <\/b>Un juzgado de Barcelona admiti\u00f3 la querella de Abogados Cristianos contra los dos miembros del comit\u00e9 y abri\u00f3 diligencias previas. <\/span><\/li>\n<li><span>El pasado jueves, <b>29 de enero de 2026<\/b>el Supremo no admiti\u00f3 el recurso presentado por el padre y aval\u00f3 la eutanasia. Contra esta decisi\u00f3n no cabe recurso. Abogados Cristianos ha anunciado que llevar\u00e1 el caso ante el Tribunal Constitucional. <\/span><\/li>\n<\/ul>\n<\/div>\n<div id=\"me-dis\" class=\"me _pf\">\n<div class=\"me_bg\">\n<div class=\"me-dis _pa _df\"><span class=\"me-dis_i\"\/><\/p>\n<div class=\"me-dis_c\">\n<h2 class=\"me-dis_t\">Tu suscripci\u00f3n se est\u00e1 usando en otro dispositivo<\/h2>\n<p>\u00bfQuieres a\u00f1adir otro usuario a tu suscripci\u00f3n?<\/p>\n<p>Si contin\u00faas leyendo en este dispositivo, no se podr\u00e1 leer en el otro.<\/p>\n<p class=\"lk\">\u00bfPor qu\u00e9 est\u00e1s viendo esto?<\/p>\n<p><span class=\"arrow\" id=\"capping-arrow\">Flecha<\/span><\/p>\n<div class=\"me-dis_d\">\n<div class=\"me-dis_d_t\">\n<h2 class=\"enc\"> <!-- -->Tu suscripci\u00f3n se est\u00e1 usando en otro dispositivo y solo puedes acceder a EL PA\u00cdS desde un dispositivo a la vez.<!-- --> <\/h2>\n<div class=\"tx\">\n<p>Si quieres compartir tu cuenta, cambia tu suscripci\u00f3n a la modalidad Premium, as\u00ed podr\u00e1s a\u00f1adir otro usuario. Cada uno acceder\u00e1 con su propia cuenta de email, lo que os permitir\u00e1 personalizar vuestra experiencia en EL PA\u00cdS.<\/p>\n<p>\u00bfTienes una suscripci\u00f3n de empresa? Accede aqu\u00ed para contratar m\u00e1s cuentas.<\/p>\n<p>En el caso de no saber qui\u00e9n est\u00e1 usando tu cuenta, te recomendamos cambiar tu contrase\u00f1a aqu\u00ed.<\/p>\n<p>Si decides continuar compartiendo tu cuenta, este mensaje se mostrar\u00e1 en tu dispositivo y en el de la otra persona que est\u00e1 usando tu cuenta de forma indefinida, afectando a tu experiencia de lectura. Puedes consultar aqu\u00ed los t\u00e9rminos y condiciones de la suscripci\u00f3n digital.<\/p>\n<\/div>\n<\/div>\n<\/div>\n<\/div>\n<\/div>\n<\/div>\n<\/div>\n<aside class=\"w w-fid\"\/>\n<aside class=\"a_com w w-com _df\">Normas<!-- --> \u203a<\/aside>\n<aside class=\"w w-rel\" data-dtm-region=\"articulo_mas-informacion\">\n<h2 class=\"w_t\">M\u00e1s informaci\u00f3n<\/h2>\n<\/aside>\n<section class=\"w w-ae\" data-dtm-region=\"articulo_archivado-en\">\n<h2 class=\"w_t\">Archivado En<\/h2>\n<\/section>\n<aside class=\"a_tp _df\">\n<div class=\"a_tp_si\">Si est\u00e1 interesado en licenciar este contenido, pinche aqu\u00ed<\/div>\n<\/aside>\n<aside class=\"outbrain obne_ob\" data-ctn-subscription=\"\" data-ctn-taboola=\"\"\/><\/div>\n\n","protected":false},"excerpt":{"rendered":"<p>La joven parapl\u00e9jica de 25 a\u00f1os reclam\u00f3 la eutanasia en abril de 2024. Un largo periplo judicial ha impedido hasta la fecha que pueda ser asistida para morir El letrado de Abogados Cristianos, Jos\u00e9 Mar\u00eda Fern\u00e1ndez Abril, frente a los juzgados de Barcelona, en marzo de 2025.Maximiliano Minocri Han pasado casi dos a\u00f1os desde que &hellip;<\/p>\n","protected":false},"author":1,"featured_media":57726,"comment_status":"open","ping_status":"open","sticky":false,"template":"","format":"standard","meta":{"fifu_image_url":"https:\/\/imagenes.elpais.com\/resizer\/v2\/JVZ2HUEX4BAGZJJMPHRDUXBTCQ.jpg?auth=f59cd30705e02434b2abd92b79e035e3942b06c077bf94e6f1ad4ff7cd82253a&width=1200","fifu_image_alt":"","footnotes":""},"categories":[11],"tags":[],"class_list":["post-57725","post","type-post","status-publish","format-standard","has-post-thumbnail","","category-viaje"],"_links":{"self":[{"href":"https:\/\/noticiasveraces.com\/index.php?rest_route=\/wp\/v2\/posts\/57725","targetHints":{"allow":["GET"]}}],"collection":[{"href":"https:\/\/noticiasveraces.com\/index.php?rest_route=\/wp\/v2\/posts"}],"about":[{"href":"https:\/\/noticiasveraces.com\/index.php?rest_route=\/wp\/v2\/types\/post"}],"author":[{"embeddable":true,"href":"https:\/\/noticiasveraces.com\/index.php?rest_route=\/wp\/v2\/users\/1"}],"replies":[{"embeddable":true,"href":"https:\/\/noticiasveraces.com\/index.php?rest_route=%2Fwp%2Fv2%2Fcomments&post=57725"}],"version-history":[{"count":0,"href":"https:\/\/noticiasveraces.com\/index.php?rest_route=\/wp\/v2\/posts\/57725\/revisions"}],"wp:featuredmedia":[{"embeddable":true,"href":"https:\/\/noticiasveraces.com\/index.php?rest_route=\/wp\/v2\/media\/57726"}],"wp:attachment":[{"href":"https:\/\/noticiasveraces.com\/index.php?rest_route=%2Fwp%2Fv2%2Fmedia&parent=57725"}],"wp:term":[{"taxonomy":"category","embeddable":true,"href":"https:\/\/noticiasveraces.com\/index.php?rest_route=%2Fwp%2Fv2%2Fcategories&post=57725"},{"taxonomy":"post_tag","embeddable":true,"href":"https:\/\/noticiasveraces.com\/index.php?rest_route=%2Fwp%2Fv2%2Ftags&post=57725"}],"curies":[{"name":"wp","href":"https:\/\/api.w.org\/{rel}","templated":true}]}}