{"id":57715,"date":"2026-01-30T23:46:17","date_gmt":"2026-01-31T03:46:17","guid":{"rendered":"https:\/\/noticiasveraces.com\/?p=57715"},"modified":"2026-01-30T23:46:17","modified_gmt":"2026-01-31T03:46:17","slug":"metropolitanos-y-academia-puerto-cabello-no-pasaron-del-empate","status":"publish","type":"post","link":"https:\/\/noticiasveraces.com\/?p=57715","title":{"rendered":"Metropolitanos y Academia Puerto Cabello no pasaron del empate"},"content":{"rendered":"<p> \n<\/p>\n<div data-td-block-uid=\"tdi_110\">\n<div class=\"tdb-block-inner td-fix-index\">\n<p>En un encuentro de alta tensi\u00f3n entre Academia Puerto Cabello y Metropolitanos FC, el equipo de Francesco Stifano resisti\u00f3 el asedio y se llevaron un punto a la capital.<\/p>\n<p>A pesar de que Academia Puerto Cabello figuraba como favorito por su amplia camada de refuerzos de elite, el conjunto violeta aguant\u00f3 y caus\u00f3 peligro, rescatando un tanto que le vale para volver a casa con su primer partido en tablas.<\/p>\n<p>A primera instancia, un error en la salida del meta Yonathan Yustiz impuls\u00f3 el primer gol del cotejo, siendo Edwuin Pernia 2`el encargado de colocar el remate a quemarropa en el amanecer del encuentro.<\/p>\n<p><strong>Leer tambi\u00e9n: Lewandowski podr\u00eda irse del Barcelona este a\u00f1o<\/strong><\/p>\n<p>No obstante, Metropolitanos continu\u00f3 su accionar, causando jugadas claves hasta que una falta sobre Jeizon Ram\u00edrez culmin\u00f3 en penal luego de la revisi\u00f3n en el VAR. Posterior a esto, el veterano Nicolas \u00abMiku\u00bb Fedor  56`defini\u00f3 desde los doce pasos para rematar directo al techo del arco de Joel Graterol e igualar las acciones en Carabobo.<\/p>\n<p>Percibiendo un 1-1 favorable para la oncena de visita, se destac\u00f3 al joven carrilero Angel Jaimes que, con su solidez en defensa y participaci\u00f3n en jugadas claves, se adjudic\u00f3 el MVP en el primer partido de su equipo en 2026.<\/p>\n<p>En su pr\u00f3ximo encuentro, Metropolitanos se ver\u00e1 las caras con Deportivo La Guaira en duelo capitalino el pr\u00f3ximo 7 de febrero, mientras que Academia Puerto Cabello volver\u00e1 a ver acci\u00f3n ante Caracas FC la misma fecha.<\/p>\n<\/div>\n<\/div>\n\n","protected":false},"excerpt":{"rendered":"<p>En un encuentro de alta tensi\u00f3n entre Academia Puerto Cabello y Metropolitanos FC, el equipo de Francesco Stifano resisti\u00f3 el asedio y se llevaron un punto a la capital. A pesar de que Academia Puerto Cabello figuraba como favorito por su amplia camada de refuerzos de elite, el conjunto violeta aguant\u00f3 y caus\u00f3 peligro, rescatando &hellip;<\/p>\n","protected":false},"author":1,"featured_media":57716,"comment_status":"open","ping_status":"open","sticky":false,"template":"","format":"standard","meta":{"fifu_image_url":"https:\/\/ultimasnoticias.com.ve\/wp-content\/uploads\/2026\/01\/Miku-Fedor.png","fifu_image_alt":"","footnotes":""},"categories":[13],"tags":[],"class_list":["post-57715","post","type-post","status-publish","format-standard","has-post-thumbnail","","category-mundo"],"_links":{"self":[{"href":"https:\/\/noticiasveraces.com\/index.php?rest_route=\/wp\/v2\/posts\/57715","targetHints":{"allow":["GET"]}}],"collection":[{"href":"https:\/\/noticiasveraces.com\/index.php?rest_route=\/wp\/v2\/posts"}],"about":[{"href":"https:\/\/noticiasveraces.com\/index.php?rest_route=\/wp\/v2\/types\/post"}],"author":[{"embeddable":true,"href":"https:\/\/noticiasveraces.com\/index.php?rest_route=\/wp\/v2\/users\/1"}],"replies":[{"embeddable":true,"href":"https:\/\/noticiasveraces.com\/index.php?rest_route=%2Fwp%2Fv2%2Fcomments&post=57715"}],"version-history":[{"count":0,"href":"https:\/\/noticiasveraces.com\/index.php?rest_route=\/wp\/v2\/posts\/57715\/revisions"}],"wp:featuredmedia":[{"embeddable":true,"href":"https:\/\/noticiasveraces.com\/index.php?rest_route=\/wp\/v2\/media\/57716"}],"wp:attachment":[{"href":"https:\/\/noticiasveraces.com\/index.php?rest_route=%2Fwp%2Fv2%2Fmedia&parent=57715"}],"wp:term":[{"taxonomy":"category","embeddable":true,"href":"https:\/\/noticiasveraces.com\/index.php?rest_route=%2Fwp%2Fv2%2Fcategories&post=57715"},{"taxonomy":"post_tag","embeddable":true,"href":"https:\/\/noticiasveraces.com\/index.php?rest_route=%2Fwp%2Fv2%2Ftags&post=57715"}],"curies":[{"name":"wp","href":"https:\/\/api.w.org\/{rel}","templated":true}]}}