{"id":57712,"date":"2026-01-30T22:45:16","date_gmt":"2026-01-31T02:45:16","guid":{"rendered":"https:\/\/noticiasveraces.com\/?p=57712"},"modified":"2026-01-30T22:45:16","modified_gmt":"2026-01-31T02:45:16","slug":"que-se-sabe-sobre-el-posible-cierre-de-el-helicoide-y-por-que-organismos-de-dd-hh-lo-senalaban-como-centro-de-tortura-en-venezuela","status":"publish","type":"post","link":"https:\/\/noticiasveraces.com\/?p=57712","title":{"rendered":"\u00bfQu\u00e9 se sabe sobre el posible cierre de El Helicoide y por qu\u00e9 organismos de DD HH lo se\u00f1alaban como centro de tortura en Venezuela?"},"content":{"rendered":"<p> \n<\/p>\n<div>\n<p>La presidenta encargada Delcy Rodr\u00edguez anunci\u00f3 el viernes 30 de enero <strong>el cierre de El Helicoide<\/strong>recinto que por a\u00f1os <strong>oper\u00f3 como c\u00e1rcel para presos pol\u00edticos <\/strong>y que fue denunciado como centro de torturas por organismos internacionales como las Naciones Unidas. Indic\u00f3 que a partir de ahora se convertir\u00e1 en un <strong>espacio para servicios sociales, comerciales, culturales y deportivos<\/strong> para funcionarios policiales y las comunidades cercanas. <\/p>\n<p>Actualmente en El Helicoide operan dos organismos de seguridad con graves <strong>denuncias de violaciones de derechos humanos<\/strong>. El primero es la Direcci\u00f3n de Acciones Estrat\u00e9gicas y T\u00e1cticas (<strong>DAET<\/strong>) de la Polic\u00eda Nacional Bolivariana (<strong>PNB<\/strong>). Este organismo es el sucesor de las Fuerzas de Acciones Especiales (<strong>Campo<\/strong>), cuerpo policial calificado por el Alto Comisionado de Derechos Humanos de la ONU como un \u201cgrupo de exterminio\u201d por su rol en ejecuciones extrajudiciales en sectores populares durante la \u201cOperaci\u00f3n Liberaci\u00f3n del Pueblo (<strong>OLP<\/strong>)\u201d.<\/p>\n<p>Igualmente, en El Helicoide quedaba una de las sedes del Servicio Bolivariano de Inteligencia Nacional (<strong>Sebin<\/strong>), involucrado desde hace a\u00f1os en la vigilancia, persecuci\u00f3n y detenci\u00f3n de la disidencia pol\u00edtica venezolana. En su interior adem\u00e1s opera el Centro de Procesados y Penados del \u00c1rea Metropolitana de Caracas I, c\u00e1rcel en cuyos calabozos de m\u00e1xima seguridad permanecen recluidos los presos pol\u00edticos.<\/p>\n<figure class=\"wp-block-image size-large\"><picture fetchpriority=\"high\" decoding=\"async\" class=\"wp-image-839524\"><source type=\"image\/webp\" srcset=\"https:\/\/eldiario.com\/wp-content\/uploads\/2026\/01\/8a968aeff9244bc8f171bca503d17b1784ce5002-1200x800.jpg.webp 1200w, https:\/\/eldiario.com\/wp-content\/uploads\/2026\/01\/8a968aeff9244bc8f171bca503d17b1784ce5002-300x200.jpg.webp 300w, https:\/\/eldiario.com\/wp-content\/uploads\/2026\/01\/8a968aeff9244bc8f171bca503d17b1784ce5002-768x512.jpg.webp 768w, https:\/\/eldiario.com\/wp-content\/uploads\/2026\/01\/8a968aeff9244bc8f171bca503d17b1784ce5002-1536x1024.jpg.webp 1536w, https:\/\/eldiario.com\/wp-content\/uploads\/2026\/01\/8a968aeff9244bc8f171bca503d17b1784ce5002-330x220.jpg.webp 330w, https:\/\/eldiario.com\/wp-content\/uploads\/2026\/01\/8a968aeff9244bc8f171bca503d17b1784ce5002-420x280.jpg.webp 420w, https:\/\/eldiario.com\/wp-content\/uploads\/2026\/01\/8a968aeff9244bc8f171bca503d17b1784ce5002-615x410.jpg.webp 615w, https:\/\/eldiario.com\/wp-content\/uploads\/2026\/01\/8a968aeff9244bc8f171bca503d17b1784ce5002-860x574.jpg.webp 860w, https:\/\/eldiario.com\/wp-content\/uploads\/2026\/01\/8a968aeff9244bc8f171bca503d17b1784ce5002-150x100.jpg.webp 150w, https:\/\/eldiario.com\/wp-content\/uploads\/2026\/01\/8a968aeff9244bc8f171bca503d17b1784ce5002.jpg.webp 1600w\" sizes=\"(max-width: 1200px) 100vw, 1200px\"\/><img fetchpriority=\"high\" decoding=\"async\" width=\"1200\" height=\"800\" src=\"https:\/\/eldiario.com\/wp-content\/uploads\/2026\/01\/8a968aeff9244bc8f171bca503d17b1784ce5002-1200x800.jpg\" alt=\"Transparencia Venezuela exige a Delcy Rodr\u00edguez publicar contrato de exportaci\u00f3n de gas\" srcset=\"https:\/\/eldiario.com\/wp-content\/uploads\/2026\/01\/8a968aeff9244bc8f171bca503d17b1784ce5002-1200x800.jpg 1200w, https:\/\/eldiario.com\/wp-content\/uploads\/2026\/01\/8a968aeff9244bc8f171bca503d17b1784ce5002-300x200.jpg 300w, https:\/\/eldiario.com\/wp-content\/uploads\/2026\/01\/8a968aeff9244bc8f171bca503d17b1784ce5002-768x512.jpg 768w, https:\/\/eldiario.com\/wp-content\/uploads\/2026\/01\/8a968aeff9244bc8f171bca503d17b1784ce5002-1536x1024.jpg 1536w, https:\/\/eldiario.com\/wp-content\/uploads\/2026\/01\/8a968aeff9244bc8f171bca503d17b1784ce5002-330x220.jpg 330w, https:\/\/eldiario.com\/wp-content\/uploads\/2026\/01\/8a968aeff9244bc8f171bca503d17b1784ce5002-420x280.jpg 420w, https:\/\/eldiario.com\/wp-content\/uploads\/2026\/01\/8a968aeff9244bc8f171bca503d17b1784ce5002-615x410.jpg 615w, https:\/\/eldiario.com\/wp-content\/uploads\/2026\/01\/8a968aeff9244bc8f171bca503d17b1784ce5002-860x574.jpg 860w, https:\/\/eldiario.com\/wp-content\/uploads\/2026\/01\/8a968aeff9244bc8f171bca503d17b1784ce5002-150x100.jpg 150w, https:\/\/eldiario.com\/wp-content\/uploads\/2026\/01\/8a968aeff9244bc8f171bca503d17b1784ce5002.jpg 1600w\" sizes=\"(max-width: 1200px) 100vw, 1200px\"\/>\n<\/picture><figcaption class=\"wp-element-caption\">Delcy Rodr\u00edguez | Foto: EFE<\/figcaption><\/figure>\n<h2 id=\"la-casa-blanca-habia-adelantado-el-cierre-de-el-helicoide\" class=\"rb-heading-index-0-837841 wp-block-heading\"><strong>La Casa Blanca hab\u00eda adelantado el cierre de El Helicoide<\/strong><\/h2>\n<p>El 5 de enero de 2026, el presidente de Estados Unidos, <strong>Donald Trump<\/strong>hab\u00eda insinuado el cierre y desmantelamiento de una c\u00e1rcel en Caracas, por lo que las dudas sobre c\u00f3mo es y qu\u00e9 actividades se llevan a cabo dentro de El Helicoide volvieron a resurgir en redes sociales.<\/p>\n<p>\u201cTiene una c\u00e1mara de tortura en el centro de Caracas que ahora est\u00e1n cerrando, pero ha torturado a gente\u201d, expres\u00f3 Trump en declaraciones ante congresistas republicanos en el <strong>El Centro Rey de Washington (EE UU)<\/strong>. No obstante, <strong>el mandatario no mencion\u00f3 de forma expl\u00edcita que se tratara de El Helicoide<\/strong>.<\/p>\n<p>El inter\u00e9s en el tema se reactiv\u00f3 tambi\u00e9n porque <strong>distintos organismos defensores de derechos humanos han se\u00f1alado hist\u00f3ricamente ese recinto como uno de los principales centros de tortura en Venezuela<\/strong>.<\/p>\n<figure class=\"wp-block-image size-large\"><picture loading=\"lazy\" decoding=\"async\" class=\"wp-image-236995\"><source type=\"image\/webp\" srcset=\"https:\/\/eldiario.com\/wp-content\/uploads\/2021\/10\/El-Helicoide-1024x572.jpg.webp 1024w, https:\/\/eldiario.com\/wp-content\/uploads\/2021\/10\/El-Helicoide-300x168.jpg.webp 300w, https:\/\/eldiario.com\/wp-content\/uploads\/2021\/10\/El-Helicoide-768x429.jpg.webp 768w, https:\/\/eldiario.com\/wp-content\/uploads\/2021\/10\/El-Helicoide-1536x858.jpg.webp 1536w, https:\/\/eldiario.com\/wp-content\/uploads\/2021\/10\/El-Helicoide-150x84.jpg.webp 150w, https:\/\/eldiario.com\/wp-content\/uploads\/2021\/10\/El-Helicoide.jpg.webp 1600w\" sizes=\"(max-width: 1024px) 100vw, 1024px\"\/><img loading=\"lazy\" decoding=\"async\" width=\"1024\" height=\"572\" src=\"https:\/\/eldiario.com\/wp-content\/uploads\/2021\/10\/El-Helicoide-1024x572.jpg\" alt=\"El Helicoide\" srcset=\"https:\/\/eldiario.com\/wp-content\/uploads\/2021\/10\/El-Helicoide-1024x572.jpg 1024w, https:\/\/eldiario.com\/wp-content\/uploads\/2021\/10\/El-Helicoide-300x168.jpg 300w, https:\/\/eldiario.com\/wp-content\/uploads\/2021\/10\/El-Helicoide-768x429.jpg 768w, https:\/\/eldiario.com\/wp-content\/uploads\/2021\/10\/El-Helicoide-1536x858.jpg 1536w, https:\/\/eldiario.com\/wp-content\/uploads\/2021\/10\/El-Helicoide-150x84.jpg 150w, https:\/\/eldiario.com\/wp-content\/uploads\/2021\/10\/El-Helicoide.jpg 1600w\" sizes=\"auto, (max-width: 1024px) 100vw, 1024px\"\/>\n<\/picture><figcaption class=\"wp-element-caption\">Foto: EFE \/ Archivo<\/figcaption><\/figure>\n<p>Adem\u00e1s, expertos como <strong>Gonzalo Himiob, vicepresidente de la ONG Foro Penal<\/strong>han advertido que <strong>no existen indicios de evacuaci\u00f3n ni acciones concretas que confirmen el cese de actividades en El Helicoide<\/strong>pese a los rumores difundidos.<\/p>\n<h2 id=\"una-obra-inconclusa\" class=\"rb-heading-index-1-837841 wp-block-heading\"><strong>Una obra inconclusa<\/strong><\/h2>\n<p>El edificio de El Helicoide comenz\u00f3 a construirse en <strong>1955, durante el gobierno de Marcos P\u00e9rez Jim\u00e9nez<\/strong>como un ambicioso proyecto arquitect\u00f3nico que contemplaba un centro comercial futurista con <strong>una estructura en espiral y rampas para el ascenso vehicular<\/strong> hasta los niveles superiores.<\/p>\n<p>El plan original inclu\u00eda <strong>cientos de tiendas, un hotel, salas de cine, helipuerto y ascensores de tecnolog\u00eda europea<\/strong>pero la obra qued\u00f3 inconclusa tras la ca\u00edda del r\u00e9gimen dictatorial en <strong>1958<\/strong>.<\/p>\n<p>Con los a\u00f1os, la construcci\u00f3n fue reutilizada para distintos fines hasta convertirse, en <strong>1980<\/strong>en sede de organismos de seguridad del Estado. Desde entonces, y de manera consolidada en los \u00faltimos a\u00f1os, <strong>El Helicoide funciona como centro de detenci\u00f3n bajo la administraci\u00f3n del Servicio Bolivariano de Inteligencia Nacional (Sebin)<\/strong>.<\/p>\n<h2 id=\"que-se-denuncia-sobre-el-helicoide\" class=\"rb-heading-index-2-837841 wp-block-heading\"><strong>Qu\u00e9 se denuncia sobre El Helicoide<\/strong><\/h2>\n<p>Organizaciones internacionales y defensores de derechos humanos han documentado <strong>pr\u00e1cticas que, seg\u00fan sus informes, constituyen tortura y tratos crueles, inhumanos o degradantes<\/strong> dentro del recinto.<\/p>\n<figure class=\"wp-block-image size-large\"><img loading=\"lazy\" decoding=\"async\" width=\"1200\" height=\"800\" src=\"https:\/\/eldiario.com\/wp-content\/uploads\/2026\/01\/b1c7498d12437ffee37aaa5e03977bef619b19d2-1200x800.jpg\" alt=\"Qu\u00e9 se sabe sobre El Helicoide y por qu\u00e9 organismos de DD HH lo se\u00f1alan como centro de tortura en Venezuela\" class=\"wp-image-837847\" srcset=\"https:\/\/eldiario.com\/wp-content\/uploads\/2026\/01\/b1c7498d12437ffee37aaa5e03977bef619b19d2-1200x800.jpg 1200w, https:\/\/eldiario.com\/wp-content\/uploads\/2026\/01\/b1c7498d12437ffee37aaa5e03977bef619b19d2-300x200.jpg 300w, https:\/\/eldiario.com\/wp-content\/uploads\/2026\/01\/b1c7498d12437ffee37aaa5e03977bef619b19d2-768x512.jpg 768w, https:\/\/eldiario.com\/wp-content\/uploads\/2026\/01\/b1c7498d12437ffee37aaa5e03977bef619b19d2-1536x1024.jpg 1536w, https:\/\/eldiario.com\/wp-content\/uploads\/2026\/01\/b1c7498d12437ffee37aaa5e03977bef619b19d2-330x220.jpg 330w, https:\/\/eldiario.com\/wp-content\/uploads\/2026\/01\/b1c7498d12437ffee37aaa5e03977bef619b19d2-420x280.jpg 420w, https:\/\/eldiario.com\/wp-content\/uploads\/2026\/01\/b1c7498d12437ffee37aaa5e03977bef619b19d2-615x410.jpg 615w, https:\/\/eldiario.com\/wp-content\/uploads\/2026\/01\/b1c7498d12437ffee37aaa5e03977bef619b19d2-860x574.jpg 860w, https:\/\/eldiario.com\/wp-content\/uploads\/2026\/01\/b1c7498d12437ffee37aaa5e03977bef619b19d2-150x100.jpg 150w, https:\/\/eldiario.com\/wp-content\/uploads\/2026\/01\/b1c7498d12437ffee37aaa5e03977bef619b19d2.jpg 1600w\" sizes=\"auto, (max-width: 1200px) 100vw, 1200px\"\/><figcaption class=\"wp-element-caption\">Integrantes del Cuerpo de Polic\u00eda Nacional Bolivariana (CPNB) custodian en los alrededores de El Helicoide el 10 de enero, en Caracas (Venezuela) | Foto: EFE\/ Miguel Guti\u00e9rrez<\/figcaption><\/figure>\n<p>Exdetenidos y testimonios recogidos en informes se\u00f1alan que en El Helicoide <strong>se han cometido golpizas, agresiones f\u00edsicas, asfixia con bolsas pl\u00e1sticas, privaci\u00f3n del sue\u00f1o, aislamiento prolongado, descargas el\u00e9ctricas<\/strong> e incluido <strong>violencia sexual contra personas recluidas<\/strong>.<\/p>\n<p>De acuerdo con las denuncias, <strong>las \u00e1reas inferiores de la construcci\u00f3n<\/strong>donde se concentran celdas y espacios de retenci\u00f3n, <strong>carecen de condiciones m\u00ednimas de habitabilidad<\/strong>como ventilaci\u00f3n adecuada, luz natural y espacios apropiados para la higiene b\u00e1sica, seg\u00fan testimonios recogidos en investigaciones period\u00edsticas.<\/p>\n<p>Adem\u00e1s de las acusaciones individuales de malos tratos, <strong>organismos de derechos humanos han documentado muertes de presos durante su detenci\u00f3n en El Helicoide<\/strong>presuntamente vinculadas a torturas o a la falta de atenci\u00f3n m\u00e9dica oportuna.<\/p>\n<p>Entre los casos citados en informes se encuentran <strong>muertes de personas que fallecieron en circunstancias asociadas al trato recibido dentro del centro<\/strong>tras periodos prolongados de reclusi\u00f3n.<\/p>\n<h2 id=\"ong-lo-senalan-como-un-centro-de-tortura\" class=\"rb-heading-index-3-837841 wp-block-heading\"><strong>ONG lo se\u00f1alan como un centro de tortura<\/strong><\/h2>\n<p>La ONG <strong>Justicia, Encuentro y Perd\u00f3n<\/strong> inform\u00f3 en <strong>marzo de 2025<\/strong> que privados de libertad recluidos en El Helicoide iniciaron <strong>una huelga de hambre<\/strong> para protestar por las \u201ccondiciones inhumanas y la grave vulneraci\u00f3n de sus derechos\u201d.<\/p>\n<p>\u201cLos internos enfrentan <strong>traslados arbitrarios, requisas abusivas, retrasos procesales injustificados y la suspensi\u00f3n de las visitas familiares<\/strong>adem\u00e1s de condiciones de hacinamiento extremas, alimentos en mal estado o insuficientes y humillaciones constantes hacia los familiares\u201d, detall\u00f3 la organizaci\u00f3n en una publicaci\u00f3n en su cuenta de X.<\/p>\n<p>La <strong>organizaci\u00f3n independiente Angredo2<\/strong> tambi\u00e9n ha se\u00f1alado que entre las denuncias de los reclusos figuran <strong>la falta de atenci\u00f3n m\u00e9dica oportuna<\/strong> y la aplicaci\u00f3n de <strong>tortura f\u00edsica y psicol\u00f3gica<\/strong>.<\/p>\n<figure class=\"wp-block-image size-large\"><img loading=\"lazy\" decoding=\"async\" width=\"1200\" height=\"800\" src=\"https:\/\/eldiario.com\/wp-content\/uploads\/2026\/01\/9350a47ead865d58cb06850cf9a0763fbaa8f63b-1200x800.jpg\" alt=\"Qu\u00e9 se sabe sobre El Helicoide y por qu\u00e9 organismos de DD HH lo se\u00f1alan como centro de tortura en Venezuela\" class=\"wp-image-837846\" srcset=\"https:\/\/eldiario.com\/wp-content\/uploads\/2026\/01\/9350a47ead865d58cb06850cf9a0763fbaa8f63b-1200x800.jpg 1200w, https:\/\/eldiario.com\/wp-content\/uploads\/2026\/01\/9350a47ead865d58cb06850cf9a0763fbaa8f63b-300x200.jpg 300w, https:\/\/eldiario.com\/wp-content\/uploads\/2026\/01\/9350a47ead865d58cb06850cf9a0763fbaa8f63b-768x512.jpg 768w, https:\/\/eldiario.com\/wp-content\/uploads\/2026\/01\/9350a47ead865d58cb06850cf9a0763fbaa8f63b-1536x1024.jpg 1536w, https:\/\/eldiario.com\/wp-content\/uploads\/2026\/01\/9350a47ead865d58cb06850cf9a0763fbaa8f63b-330x220.jpg 330w, https:\/\/eldiario.com\/wp-content\/uploads\/2026\/01\/9350a47ead865d58cb06850cf9a0763fbaa8f63b-420x280.jpg 420w, https:\/\/eldiario.com\/wp-content\/uploads\/2026\/01\/9350a47ead865d58cb06850cf9a0763fbaa8f63b-615x410.jpg 615w, https:\/\/eldiario.com\/wp-content\/uploads\/2026\/01\/9350a47ead865d58cb06850cf9a0763fbaa8f63b-860x574.jpg 860w, https:\/\/eldiario.com\/wp-content\/uploads\/2026\/01\/9350a47ead865d58cb06850cf9a0763fbaa8f63b-150x100.jpg 150w, https:\/\/eldiario.com\/wp-content\/uploads\/2026\/01\/9350a47ead865d58cb06850cf9a0763fbaa8f63b.jpg 1600w\" sizes=\"auto, (max-width: 1200px) 100vw, 1200px\"\/><figcaption class=\"wp-element-caption\">Foto: EFE<\/figcaption><\/figure>\n<p>\u201cNos preocupa profundamente que, mientras la situaci\u00f3n de los detenidos se agrava, <strong>las recientes excarcelaciones ocurridas desde noviembre han estado limitadas a casos poselectorales<\/strong>excluyendo a quienes siguen esperando justicia desde mucho antes\u201d, agreg\u00f3 la ONG.<\/p>\n<p>A esto se suma que la <strong>Misi\u00f3n Internacional Independiente de Determinaci\u00f3n de los Hechos sobre Venezuela (FFM)<\/strong> de Naciones Unidas concluy\u00f3 que <strong>El Helicoide cuenta con salas de tortura<\/strong>seg\u00fan sus investigaciones.<\/p>\n<p>Asimismo, <strong>Clippve ha denunciado en reiteradas ocasiones<\/strong> que a los familiares de presos pol\u00edticos recluidos en El Helicoide <strong>les han restringido la entrega de alimentos<\/strong>limit\u00e1ndola a una vez por semana.<\/p>\n<p>Las organizaciones independientes coinciden en que <strong>los detenidos por razones pol\u00edticas en ese lugar enfrentan aislamiento prolongado e incomunicaci\u00f3n<\/strong>sin visitas regulares ni contacto con familiares o abogados, lo que es considerado <strong>una forma de trato cruel o degradante<\/strong>.<\/p>\n<h2 id=\"un-caso-reciente\" class=\"rb-heading-index-4-837841 wp-block-heading\"><strong>Un caso reciente<\/strong><\/h2>\n<p>Uno de los hechos m\u00e1s recientes denunciados en El Helicoide fue <strong>la muerte de Alfredo D\u00edaz, exgobernador del estado Nueva Esparta<\/strong>quien se encontraba detenido en ese recinto desde <strong>noviembre de 2024<\/strong>.<\/p>\n<figure class=\"wp-block-image size-large\"><img loading=\"lazy\" decoding=\"async\" width=\"1200\" height=\"675\" src=\"https:\/\/eldiario.com\/wp-content\/uploads\/2025\/12\/gobernador-alfredo-diaz-irresponsable-no-haber-creado-plan-de-contingencia-para-margarita-10315-1200x675.jpg\" alt=\"Alfredo D\u00edaz\" class=\"wp-image-831531\" srcset=\"https:\/\/eldiario.com\/wp-content\/uploads\/2025\/12\/gobernador-alfredo-diaz-irresponsable-no-haber-creado-plan-de-contingencia-para-margarita-10315-1200x675.jpg 1200w, https:\/\/eldiario.com\/wp-content\/uploads\/2025\/12\/gobernador-alfredo-diaz-irresponsable-no-haber-creado-plan-de-contingencia-para-margarita-10315-300x169.jpg 300w, https:\/\/eldiario.com\/wp-content\/uploads\/2025\/12\/gobernador-alfredo-diaz-irresponsable-no-haber-creado-plan-de-contingencia-para-margarita-10315-768x432.jpg 768w, https:\/\/eldiario.com\/wp-content\/uploads\/2025\/12\/gobernador-alfredo-diaz-irresponsable-no-haber-creado-plan-de-contingencia-para-margarita-10315-1536x864.jpg 1536w, https:\/\/eldiario.com\/wp-content\/uploads\/2025\/12\/gobernador-alfredo-diaz-irresponsable-no-haber-creado-plan-de-contingencia-para-margarita-10315-860x484.jpg 860w, https:\/\/eldiario.com\/wp-content\/uploads\/2025\/12\/gobernador-alfredo-diaz-irresponsable-no-haber-creado-plan-de-contingencia-para-margarita-10315-150x84.jpg 150w, https:\/\/eldiario.com\/wp-content\/uploads\/2025\/12\/gobernador-alfredo-diaz-irresponsable-no-haber-creado-plan-de-contingencia-para-margarita-10315.jpg 1600w\" sizes=\"auto, (max-width: 1200px) 100vw, 1200px\"\/><figcaption class=\"wp-element-caption\">Foto: El Universal \/ Archivo<\/figcaption><\/figure>\n<p>El hecho fue denunciado el <strong>6 de diciembre de 2025<\/strong> por <strong>Alfredo Romero, presidente del Foro Penal<\/strong>quien indic\u00f3 que durante el tiempo de reclusi\u00f3n de D\u00edaz <strong>solo se le permiti\u00f3 una visita de su hija en aproximadamente un a\u00f1o<\/strong>.<\/p>\n<p>Por su parte, <strong>Leynys Malav\u00e9, esposa de Alfredo D\u00edaz<\/strong>confirm\u00f3 el <strong>6 de diciembre<\/strong> en una publicaci\u00f3n en Instagram que recibi\u00f3 la informaci\u00f3n sobre la muerte de su esposo y <strong>exigi\u00f3 respuestas oficiales sobre la causa del fallecimiento<\/strong>.<\/p>\n<p><!-- CONTENT END 1 -->\n<\/div>\n\n","protected":false},"excerpt":{"rendered":"<p>La presidenta encargada Delcy Rodr\u00edguez anunci\u00f3 el viernes 30 de enero el cierre de El Helicoiderecinto que por a\u00f1os oper\u00f3 como c\u00e1rcel para presos pol\u00edticos y que fue denunciado como centro de torturas por organismos internacionales como las Naciones Unidas. Indic\u00f3 que a partir de ahora se convertir\u00e1 en un espacio para servicios sociales, comerciales, &hellip;<\/p>\n","protected":false},"author":1,"featured_media":57714,"comment_status":"open","ping_status":"open","sticky":false,"template":"","format":"standard","meta":{"fifu_image_url":"https:\/\/eldiario.com\/wp-content\/uploads\/2026\/01\/Como-funciona-El-Helicoide-web.png","fifu_image_alt":"","footnotes":""},"categories":[13],"tags":[],"class_list":["post-57712","post","type-post","status-publish","format-standard","has-post-thumbnail","","category-mundo"],"_links":{"self":[{"href":"https:\/\/noticiasveraces.com\/index.php?rest_route=\/wp\/v2\/posts\/57712","targetHints":{"allow":["GET"]}}],"collection":[{"href":"https:\/\/noticiasveraces.com\/index.php?rest_route=\/wp\/v2\/posts"}],"about":[{"href":"https:\/\/noticiasveraces.com\/index.php?rest_route=\/wp\/v2\/types\/post"}],"author":[{"embeddable":true,"href":"https:\/\/noticiasveraces.com\/index.php?rest_route=\/wp\/v2\/users\/1"}],"replies":[{"embeddable":true,"href":"https:\/\/noticiasveraces.com\/index.php?rest_route=%2Fwp%2Fv2%2Fcomments&post=57712"}],"version-history":[{"count":0,"href":"https:\/\/noticiasveraces.com\/index.php?rest_route=\/wp\/v2\/posts\/57712\/revisions"}],"wp:featuredmedia":[{"embeddable":true,"href":"https:\/\/noticiasveraces.com\/index.php?rest_route=\/wp\/v2\/media\/57714"}],"wp:attachment":[{"href":"https:\/\/noticiasveraces.com\/index.php?rest_route=%2Fwp%2Fv2%2Fmedia&parent=57712"}],"wp:term":[{"taxonomy":"category","embeddable":true,"href":"https:\/\/noticiasveraces.com\/index.php?rest_route=%2Fwp%2Fv2%2Fcategories&post=57712"},{"taxonomy":"post_tag","embeddable":true,"href":"https:\/\/noticiasveraces.com\/index.php?rest_route=%2Fwp%2Fv2%2Ftags&post=57712"}],"curies":[{"name":"wp","href":"https:\/\/api.w.org\/{rel}","templated":true}]}}