{"id":57706,"date":"2026-01-30T20:59:13","date_gmt":"2026-01-31T00:59:13","guid":{"rendered":"https:\/\/noticiasveraces.com\/?p=57706"},"modified":"2026-01-30T20:59:13","modified_gmt":"2026-01-31T00:59:13","slug":"la-princesa-kate-honra-a-la-reina-isabel-con-un-movimiento-sutil-real-noticias","status":"publish","type":"post","link":"https:\/\/noticiasveraces.com\/?p=57706","title":{"rendered":"La princesa Kate honra a la reina Isabel con un movimiento sutil | Real | Noticias"},"content":{"rendered":"<p> \n<\/p>\n<div>\n<div class=\"photo changeSpace\">\n<p class=\"withoutCaption\"><picture><source type=\"image\/avif\" srcset=\"https:\/\/cdn.images.express.co.uk\/img\/dynamic\/106\/1200x712\/secondary\/Princess-Catherine-6710247.avif?r=1769790435735\" media=\"screen and (min-width:10000px)\"><source type=\"image\/webp\" srcset=\"https:\/\/cdn.images.express.co.uk\/img\/dynamic\/106\/1200x712\/secondary\/Princess-Catherine-6710247.webp?r=1769790435735\" media=\"screen and (min-width:10000px)\"><source type=\"image\/jpeg\" srcset=\"https:\/\/cdn.images.express.co.uk\/img\/dynamic\/106\/1200x712\/secondary\/Princess-Catherine-6710247.jpg?r=1769790435735\" media=\"screen and (min-width:10000px)\"><source type=\"image\/avif\" srcset=\"https:\/\/cdn.images.express.co.uk\/img\/dynamic\/106\/674x400\/secondary\/Princess-Catherine-6710247.avif?r=1769790435735\" media=\"screen and (min-width:100000px)\"><source type=\"image\/webp\" srcset=\"https:\/\/cdn.images.express.co.uk\/img\/dynamic\/106\/674x400\/secondary\/Princess-Catherine-6710247.webp?r=1769790435735\" media=\"screen and (min-width:100000px)\"><source type=\"image\/jpeg\" srcset=\"https:\/\/cdn.images.express.co.uk\/img\/dynamic\/106\/674x400\/secondary\/Princess-Catherine-6710247.jpg?r=1769790435735\" media=\"screen and (min-width:100000px)\"><source type=\"image\/avif\" srcset=\"https:\/\/cdn.images.express.co.uk\/img\/dynamic\/106\/940x\/secondary\/Princess-Catherine-6710247.avif?r=1769790435735\" media=\"screen and (min-width:1200px)\"><source type=\"image\/webp\" srcset=\"https:\/\/cdn.images.express.co.uk\/img\/dynamic\/106\/940x\/secondary\/Princess-Catherine-6710247.webp?r=1769790435735\" media=\"screen and (min-width:1200px)\"><source type=\"image\/jpeg\" srcset=\"https:\/\/cdn.images.express.co.uk\/img\/dynamic\/106\/940x\/secondary\/Princess-Catherine-6710247.jpg?r=1769790435735\" media=\"screen and (min-width:1200px)\"><source type=\"image\/avif\" srcset=\"https:\/\/cdn.images.express.co.uk\/img\/dynamic\/106\/590x\/secondary\/Princess-Catherine-6710247.avif?r=1769790435735\" media=\"screen\"><source type=\"image\/webp\" srcset=\"https:\/\/cdn.images.express.co.uk\/img\/dynamic\/106\/590x\/secondary\/Princess-Catherine-6710247.webp?r=1769790435735\" media=\"screen\"><img decoding=\"async\" class=\"zoomEnabled\" src=\"https:\/\/cdn.images.express.co.uk\/img\/dynamic\/106\/1200x712\/secondary\/Princess-Catherine-6710247.jpg?r=1769790435735\" alt=\"princesa catalina\" title=\"princesa catalina\" width=\"590\" height=\"350\" fetchpriority=\"high\"\/><\/source><\/source><\/source><\/source><\/source><\/source><\/source><\/source><\/source><\/source><\/source><\/picture><\/p>\n<p><span class=\"newsCaption\">La princesa Catalina demuestra que el legado de la reina Isabel a\u00fan define la vestimenta real <span class=\"caption\">(Imagen: Getty)<\/span><span class=\"magnifier\" data-img=\"https:\/\/cdn.images.express.co.uk\/img\/dynamic\/106\/1200x712\/secondary\/Princess-Catherine-6710247.jpg?r=1769790435735\"\/><\/span><\/div>\n<p><!--googleoff: all--><\/p>\n<div class=\"affiliate-links\">  Este art\u00edculo contiene enlaces de afiliados; recibiremos una comisi\u00f3n por las ventas que generemos a partir de \u00e9l. M\u00e1s informaci\u00f3n<\/div>\n<p> <!--googleon: all--><\/p>\n<div class=\"text-description\">\n<p>La reina Isabel II comprendi\u00f3 el poder silencioso del tart\u00e1n mucho antes de que se convirtiera en un tema de conversaci\u00f3n sobre moda. Durante d\u00e9cadas, confi\u00f3 en \u00e9l como una abreviatura visual del deber, la herencia y el respeto, particularmente en Escocia, donde los tart\u00e1n de Balmoral y Stewart se convirtieron en sin\u00f3nimo de su guardarropa oficial y fuera de servicio por igual. <\/p>\n<\/div>\n<div class=\"text-description\">\n<p>Entonces, cuando la princesa Catalina sali\u00f3 con un nuevo cuadro inspirado en tart\u00e1n, no pareci\u00f3 un estilo nost\u00e1lgico. Se lee como continuidad.<\/p>\n<\/div>\n<div class=\"text-description\">\n<p data-mce-linkchecker-status=\"valid\">La semana pasada, la realeza fue fotografiada en Escocia vistiendo un abrigo hecho a medida de Chris Kerr junto al Pr\u00edncipe William, una apariencia que inmediatamente record\u00f3 los uniformes rurales m\u00e1s duraderos de la difunta Reina.<\/p>\n<\/div>\n<div class=\"text-description dont-miss\">\n<p><strong>  Leer m\u00e1s:<\/strong>  La duquesa Sophie env\u00eda un mensaje a Victoria Beckham despu\u00e9s de una amarga disputa familiar <\/p>\n<p><strong>  Leer m\u00e1s:<\/strong>  El movimiento calculado de Kim Kardashian contra Meghan Markle simplemente no cuadra <\/p>\n<\/div>\n<div class=\"whatsapp-group \"> <strong class=\"wapp-head\">  Mant\u00e9ngase al d\u00eda con las \u00faltimas noticias reales <\/strong> \u00danase a nosotros en WhatsApp<\/p>\n<p class=\"wapp-inf\">Los miembros de nuestra comunidad reciben ofertas especiales, promociones y anuncios nuestros y de nuestros socios. Puedes realizar el check-out en cualquier momento. Lea nuestra Pol\u00edtica de Privacidad<\/p>\n<\/div>\n<div class=\"photo changeSpace\">\n<p class=\"withoutCaption\"><picture><source type=\"image\/avif\" srcset=\"https:\/\/cdn.images.express.co.uk\/img\/dynamic\/106\/1200x712\/secondary\/The-Princess-of-Wales-6710251.avif?r=1769790435763\" media=\"screen and (min-width:10000px)\"><source type=\"image\/webp\" srcset=\"https:\/\/cdn.images.express.co.uk\/img\/dynamic\/106\/1200x712\/secondary\/The-Princess-of-Wales-6710251.webp?r=1769790435763\" media=\"screen and (min-width:10000px)\"><source type=\"image\/jpeg\" srcset=\"https:\/\/cdn.images.express.co.uk\/img\/dynamic\/106\/1200x712\/secondary\/The-Princess-of-Wales-6710251.jpg?r=1769790435763\" media=\"screen and (min-width:10000px)\"><source type=\"image\/avif\" srcset=\"https:\/\/cdn.images.express.co.uk\/img\/dynamic\/106\/674x400\/secondary\/The-Princess-of-Wales-6710251.avif?r=1769790435763\" media=\"screen and (min-width:100000px)\"><source type=\"image\/webp\" srcset=\"https:\/\/cdn.images.express.co.uk\/img\/dynamic\/106\/674x400\/secondary\/The-Princess-of-Wales-6710251.webp?r=1769790435763\" media=\"screen and (min-width:100000px)\"><source type=\"image\/jpeg\" srcset=\"https:\/\/cdn.images.express.co.uk\/img\/dynamic\/106\/674x400\/secondary\/The-Princess-of-Wales-6710251.jpg?r=1769790435763\" media=\"screen and (min-width:100000px)\"><source type=\"image\/avif\" srcset=\"https:\/\/cdn.images.express.co.uk\/img\/dynamic\/106\/940x\/secondary\/The-Princess-of-Wales-6710251.avif?r=1769790435763\" media=\"screen and (min-width:1200px)\"><source type=\"image\/webp\" srcset=\"https:\/\/cdn.images.express.co.uk\/img\/dynamic\/106\/940x\/secondary\/The-Princess-of-Wales-6710251.webp?r=1769790435763\" media=\"screen and (min-width:1200px)\"><source type=\"image\/jpeg\" srcset=\"https:\/\/cdn.images.express.co.uk\/img\/dynamic\/106\/940x\/secondary\/The-Princess-of-Wales-6710251.jpg?r=1769790435763\" media=\"screen and (min-width:1200px)\"><source type=\"image\/avif\" srcset=\"https:\/\/cdn.images.express.co.uk\/img\/dynamic\/106\/590x\/secondary\/The-Princess-of-Wales-6710251.avif?r=1769790435763\" media=\"screen\"><source type=\"image\/webp\" srcset=\"https:\/\/cdn.images.express.co.uk\/img\/dynamic\/106\/590x\/secondary\/The-Princess-of-Wales-6710251.webp?r=1769790435763\" media=\"screen\"><img decoding=\"async\" class=\"zoomEnabled\" src=\"https:\/\/cdn.images.express.co.uk\/img\/dynamic\/106\/1200x712\/secondary\/The-Princess-of-Wales-6710251.jpg?r=1769790435763\" alt=\"La princesa de Gales\" title=\"La princesa de Gales\" width=\"590\" height=\"722\" loading=\"lazy\"\/><\/source><\/source><\/source><\/source><\/source><\/source><\/source><\/source><\/source><\/source><\/source><\/picture><\/p>\n<p><span class=\"newsCaption\">La Princesa de Gales fue fotografiada con un dise\u00f1o hecho a medida de Chris Kerr la semana pasada. <span class=\"caption\">(Imagen: Getty)<\/span><span class=\"magnifier\" data-img=\"https:\/\/cdn.images.express.co.uk\/img\/dynamic\/106\/1200x712\/secondary\/The-Princess-of-Wales-6710251.jpg?r=1769790435763\"\/><\/span><\/div>\n<div class=\"photo changeSpace\">\n<p class=\"withoutCaption\"><picture><source type=\"image\/avif\" srcset=\"https:\/\/cdn.images.express.co.uk\/img\/dynamic\/106\/1200x712\/secondary\/Queen-Elizabeth-II-6710257.avif?r=1769790435775\" media=\"screen and (min-width:10000px)\"><source type=\"image\/webp\" srcset=\"https:\/\/cdn.images.express.co.uk\/img\/dynamic\/106\/1200x712\/secondary\/Queen-Elizabeth-II-6710257.webp?r=1769790435775\" media=\"screen and (min-width:10000px)\"><source type=\"image\/jpeg\" srcset=\"https:\/\/cdn.images.express.co.uk\/img\/dynamic\/106\/1200x712\/secondary\/Queen-Elizabeth-II-6710257.jpg?r=1769790435775\" media=\"screen and (min-width:10000px)\"><source type=\"image\/avif\" srcset=\"https:\/\/cdn.images.express.co.uk\/img\/dynamic\/106\/674x400\/secondary\/Queen-Elizabeth-II-6710257.avif?r=1769790435775\" media=\"screen and (min-width:100000px)\"><source type=\"image\/webp\" srcset=\"https:\/\/cdn.images.express.co.uk\/img\/dynamic\/106\/674x400\/secondary\/Queen-Elizabeth-II-6710257.webp?r=1769790435775\" media=\"screen and (min-width:100000px)\"><source type=\"image\/jpeg\" srcset=\"https:\/\/cdn.images.express.co.uk\/img\/dynamic\/106\/674x400\/secondary\/Queen-Elizabeth-II-6710257.jpg?r=1769790435775\" media=\"screen and (min-width:100000px)\"><source type=\"image\/avif\" srcset=\"https:\/\/cdn.images.express.co.uk\/img\/dynamic\/106\/940x\/secondary\/Queen-Elizabeth-II-6710257.avif?r=1769790435775\" media=\"screen and (min-width:1200px)\"><source type=\"image\/webp\" srcset=\"https:\/\/cdn.images.express.co.uk\/img\/dynamic\/106\/940x\/secondary\/Queen-Elizabeth-II-6710257.webp?r=1769790435775\" media=\"screen and (min-width:1200px)\"><source type=\"image\/jpeg\" srcset=\"https:\/\/cdn.images.express.co.uk\/img\/dynamic\/106\/940x\/secondary\/Queen-Elizabeth-II-6710257.jpg?r=1769790435775\" media=\"screen and (min-width:1200px)\"><source type=\"image\/avif\" srcset=\"https:\/\/cdn.images.express.co.uk\/img\/dynamic\/106\/590x\/secondary\/Queen-Elizabeth-II-6710257.avif?r=1769790435775\" media=\"screen\"><source type=\"image\/webp\" srcset=\"https:\/\/cdn.images.express.co.uk\/img\/dynamic\/106\/590x\/secondary\/Queen-Elizabeth-II-6710257.webp?r=1769790435775\" media=\"screen\"><img decoding=\"async\" class=\"zoomEnabled\" src=\"https:\/\/cdn.images.express.co.uk\/img\/dynamic\/106\/1200x712\/secondary\/Queen-Elizabeth-II-6710257.jpg?r=1769790435775\" alt=\"Reina Isabel II\" title=\"Reina Isabel II\" width=\"590\" height=\"885\" loading=\"lazy\"\/><\/source><\/source><\/source><\/source><\/source><\/source><\/source><\/source><\/source><\/source><\/source><\/picture><\/p>\n<p><span class=\"newsCaption\">La reina Isabel II sigue siendo hoy un c\u00e9lebre icono de la moda a pesar de su fallecimiento en 2022. <span class=\"caption\">(Imagen: Getty)<\/span><span class=\"magnifier\" data-img=\"https:\/\/cdn.images.express.co.uk\/img\/dynamic\/106\/1200x712\/secondary\/Queen-Elizabeth-II-6710257.jpg?r=1769790435775\"\/><\/span><\/div>\n<div class=\"text-description\">\n<p>La reina Isabel us\u00f3 faldas, abrigos y abrigos de tart\u00e1n repetidamente a lo largo de su reinado, prefiri\u00e9ndolos para compromisos al norte de la frontera y estancias privadas en Balmoral.<\/p>\n<\/div>\n<div class=\"text-description\">\n<p>La elecci\u00f3n de Catherine, de 44 a\u00f1os, pareci\u00f3 deliberada. Parec\u00eda un claro gui\u00f1o a su lugar en la moda real y al legado que est\u00e1 empezando a formar.<\/p>\n<\/div>\n<div class=\"text-description\">\n<p>Esta no es la primera vez que la princesa Catalina se inclina por el tart\u00e1n con un prop\u00f3sito. A lo largo de los a\u00f1os, ha usado repetidamente faldas y abrigos de tart\u00e1n rojo durante los compromisos de invierno, particularmente durante la temporada festiva.<\/p>\n<\/div>\n<div class=\"text-description\">\n<p>El estilo de la Princesa est\u00e1 profundamente arraigado en la tradici\u00f3n real, y uno que Catherine entiende instintivamente como la futura Reina.<\/p>\n<\/div>\n<div class=\"photo changeSpace\">\n<p class=\"withoutCaption\"><picture><source type=\"image\/avif\" srcset=\"https:\/\/cdn.images.express.co.uk\/img\/dynamic\/106\/1200x712\/secondary\/Princess-Kate-and-Queen-Elizabeth-II-6710259.avif?r=1769790435789\" media=\"screen and (min-width:10000px)\"><source type=\"image\/webp\" srcset=\"https:\/\/cdn.images.express.co.uk\/img\/dynamic\/106\/1200x712\/secondary\/Princess-Kate-and-Queen-Elizabeth-II-6710259.webp?r=1769790435789\" media=\"screen and (min-width:10000px)\"><source type=\"image\/jpeg\" srcset=\"https:\/\/cdn.images.express.co.uk\/img\/dynamic\/106\/1200x712\/secondary\/Princess-Kate-and-Queen-Elizabeth-II-6710259.jpg?r=1769790435789\" media=\"screen and (min-width:10000px)\"><source type=\"image\/avif\" srcset=\"https:\/\/cdn.images.express.co.uk\/img\/dynamic\/106\/674x400\/secondary\/Princess-Kate-and-Queen-Elizabeth-II-6710259.avif?r=1769790435789\" media=\"screen and (min-width:100000px)\"><source type=\"image\/webp\" srcset=\"https:\/\/cdn.images.express.co.uk\/img\/dynamic\/106\/674x400\/secondary\/Princess-Kate-and-Queen-Elizabeth-II-6710259.webp?r=1769790435789\" media=\"screen and (min-width:100000px)\"><source type=\"image\/jpeg\" srcset=\"https:\/\/cdn.images.express.co.uk\/img\/dynamic\/106\/674x400\/secondary\/Princess-Kate-and-Queen-Elizabeth-II-6710259.jpg?r=1769790435789\" media=\"screen and (min-width:100000px)\"><source type=\"image\/avif\" srcset=\"https:\/\/cdn.images.express.co.uk\/img\/dynamic\/106\/940x\/secondary\/Princess-Kate-and-Queen-Elizabeth-II-6710259.avif?r=1769790435789\" media=\"screen and (min-width:1200px)\"><source type=\"image\/webp\" srcset=\"https:\/\/cdn.images.express.co.uk\/img\/dynamic\/106\/940x\/secondary\/Princess-Kate-and-Queen-Elizabeth-II-6710259.webp?r=1769790435789\" media=\"screen and (min-width:1200px)\"><source type=\"image\/jpeg\" srcset=\"https:\/\/cdn.images.express.co.uk\/img\/dynamic\/106\/940x\/secondary\/Princess-Kate-and-Queen-Elizabeth-II-6710259.jpg?r=1769790435789\" media=\"screen and (min-width:1200px)\"><source type=\"image\/avif\" srcset=\"https:\/\/cdn.images.express.co.uk\/img\/dynamic\/106\/590x\/secondary\/Princess-Kate-and-Queen-Elizabeth-II-6710259.avif?r=1769790435789\" media=\"screen\"><source type=\"image\/webp\" srcset=\"https:\/\/cdn.images.express.co.uk\/img\/dynamic\/106\/590x\/secondary\/Princess-Kate-and-Queen-Elizabeth-II-6710259.webp?r=1769790435789\" media=\"screen\"><img decoding=\"async\" class=\"zoomEnabled\" src=\"https:\/\/cdn.images.express.co.uk\/img\/dynamic\/106\/1200x712\/secondary\/Princess-Kate-and-Queen-Elizabeth-II-6710259.jpg?r=1769790435789\" alt=\"Princesa Kate y Reina Isabel II\" title=\"Princesa Kate y Reina Isabel II\" width=\"590\" height=\"350\" loading=\"lazy\"\/><\/source><\/source><\/source><\/source><\/source><\/source><\/source><\/source><\/source><\/source><\/source><\/picture><\/p>\n<p><span class=\"newsCaption\">Tras el fallecimiento de la difunta reina Isabel II, la princesa Kate ha rendido sutiles homenajes a su legado. <span class=\"caption\">(Imagen: Getty)<\/span><span class=\"magnifier\" data-img=\"https:\/\/cdn.images.express.co.uk\/img\/dynamic\/106\/1200x712\/secondary\/Princess-Kate-and-Queen-Elizabeth-II-6710259.jpg?r=1769790435789\"\/><\/span><\/div>\n<div class=\"text-description\">\n<p>La propia difunta Reina frecuentemente combinaba atrevidos tart\u00e1n con sastrer\u00eda estructurada, usando el patr\u00f3n no como decoraci\u00f3n sino como una forma de vestimenta diplom\u00e1tica.<\/p>\n<\/div>\n<div class=\"text-description\">\n<p>La visi\u00f3n moderna de Catherine refleja esa misma filosof\u00eda, favoreciendo siluetas similares, cortes contempor\u00e1neos y telas que se sienten actuales en lugar de un disfraz.<\/p>\n<\/div>\n<div class=\"text-description\">\n<p>Lo que hace que el enfoque de Catherine sea tan eficaz es la moderaci\u00f3n. Sus momentos de tart\u00e1n nunca est\u00e1n sobrecargados, se basan en l\u00edneas limpias y combinaciones neutrales que permiten que el estampado tradicional hable por s\u00ed mismo.<\/p>\n<\/div>\n<div class=\"photo changeSpace\">\n<p class=\"withoutCaption\"><picture><source type=\"image\/avif\" srcset=\"https:\/\/cdn.images.express.co.uk\/img\/dynamic\/106\/1200x712\/secondary\/Princess-Kate-tartan-6710263.avif?r=1769790435803\" media=\"screen and (min-width:10000px)\"><source type=\"image\/webp\" srcset=\"https:\/\/cdn.images.express.co.uk\/img\/dynamic\/106\/1200x712\/secondary\/Princess-Kate-tartan-6710263.webp?r=1769790435803\" media=\"screen and (min-width:10000px)\"><source type=\"image\/jpeg\" srcset=\"https:\/\/cdn.images.express.co.uk\/img\/dynamic\/106\/1200x712\/secondary\/Princess-Kate-tartan-6710263.jpg?r=1769790435803\" media=\"screen and (min-width:10000px)\"><source type=\"image\/avif\" srcset=\"https:\/\/cdn.images.express.co.uk\/img\/dynamic\/106\/674x400\/secondary\/Princess-Kate-tartan-6710263.avif?r=1769790435803\" media=\"screen and (min-width:100000px)\"><source type=\"image\/webp\" srcset=\"https:\/\/cdn.images.express.co.uk\/img\/dynamic\/106\/674x400\/secondary\/Princess-Kate-tartan-6710263.webp?r=1769790435803\" media=\"screen and (min-width:100000px)\"><source type=\"image\/jpeg\" srcset=\"https:\/\/cdn.images.express.co.uk\/img\/dynamic\/106\/674x400\/secondary\/Princess-Kate-tartan-6710263.jpg?r=1769790435803\" media=\"screen and (min-width:100000px)\"><source type=\"image\/avif\" srcset=\"https:\/\/cdn.images.express.co.uk\/img\/dynamic\/106\/940x\/secondary\/Princess-Kate-tartan-6710263.avif?r=1769790435803\" media=\"screen and (min-width:1200px)\"><source type=\"image\/webp\" srcset=\"https:\/\/cdn.images.express.co.uk\/img\/dynamic\/106\/940x\/secondary\/Princess-Kate-tartan-6710263.webp?r=1769790435803\" media=\"screen and (min-width:1200px)\"><source type=\"image\/jpeg\" srcset=\"https:\/\/cdn.images.express.co.uk\/img\/dynamic\/106\/940x\/secondary\/Princess-Kate-tartan-6710263.jpg?r=1769790435803\" media=\"screen and (min-width:1200px)\"><source type=\"image\/avif\" srcset=\"https:\/\/cdn.images.express.co.uk\/img\/dynamic\/106\/590x\/secondary\/Princess-Kate-tartan-6710263.avif?r=1769790435803\" media=\"screen\"><source type=\"image\/webp\" srcset=\"https:\/\/cdn.images.express.co.uk\/img\/dynamic\/106\/590x\/secondary\/Princess-Kate-tartan-6710263.webp?r=1769790435803\" media=\"screen\"><img decoding=\"async\" class=\"zoomEnabled\" src=\"https:\/\/cdn.images.express.co.uk\/img\/dynamic\/106\/1200x712\/secondary\/Princess-Kate-tartan-6710263.jpg?r=1769790435803\" alt=\"tart\u00e1n princesa Kate\" title=\"tart\u00e1n princesa Kate\" width=\"590\" height=\"350\" loading=\"lazy\"\/><\/source><\/source><\/source><\/source><\/source><\/source><\/source><\/source><\/source><\/source><\/source><\/picture><\/p>\n<p><span class=\"newsCaption\">La princesa Kate suele lucir dise\u00f1os de tart\u00e1n <span class=\"caption\">(Imagen: Getty)<\/span><span class=\"magnifier\" data-img=\"https:\/\/cdn.images.express.co.uk\/img\/dynamic\/106\/1200x712\/secondary\/Princess-Kate-tartan-6710263.jpg?r=1769790435803\"\/><\/span><\/div>\n<div class=\"photo changeSpace\">\n<p class=\"withoutCaption\"><picture><source type=\"image\/avif\" srcset=\"https:\/\/cdn.images.express.co.uk\/img\/dynamic\/106\/1200x712\/secondary\/Queen-Elizabeth-tartan-6710264.avif?r=1769790435815\" media=\"screen and (min-width:10000px)\"><source type=\"image\/webp\" srcset=\"https:\/\/cdn.images.express.co.uk\/img\/dynamic\/106\/1200x712\/secondary\/Queen-Elizabeth-tartan-6710264.webp?r=1769790435815\" media=\"screen and (min-width:10000px)\"><source type=\"image\/jpeg\" srcset=\"https:\/\/cdn.images.express.co.uk\/img\/dynamic\/106\/1200x712\/secondary\/Queen-Elizabeth-tartan-6710264.jpg?r=1769790435815\" media=\"screen and (min-width:10000px)\"><source type=\"image\/avif\" srcset=\"https:\/\/cdn.images.express.co.uk\/img\/dynamic\/106\/674x400\/secondary\/Queen-Elizabeth-tartan-6710264.avif?r=1769790435815\" media=\"screen and (min-width:100000px)\"><source type=\"image\/webp\" srcset=\"https:\/\/cdn.images.express.co.uk\/img\/dynamic\/106\/674x400\/secondary\/Queen-Elizabeth-tartan-6710264.webp?r=1769790435815\" media=\"screen and (min-width:100000px)\"><source type=\"image\/jpeg\" srcset=\"https:\/\/cdn.images.express.co.uk\/img\/dynamic\/106\/674x400\/secondary\/Queen-Elizabeth-tartan-6710264.jpg?r=1769790435815\" media=\"screen and (min-width:100000px)\"><source type=\"image\/avif\" srcset=\"https:\/\/cdn.images.express.co.uk\/img\/dynamic\/106\/940x\/secondary\/Queen-Elizabeth-tartan-6710264.avif?r=1769790435815\" media=\"screen and (min-width:1200px)\"><source type=\"image\/webp\" srcset=\"https:\/\/cdn.images.express.co.uk\/img\/dynamic\/106\/940x\/secondary\/Queen-Elizabeth-tartan-6710264.webp?r=1769790435815\" media=\"screen and (min-width:1200px)\"><source type=\"image\/jpeg\" srcset=\"https:\/\/cdn.images.express.co.uk\/img\/dynamic\/106\/940x\/secondary\/Queen-Elizabeth-tartan-6710264.jpg?r=1769790435815\" media=\"screen and (min-width:1200px)\"><source type=\"image\/avif\" srcset=\"https:\/\/cdn.images.express.co.uk\/img\/dynamic\/106\/590x\/secondary\/Queen-Elizabeth-tartan-6710264.avif?r=1769790435815\" media=\"screen\"><source type=\"image\/webp\" srcset=\"https:\/\/cdn.images.express.co.uk\/img\/dynamic\/106\/590x\/secondary\/Queen-Elizabeth-tartan-6710264.webp?r=1769790435815\" media=\"screen\"><img decoding=\"async\" class=\"zoomEnabled\" src=\"https:\/\/cdn.images.express.co.uk\/img\/dynamic\/106\/1200x712\/secondary\/Queen-Elizabeth-tartan-6710264.jpg?r=1769790435815\" alt=\"tart\u00e1n reina Isabel \" title=\"tart\u00e1n reina Isabel \" width=\"590\" height=\"350\" loading=\"lazy\"\/><\/source><\/source><\/source><\/source><\/source><\/source><\/source><\/source><\/source><\/source><\/source><\/picture><\/p>\n<p><span class=\"newsCaption\">La difunta reina Isabel II era famosa por llevar estampados de tart\u00e1n. <span class=\"caption\">(Imagen: Getty)<\/span><span class=\"magnifier\" data-img=\"https:\/\/cdn.images.express.co.uk\/img\/dynamic\/106\/1200x712\/secondary\/Queen-Elizabeth-tartan-6710264.jpg?r=1769790435815\"\/><\/span><\/div>\n<p><h3 class=\"subh\" id=\"Get-Princess-Catherine-s-tartan-look-on-the-high-street-74078353\" data-toc=\"1\">Consigue el look de tart\u00e1n de la princesa Catalina en la calle principal:<\/h3>\n<\/p>\n<div class=\"text-description\">\n<p>Ya sea con un abrigo elegante, accesorios m\u00ednimos o botas cl\u00e1sicas, el resultado se siente moderno pero profundamente respetuoso: un equilibrio que la reina Isabel domin\u00f3 sin esfuerzo.<\/p>\n<\/div>\n<div class=\"text-description\">\n<p>Al usar tart\u00e1n, la princesa Catalina no simplemente hace referencia al pasado, sino que lo sostiene. Al elegir el tart\u00e1n en Escocia, se alinea no s\u00f3lo con la identidad nacional, sino tambi\u00e9n con el perdurable c\u00f3digo de vestimenta de la Reina.<\/p>\n<\/div>\n<div class=\"text-description\">\n<p>As\u00ed evoluciona la moda real sin perder su alma. Catherine no est\u00e1 reinventando la tradici\u00f3n, sino que la est\u00e1 preservando, puli\u00e9ndola y llev\u00e1ndola adelante para una nueva generaci\u00f3n.<\/p>\n<\/div>\n<div class=\"text-description\">\n<p>Al hacerlo, se asegura de que el legado de estilo de la reina Isabel II permanezca no s\u00f3lo recordado, sino visiblemente vivo.<\/p>\n<\/div>\n<\/div>\n\n","protected":false},"excerpt":{"rendered":"<p>La princesa Catalina demuestra que el legado de la reina Isabel a\u00fan define la vestimenta real (Imagen: Getty) Este art\u00edculo contiene enlaces de afiliados; recibiremos una comisi\u00f3n por las ventas que generemos a partir de \u00e9l. M\u00e1s informaci\u00f3n La reina Isabel II comprendi\u00f3 el poder silencioso del tart\u00e1n mucho antes de que se convirtiera en &hellip;<\/p>\n","protected":false},"author":1,"featured_media":57708,"comment_status":"open","ping_status":"open","sticky":false,"template":"","format":"standard","meta":{"fifu_image_url":"https:\/\/cdn.images.express.co.uk\/img\/dynamic\/106\/1200x630\/6710550.jpg","fifu_image_alt":"","footnotes":""},"categories":[10],"tags":[],"class_list":["post-57706","post","type-post","status-publish","format-standard","has-post-thumbnail","","category-moda"],"_links":{"self":[{"href":"https:\/\/noticiasveraces.com\/index.php?rest_route=\/wp\/v2\/posts\/57706","targetHints":{"allow":["GET"]}}],"collection":[{"href":"https:\/\/noticiasveraces.com\/index.php?rest_route=\/wp\/v2\/posts"}],"about":[{"href":"https:\/\/noticiasveraces.com\/index.php?rest_route=\/wp\/v2\/types\/post"}],"author":[{"embeddable":true,"href":"https:\/\/noticiasveraces.com\/index.php?rest_route=\/wp\/v2\/users\/1"}],"replies":[{"embeddable":true,"href":"https:\/\/noticiasveraces.com\/index.php?rest_route=%2Fwp%2Fv2%2Fcomments&post=57706"}],"version-history":[{"count":0,"href":"https:\/\/noticiasveraces.com\/index.php?rest_route=\/wp\/v2\/posts\/57706\/revisions"}],"wp:featuredmedia":[{"embeddable":true,"href":"https:\/\/noticiasveraces.com\/index.php?rest_route=\/wp\/v2\/media\/57708"}],"wp:attachment":[{"href":"https:\/\/noticiasveraces.com\/index.php?rest_route=%2Fwp%2Fv2%2Fmedia&parent=57706"}],"wp:term":[{"taxonomy":"category","embeddable":true,"href":"https:\/\/noticiasveraces.com\/index.php?rest_route=%2Fwp%2Fv2%2Fcategories&post=57706"},{"taxonomy":"post_tag","embeddable":true,"href":"https:\/\/noticiasveraces.com\/index.php?rest_route=%2Fwp%2Fv2%2Ftags&post=57706"}],"curies":[{"name":"wp","href":"https:\/\/api.w.org\/{rel}","templated":true}]}}