{"id":57661,"date":"2026-01-30T13:01:12","date_gmt":"2026-01-30T17:01:12","guid":{"rendered":"https:\/\/noticiasveraces.com\/?p=57661"},"modified":"2026-01-30T13:01:12","modified_gmt":"2026-01-30T17:01:12","slug":"sector-pesca-llevara-propuestas-al-plan-nacional-productivo","status":"publish","type":"post","link":"https:\/\/noticiasveraces.com\/?p=57661","title":{"rendered":"Sector Pesca llevar\u00e1 propuestas al plan nacional productivo"},"content":{"rendered":"<p> \n<\/p>\n<div>\n<p>M\u00e1s de 150.000 pescadores artesanales participar\u00e1n de forma directa en la construcci\u00f3n del plan sectorial de pesca y acuicultura, luego de que el sector cerrara el \u00faltimo a\u00f1o con un crecimiento cercano al 5%, consolid\u00e1ndose como un pilar estrat\u00e9gico de la soberan\u00eda alimentaria y del desarrollo productivo nacional.<\/p>\n<p>La informaci\u00f3n fue dada a conocer durante una asamblea del Poder Popular de Pesca realizada en el estado La Guaira, donde el ministro de Pesca y Acuicultura, Juan Loyo, destac\u00f3 que la prote\u00edna pesquera se mantiene como la tercera de mayor consumo en el pa\u00eds, reflejo del fortalecimiento sostenido de la actividad y del trabajo organizado de las comunidades pesqueras.<\/p>\n<p>Loyo explic\u00f3 que el encuentro permiti\u00f3 avanzar en tres l\u00edneas fundamentales, como la incorporaci\u00f3n del sector pesquero al plan sectorial nacional, la atenci\u00f3n prioritaria al sector en los primeros meses de gesti\u00f3n para seguir fortaleciendo el consumo interno, y la definici\u00f3n de pol\u00edticas productivas orientadas a \u00e1reas clave como la cadena de fr\u00edo, la comercializaci\u00f3n, la mejora de las artes de pesca y las condiciones de trabajo. En ese contexto, record\u00f3 que el pr\u00f3ximo 8 de marzo se realizar\u00e1 la primera gran consulta comunal de proyectos productivos, una instancia que permitir\u00e1 a los pescadores presentar iniciativas para la transformaci\u00f3n econ\u00f3mica.<\/p>\n<p>Por su parte, el vicepresidente sectorial de Planificaci\u00f3n, Ricardo Men\u00e9ndez, subray\u00f3 que este proceso se inscribe en las siete l\u00edneas estrat\u00e9gicas impulsadas por el presidente Nicol\u00e1s Maduro para avanzar hacia el Estado comunal, abriendo el sistema de planificaci\u00f3n nacional a la carga directa de propuestas desde las bases. Indic\u00f3 que las necesidades del sector pesquero ser\u00e1n articuladas con los niveles municipal, regional y nacional, como expresi\u00f3n del ejercicio de la soberan\u00eda popular y la democracia directa.<\/p>\n<p>El gobernador de La Guaira, Jos\u00e9 Alejandro Ter\u00e1n, resalt\u00f3 el car\u00e1cter solidario del Poder Popular pescador, al recordar su aporte permanente a los programas de alimentaci\u00f3n escolar, centros de salud y jornadas sociales, contribuyendo a la atenci\u00f3n de los sectores m\u00e1s vulnerables. Se\u00f1al\u00f3 que de la asamblea surge una planificaci\u00f3n colectiva con enfoque cient\u00edfico y visi\u00f3n integral, articulada con los objetivos del Plan de la Patria.<\/p>\n<p>Ter\u00e1n afirm\u00f3 que el pueblo pescador ratific\u00f3 su compromiso con la paz, la estabilidad y el desarrollo econ\u00f3mico del pa\u00eds, as\u00ed como su respaldo a la presidenta encargada, Delcy Rodr\u00edguez, y a las acciones orientadas a la protecci\u00f3n social y al fortalecimiento del bienestar del pueblo venezolano.<\/p>\n<p>Acordaron convertir las propuestas del sector en una agenda concreta de acci\u00f3n, orientada a fortalecer la producci\u00f3n pesquera y acu\u00edcola como eje estrat\u00e9gico de la econom\u00eda nacional.<\/p>\n<\/div>\n\n","protected":false},"excerpt":{"rendered":"<p>M\u00e1s de 150.000 pescadores artesanales participar\u00e1n de forma directa en la construcci\u00f3n del plan sectorial de pesca y acuicultura, luego de que el sector cerrara el \u00faltimo a\u00f1o con un crecimiento cercano al 5%, consolid\u00e1ndose como un pilar estrat\u00e9gico de la soberan\u00eda alimentaria y del desarrollo productivo nacional. La informaci\u00f3n fue dada a conocer durante &hellip;<\/p>\n","protected":false},"author":1,"featured_media":57662,"comment_status":"open","ping_status":"open","sticky":false,"template":"","format":"standard","meta":{"fifu_image_url":"https:\/\/ultimasnoticias.com.ve\/wp-content\/uploads\/2026\/01\/josealejandro.teran_759033908.jpg","fifu_image_alt":"","footnotes":""},"categories":[4],"tags":[],"class_list":["post-57661","post","type-post","status-publish","format-standard","has-post-thumbnail","","category-historias-destacadas"],"_links":{"self":[{"href":"https:\/\/noticiasveraces.com\/index.php?rest_route=\/wp\/v2\/posts\/57661","targetHints":{"allow":["GET"]}}],"collection":[{"href":"https:\/\/noticiasveraces.com\/index.php?rest_route=\/wp\/v2\/posts"}],"about":[{"href":"https:\/\/noticiasveraces.com\/index.php?rest_route=\/wp\/v2\/types\/post"}],"author":[{"embeddable":true,"href":"https:\/\/noticiasveraces.com\/index.php?rest_route=\/wp\/v2\/users\/1"}],"replies":[{"embeddable":true,"href":"https:\/\/noticiasveraces.com\/index.php?rest_route=%2Fwp%2Fv2%2Fcomments&post=57661"}],"version-history":[{"count":0,"href":"https:\/\/noticiasveraces.com\/index.php?rest_route=\/wp\/v2\/posts\/57661\/revisions"}],"wp:featuredmedia":[{"embeddable":true,"href":"https:\/\/noticiasveraces.com\/index.php?rest_route=\/wp\/v2\/media\/57662"}],"wp:attachment":[{"href":"https:\/\/noticiasveraces.com\/index.php?rest_route=%2Fwp%2Fv2%2Fmedia&parent=57661"}],"wp:term":[{"taxonomy":"category","embeddable":true,"href":"https:\/\/noticiasveraces.com\/index.php?rest_route=%2Fwp%2Fv2%2Fcategories&post=57661"},{"taxonomy":"post_tag","embeddable":true,"href":"https:\/\/noticiasveraces.com\/index.php?rest_route=%2Fwp%2Fv2%2Ftags&post=57661"}],"curies":[{"name":"wp","href":"https:\/\/api.w.org\/{rel}","templated":true}]}}