{"id":57620,"date":"2026-01-30T07:28:14","date_gmt":"2026-01-30T11:28:14","guid":{"rendered":"https:\/\/noticiasveraces.com\/?p=57620"},"modified":"2026-01-30T07:28:14","modified_gmt":"2026-01-30T11:28:14","slug":"saime-aclaro-que-venezolanos-en-chile-podran-retirar-su-pasaporte-en-el-consulado-de-uruguay","status":"publish","type":"post","link":"https:\/\/noticiasveraces.com\/?p=57620","title":{"rendered":"Saime aclar\u00f3 que venezolanos en Chile podr\u00e1n retirar su pasaporte en el Consulado de Uruguay"},"content":{"rendered":"<p> \n<\/p>\n<div>\n<p>El Servicio Administrativo de Identificaci\u00f3n, Migraci\u00f3n y Extranjer\u00eda (<strong>Saime) aclar\u00f3 que los venezolanos con residencia en Chile que hayan tramitado su pasaporte, deber\u00e1n recogerlo en el Consulado de Uruguay<\/strong> y no en la Embajada como hab\u00eda notificado inicialmente el martes 27 de enero.<\/p>\n<div class=\"ruby-table-contents rbtoc table-fw\">\n<ul class=\"toc-content h5\">\n<li>Otra alternativa que tienen los venezolanos migrantes en Chile<\/li>\n<li>La ruptura de relaciones entre Venezuela y Chile<\/li>\n<\/ul>\n<\/div>\n<p>En su publicaci\u00f3n de X, el Saime <strong>no especific\u00f3 la fecha exacta en la que los documentos podr\u00e1n estar disponibles para recogerlos<\/strong>. Sin embargo, pidi\u00f3 a los usuarios estar atentos a sus redes sociales en los pr\u00f3ximos d\u00edas. <\/p>\n<p>Desde la \u00faltima ruptura de relaciones diplom\u00e1ticas en agosto de 2024, <strong>la Embajada de Venezuela en Chile se encuentra sin personal diplom\u00e1tico que gestione los tr\u00e1mites de los migrantes venezolanos<\/strong> en ese pa\u00eds. <\/p>\n<h2 id=\"otra-alternativa-que-tienen-los-venezolanos-migrantes-en-chile\" class=\"rb-heading-index-0-841168 wp-block-heading\"><strong>Otra alternativa que tienen los venezolanos migrantes en Chile<\/strong><\/h2>\n<p>Al no tener relaciones diplom\u00e1ticas con Venezuela, <strong>el Saime autoriz\u00f3 a los familiares de los venezolanos residenciados en Chile y otros pa\u00edses sin representaci\u00f3n consular a retirar sus pasaportes en Caracas.<\/strong> De acuerdo con el organismo, los pasaportes pueden retirarlos los siguientes familiares: padre, madre, abuelos, hijos mayores de edad y hermanos.<\/p>\n<p><strong>La medida, que se anunci\u00f3 en agosto de 2025, se extiende a Argentina, Chile, Costa Rica, Ecuador, Per\u00fa, Panam\u00e1, Rep\u00fablica Dominicana y Uruguay.<\/strong><\/p>\n<p>Asimismo, <strong>para que se pueda retirar el documento el titular debe tramitar un poder apostillado en el pa\u00eds donde reside.<\/strong> Adem\u00e1s, deber\u00e1 pagar el arancel de resguardo, el cual tiene un valor de 8 Unidades Tributarias.<\/p>\n<figure class=\"wp-block-image size-large\"><picture fetchpriority=\"high\" decoding=\"async\" class=\"wp-image-389332\"><source type=\"image\/webp\" srcset=\"https:\/\/eldiario.com\/wp-content\/uploads\/2022\/08\/26-Travesia-pasaporte-cedula-oficinas-saime-El-Diario-Jose-Daniel-Ramos-760x507.jpg.webp 760w, https:\/\/eldiario.com\/wp-content\/uploads\/2022\/08\/26-Travesia-pasaporte-cedula-oficinas-saime-El-Diario-Jose-Daniel-Ramos-300x200.jpg.webp 300w, https:\/\/eldiario.com\/wp-content\/uploads\/2022\/08\/26-Travesia-pasaporte-cedula-oficinas-saime-El-Diario-Jose-Daniel-Ramos-768x512.jpg.webp 768w, https:\/\/eldiario.com\/wp-content\/uploads\/2022\/08\/26-Travesia-pasaporte-cedula-oficinas-saime-El-Diario-Jose-Daniel-Ramos-1536x1024.jpg.webp 1536w, https:\/\/eldiario.com\/wp-content\/uploads\/2022\/08\/26-Travesia-pasaporte-cedula-oficinas-saime-El-Diario-Jose-Daniel-Ramos-150x100.jpg.webp 150w, https:\/\/eldiario.com\/wp-content\/uploads\/2022\/08\/26-Travesia-pasaporte-cedula-oficinas-saime-El-Diario-Jose-Daniel-Ramos.jpg.webp 1600w\" sizes=\"(max-width: 760px) 100vw, 760px\"\/><img fetchpriority=\"high\" decoding=\"async\" width=\"760\" height=\"507\" src=\"https:\/\/eldiario.com\/wp-content\/uploads\/2022\/08\/26-Travesia-pasaporte-cedula-oficinas-saime-El-Diario-Jose-Daniel-Ramos-760x507.jpg\" alt=\"Traves\u00eda pasaporte c\u00e9dula oficinas saime ciudadanos venezolanos pasaporte c\u00e9dula extranjeros colas cita solicitud organismo oficinas documento de viaje largas cosas madrugar horas tr\u00e1mite cedulaci\u00f3n renovaci\u00f3n Servicio Administrativo de Identificaci\u00f3n, Migraci\u00f3n y Extranjer\u00eda Saime Los Ruices Saime Las Mercedes Oficina Extranjer\u00eda Coche saime sede principal centro El Diario Jose Daniel Ramos\" srcset=\"https:\/\/eldiario.com\/wp-content\/uploads\/2022\/08\/26-Travesia-pasaporte-cedula-oficinas-saime-El-Diario-Jose-Daniel-Ramos-760x507.jpg 760w, https:\/\/eldiario.com\/wp-content\/uploads\/2022\/08\/26-Travesia-pasaporte-cedula-oficinas-saime-El-Diario-Jose-Daniel-Ramos-300x200.jpg 300w, https:\/\/eldiario.com\/wp-content\/uploads\/2022\/08\/26-Travesia-pasaporte-cedula-oficinas-saime-El-Diario-Jose-Daniel-Ramos-768x512.jpg 768w, https:\/\/eldiario.com\/wp-content\/uploads\/2022\/08\/26-Travesia-pasaporte-cedula-oficinas-saime-El-Diario-Jose-Daniel-Ramos-1536x1024.jpg 1536w, https:\/\/eldiario.com\/wp-content\/uploads\/2022\/08\/26-Travesia-pasaporte-cedula-oficinas-saime-El-Diario-Jose-Daniel-Ramos-150x100.jpg 150w, https:\/\/eldiario.com\/wp-content\/uploads\/2022\/08\/26-Travesia-pasaporte-cedula-oficinas-saime-El-Diario-Jose-Daniel-Ramos.jpg 1600w\" sizes=\"(max-width: 760px) 100vw, 760px\"\/>\n<\/picture><figcaption class=\"wp-element-caption\">Foto: Jos\u00e9 Daniel Ramos @danielj2511<\/figcaption><\/figure>\n<p>Actualmente, el Saime estableci\u00f3 los siguientes precios de los pasaportes en Venezuela:<\/p>\n<p><strong>-De tres meses a 5 a\u00f1os de edad:<\/strong> 120 d\u00f3lares. <\/p>\n<p><strong>-De los 3 a los 17 a\u00f1os de edad:<\/strong> 164 d\u00f3lares.<\/p>\n<p><strong>-Mayor de 18 a\u00f1os:<\/strong> 216 d\u00f3lares.<\/p>\n<h2 id=\"la-ruptura-de-relaciones-entre-venezuela-y-chile\" class=\"rb-heading-index-1-841168 wp-block-heading\"><strong>La ruptura de relaciones entre Venezuela y Chile<\/strong><\/h2>\n<p>Las relaciones diplom\u00e1ticas entre Chile y Venezuela comenzaron en 1858. Entre 1970 y 1980, Venezuela recibi\u00f3 a un gran n\u00famero de migrantes chilenos que se exiliaron en el pa\u00eds como consecuencia de la dictadura de Augusto Pinochet, de acuerdo con informaci\u00f3n publicada por el Ministerio de Relaciones Exteriores de Chile.<\/p>\n<p>La tensi\u00f3n de las relaciones entre ambos pa\u00edses comenz\u00f3 en mayo de 2018, cuando el gobierno de Sebasti\u00e1n Pi\u00f1era inform\u00f3 que no nombrar\u00eda embajador en Venezuela, una decisi\u00f3n que tom\u00f3 en conjunto con los otros pa\u00edses que integraban el llamado Grupo de Lima, que reconocieron a Juan Guaid\u00f3 como presidente interino.<\/p>\n<p>El 25 de mayo de 2023, el presidente Gabriel Boric, sucesor de Pi\u00f1era, decidi\u00f3 nombrar a Jaime Gazmuri como embajador de Chile en Caracas, buscando un acercamiento con Venezuela.<\/p>\n<figure class=\"wp-block-image size-large\"><picture loading=\"lazy\" decoding=\"async\" class=\"wp-image-657941\"><source type=\"image\/webp\" srcset=\"https:\/\/eldiario.com\/wp-content\/uploads\/2024\/04\/Gabriel-Boric-Chile-EFE-1200x800.jpg.webp 1200w, https:\/\/eldiario.com\/wp-content\/uploads\/2024\/04\/Gabriel-Boric-Chile-EFE-300x200.jpg.webp 300w, https:\/\/eldiario.com\/wp-content\/uploads\/2024\/04\/Gabriel-Boric-Chile-EFE-768x512.jpg.webp 768w, https:\/\/eldiario.com\/wp-content\/uploads\/2024\/04\/Gabriel-Boric-Chile-EFE-1536x1024.jpg.webp 1536w, https:\/\/eldiario.com\/wp-content\/uploads\/2024\/04\/Gabriel-Boric-Chile-EFE-150x100.jpg.webp 150w, https:\/\/eldiario.com\/wp-content\/uploads\/2024\/04\/Gabriel-Boric-Chile-EFE.jpg.webp 1600w\" sizes=\"(max-width: 1200px) 100vw, 1200px\"\/><img loading=\"lazy\" decoding=\"async\" width=\"1200\" height=\"800\" src=\"https:\/\/eldiario.com\/wp-content\/uploads\/2024\/04\/Gabriel-Boric-Chile-EFE-1200x800.jpg\" alt=\"Gabriel Boric\" srcset=\"https:\/\/eldiario.com\/wp-content\/uploads\/2024\/04\/Gabriel-Boric-Chile-EFE-1200x800.jpg 1200w, https:\/\/eldiario.com\/wp-content\/uploads\/2024\/04\/Gabriel-Boric-Chile-EFE-300x200.jpg 300w, https:\/\/eldiario.com\/wp-content\/uploads\/2024\/04\/Gabriel-Boric-Chile-EFE-768x512.jpg 768w, https:\/\/eldiario.com\/wp-content\/uploads\/2024\/04\/Gabriel-Boric-Chile-EFE-1536x1024.jpg 1536w, https:\/\/eldiario.com\/wp-content\/uploads\/2024\/04\/Gabriel-Boric-Chile-EFE-150x100.jpg 150w, https:\/\/eldiario.com\/wp-content\/uploads\/2024\/04\/Gabriel-Boric-Chile-EFE.jpg 1600w\" sizes=\"auto, (max-width: 1200px) 100vw, 1200px\"\/>\n<\/picture><figcaption class=\"wp-element-caption\">Gabriel Boric | Foto: EFE\/ Presidencia de Chile <\/figcaption><\/figure>\n<p>Sin embargo, <strong>Venezuela rompi\u00f3 relaciones diplom\u00e1ticas con Chile en agosto de 2024,<\/strong> debido a que el presidente chileno, Gabriel Boric, no reconoci\u00f3 los resultados de las elecciones presidenciales del 28 de julio de ese a\u00f1o en las que el Consejo Nacional Electoral (CNE) anunci\u00f3 como ganador a Nicol\u00e1s Maduro, en un contexto donde varios pa\u00edses cuestionaron los resultados de los comicios.<\/p>\n<p><strong>A pesar de la respuesta de Venezuela y de la salida de su cuerpo diplom\u00e1tico, la ministra chilena del Interior, Carolina Toh\u00e1, inform\u00f3 que no romper\u00eda relaciones con Venezuela<\/strong>pese a que la Fiscal\u00eda de ese pa\u00eds responsabiliz\u00f3 al gobierno venezolano del asesinato de Ronald Ojeda, el teniente venezolano residenciado en Chile.<\/p>\n<p><!-- CONTENT END 1 -->\n<\/div>\n\n","protected":false},"excerpt":{"rendered":"<p>El Servicio Administrativo de Identificaci\u00f3n, Migraci\u00f3n y Extranjer\u00eda (Saime) aclar\u00f3 que los venezolanos con residencia en Chile que hayan tramitado su pasaporte, deber\u00e1n recogerlo en el Consulado de Uruguay y no en la Embajada como hab\u00eda notificado inicialmente el martes 27 de enero. Otra alternativa que tienen los venezolanos migrantes en Chile La ruptura de &hellip;<\/p>\n","protected":false},"author":1,"featured_media":57622,"comment_status":"open","ping_status":"open","sticky":false,"template":"","format":"standard","meta":{"fifu_image_url":"https:\/\/eldiario.com\/wp-content\/uploads\/2023\/06\/pasaporte-venezolano.jpg","fifu_image_alt":"","footnotes":""},"categories":[13],"tags":[],"class_list":["post-57620","post","type-post","status-publish","format-standard","has-post-thumbnail","","category-mundo"],"_links":{"self":[{"href":"https:\/\/noticiasveraces.com\/index.php?rest_route=\/wp\/v2\/posts\/57620","targetHints":{"allow":["GET"]}}],"collection":[{"href":"https:\/\/noticiasveraces.com\/index.php?rest_route=\/wp\/v2\/posts"}],"about":[{"href":"https:\/\/noticiasveraces.com\/index.php?rest_route=\/wp\/v2\/types\/post"}],"author":[{"embeddable":true,"href":"https:\/\/noticiasveraces.com\/index.php?rest_route=\/wp\/v2\/users\/1"}],"replies":[{"embeddable":true,"href":"https:\/\/noticiasveraces.com\/index.php?rest_route=%2Fwp%2Fv2%2Fcomments&post=57620"}],"version-history":[{"count":0,"href":"https:\/\/noticiasveraces.com\/index.php?rest_route=\/wp\/v2\/posts\/57620\/revisions"}],"wp:featuredmedia":[{"embeddable":true,"href":"https:\/\/noticiasveraces.com\/index.php?rest_route=\/wp\/v2\/media\/57622"}],"wp:attachment":[{"href":"https:\/\/noticiasveraces.com\/index.php?rest_route=%2Fwp%2Fv2%2Fmedia&parent=57620"}],"wp:term":[{"taxonomy":"category","embeddable":true,"href":"https:\/\/noticiasveraces.com\/index.php?rest_route=%2Fwp%2Fv2%2Fcategories&post=57620"},{"taxonomy":"post_tag","embeddable":true,"href":"https:\/\/noticiasveraces.com\/index.php?rest_route=%2Fwp%2Fv2%2Ftags&post=57620"}],"curies":[{"name":"wp","href":"https:\/\/api.w.org\/{rel}","templated":true}]}}