{"id":57615,"date":"2026-01-30T07:00:12","date_gmt":"2026-01-30T11:00:12","guid":{"rendered":"https:\/\/noticiasveraces.com\/?p=57615"},"modified":"2026-01-30T07:00:12","modified_gmt":"2026-01-30T11:00:12","slug":"foro-penal-reporto-711-presos-politicos-en-venezuela","status":"publish","type":"post","link":"https:\/\/noticiasveraces.com\/?p=57615","title":{"rendered":"Foro Penal report\u00f3 711 presos pol\u00edticos en Venezuela"},"content":{"rendered":"<p> \n<\/p>\n<div>\n<p>El <strong>Foro Penal<\/strong> public\u00f3 el 29 de enero su balance m\u00e1s reciente de los <strong>prisioneros politicos<\/strong> que permanecen detenidos en Venezuela. La organizaci\u00f3n no gubernamental (ONG) report\u00f3 que hasta el 28 de enero hay <strong>711<\/strong> presos por causas pol\u00edticas en el pa\u00eds.<\/p>\n<p>De acuerdo con la ONG, en el total se sum\u00f3 un grupo de <strong>nuevos registros<\/strong> que no hab\u00edan sido reportados por sus familiares por distintos motivos como temor a represalias.<\/p>\n<p>En la publicaci\u00f3n en sus redes sociales, el Foro Penal precis\u00f3 que del total de los presos, <strong>617 son hombres y 94 mujeres<\/strong>mientras que 710 son adultos y uno es adolescente. <\/p>\n<p>La ONG tambi\u00e9n precis\u00f3 que entre los presos pol\u00edticos <strong>hay 65 ciudadanos extranjeros<\/strong>. Adem\u00e1s, destac\u00f3 que se desconoce el paradero de 52 de los reportados como detenidos por causas pol\u00edticas. <\/p>\n<p>En el bolet\u00edn, tambi\u00e9n se observa que 183 de las personas detenidas recibieron alguna condenas, mientras que <strong>528 no poseen ninguna medida cautelar<\/strong>. <\/p>\n<figure class=\"wp-block-image size-large\"><img fetchpriority=\"high\" decoding=\"async\" width=\"1200\" height=\"800\" src=\"https:\/\/eldiario.com\/wp-content\/uploads\/2026\/01\/Diseno-sin-titulo-23-2-1200x800.jpg\" alt=\"Foro Penal report\u00f3 711 presos pol\u00edticos en Venezuela\" class=\"wp-image-841651\" srcset=\"https:\/\/eldiario.com\/wp-content\/uploads\/2026\/01\/Diseno-sin-titulo-23-2-1200x800.jpg 1200w, https:\/\/eldiario.com\/wp-content\/uploads\/2026\/01\/Diseno-sin-titulo-23-2-300x200.jpg 300w, https:\/\/eldiario.com\/wp-content\/uploads\/2026\/01\/Diseno-sin-titulo-23-2-768x512.jpg 768w, https:\/\/eldiario.com\/wp-content\/uploads\/2026\/01\/Diseno-sin-titulo-23-2-1536x1024.jpg 1536w, https:\/\/eldiario.com\/wp-content\/uploads\/2026\/01\/Diseno-sin-titulo-23-2-330x220.jpg 330w, https:\/\/eldiario.com\/wp-content\/uploads\/2026\/01\/Diseno-sin-titulo-23-2-420x280.jpg 420w, https:\/\/eldiario.com\/wp-content\/uploads\/2026\/01\/Diseno-sin-titulo-23-2-615x410.jpg 615w, https:\/\/eldiario.com\/wp-content\/uploads\/2026\/01\/Diseno-sin-titulo-23-2-860x574.jpg 860w, https:\/\/eldiario.com\/wp-content\/uploads\/2026\/01\/Diseno-sin-titulo-23-2-150x100.jpg 150w, https:\/\/eldiario.com\/wp-content\/uploads\/2026\/01\/Diseno-sin-titulo-23-2.jpg 1600w\" sizes=\"(max-width: 1200px) 100vw, 1200px\"\/><\/figure>\n<h2 class=\"wp-block-heading\" id=\"h-sobre-las-excarcelaciones\"><strong>Sobre las excarcelaciones<\/strong><\/h2>\n<p>En su reporte, el Foro Penal indic\u00f3 que desde el 8 de enero han podido confirmar 302 excarcelaciones de presos pol\u00edticos, tras el anuncio de liberaci\u00f3n de un \u201cn\u00famero importante\u201d de personas. <\/p>\n<p>En su cuenta de X, el director presidente de Foro Penal, <strong>Alfredo Romero<\/strong>precis\u00f3 que el conteo es hasta las 1:00 pm del 29 de enero.<\/p>\n<figure class=\"wp-block-image size-large\"><img loading=\"lazy\" decoding=\"async\" width=\"1200\" height=\"800\" src=\"https:\/\/eldiario.com\/wp-content\/uploads\/2026\/01\/Diseno-sin-titulo-15-1-1200x800.jpg\" alt=\"Familiares de presos pol\u00edticos escribieron en el suelo los nombres de los detenidos durante la vigilia\" class=\"wp-image-840599\" srcset=\"https:\/\/eldiario.com\/wp-content\/uploads\/2026\/01\/Diseno-sin-titulo-15-1-1200x800.jpg 1200w, https:\/\/eldiario.com\/wp-content\/uploads\/2026\/01\/Diseno-sin-titulo-15-1-300x200.jpg 300w, https:\/\/eldiario.com\/wp-content\/uploads\/2026\/01\/Diseno-sin-titulo-15-1-768x512.jpg 768w, https:\/\/eldiario.com\/wp-content\/uploads\/2026\/01\/Diseno-sin-titulo-15-1-1536x1024.jpg 1536w, https:\/\/eldiario.com\/wp-content\/uploads\/2026\/01\/Diseno-sin-titulo-15-1-330x220.jpg 330w, https:\/\/eldiario.com\/wp-content\/uploads\/2026\/01\/Diseno-sin-titulo-15-1-420x280.jpg 420w, https:\/\/eldiario.com\/wp-content\/uploads\/2026\/01\/Diseno-sin-titulo-15-1-615x410.jpg 615w, https:\/\/eldiario.com\/wp-content\/uploads\/2026\/01\/Diseno-sin-titulo-15-1-860x574.jpg 860w, https:\/\/eldiario.com\/wp-content\/uploads\/2026\/01\/Diseno-sin-titulo-15-1-150x100.jpg 150w, https:\/\/eldiario.com\/wp-content\/uploads\/2026\/01\/Diseno-sin-titulo-15-1.jpg 1600w\" sizes=\"auto, (max-width: 1200px) 100vw, 1200px\"\/><figcaption class=\"wp-element-caption\">@RHelicoide<\/figcaption><\/figure>\n<p>Varias ONG aclararon que los presos pol\u00edticos han sido excarcelados, pero <strong>no cuentan con una liberaci\u00f3n plena<\/strong>ya que se les otorgaron medidas sustitutivas a la privativa de libertad, tal como dijo el mi\u00e9rcoles a EFE la coordinadora de la organizaci\u00f3n Justicia, Encuentro y Perd\u00f3n (JEP), Martha Tineo.<\/p>\n<p>En este sentido, Tineo indic\u00f3 que los presos pol\u00edticos que abandonaron las c\u00e1rceles en las \u00faltimas semanas enfrentan la <strong>prohibici\u00f3n de salir del pa\u00eds<\/strong>de declarar a los medios sobre sus casos y la obligatoriedad de presentarse peri\u00f3dicamente ante los tribunales, entre otros.<\/p>\n<p>Por tanto, JEP pidi\u00f3 que las personas incluidas en las excarcelaciones deben ser \u201cliberadas de forma plena\u201d, al advertir que han sufrido \u201cdetenciones arbitrarias por razones pol\u00edticas\u201d.<\/p>\n<p><!-- CONTENT END 1 -->\n<\/div>\n\n","protected":false},"excerpt":{"rendered":"<p>El Foro Penal public\u00f3 el 29 de enero su balance m\u00e1s reciente de los prisioneros politicos que permanecen detenidos en Venezuela. La organizaci\u00f3n no gubernamental (ONG) report\u00f3 que hasta el 28 de enero hay 711 presos por causas pol\u00edticas en el pa\u00eds. De acuerdo con la ONG, en el total se sum\u00f3 un grupo de &hellip;<\/p>\n","protected":false},"author":1,"featured_media":57617,"comment_status":"open","ping_status":"open","sticky":false,"template":"","format":"standard","meta":{"fifu_image_url":"https:\/\/eldiario.com\/wp-content\/uploads\/2026\/01\/Diseno-sin-titulo-18-2.jpg","fifu_image_alt":"","footnotes":""},"categories":[4],"tags":[],"class_list":["post-57615","post","type-post","status-publish","format-standard","has-post-thumbnail","","category-historias-destacadas"],"_links":{"self":[{"href":"https:\/\/noticiasveraces.com\/index.php?rest_route=\/wp\/v2\/posts\/57615","targetHints":{"allow":["GET"]}}],"collection":[{"href":"https:\/\/noticiasveraces.com\/index.php?rest_route=\/wp\/v2\/posts"}],"about":[{"href":"https:\/\/noticiasveraces.com\/index.php?rest_route=\/wp\/v2\/types\/post"}],"author":[{"embeddable":true,"href":"https:\/\/noticiasveraces.com\/index.php?rest_route=\/wp\/v2\/users\/1"}],"replies":[{"embeddable":true,"href":"https:\/\/noticiasveraces.com\/index.php?rest_route=%2Fwp%2Fv2%2Fcomments&post=57615"}],"version-history":[{"count":0,"href":"https:\/\/noticiasveraces.com\/index.php?rest_route=\/wp\/v2\/posts\/57615\/revisions"}],"wp:featuredmedia":[{"embeddable":true,"href":"https:\/\/noticiasveraces.com\/index.php?rest_route=\/wp\/v2\/media\/57617"}],"wp:attachment":[{"href":"https:\/\/noticiasveraces.com\/index.php?rest_route=%2Fwp%2Fv2%2Fmedia&parent=57615"}],"wp:term":[{"taxonomy":"category","embeddable":true,"href":"https:\/\/noticiasveraces.com\/index.php?rest_route=%2Fwp%2Fv2%2Fcategories&post=57615"},{"taxonomy":"post_tag","embeddable":true,"href":"https:\/\/noticiasveraces.com\/index.php?rest_route=%2Fwp%2Fv2%2Ftags&post=57615"}],"curies":[{"name":"wp","href":"https:\/\/api.w.org\/{rel}","templated":true}]}}