{"id":57610,"date":"2026-01-30T06:27:13","date_gmt":"2026-01-30T10:27:13","guid":{"rendered":"https:\/\/noticiasveraces.com\/?p=57610"},"modified":"2026-01-30T06:27:13","modified_gmt":"2026-01-30T10:27:13","slug":"trump-afirma-que-cuba-no-podra-sobrevivir-tras-ordenar-nuevas-sanciones","status":"publish","type":"post","link":"https:\/\/noticiasveraces.com\/?p=57610","title":{"rendered":"Trump afirma que Cuba \u00abno podr\u00e1 sobrevivir\u00bb tras ordenar nuevas sanciones"},"content":{"rendered":"<p> \n<\/p>\n<div>\n<article>\n<div class=\"image-featured\">\n<img src=\"data:image\/png;base64,iVBORw0KGgoAAAANSUhEUgAABQAAAANVAQAAAAAPDG4kAAAAAnRSTlMAAHaTzTgAAACcSURBVHja7cExAQAAAMKg9U9tCU+gAAAAAAAAAAAAAAAAAAAAAAAAAAAAAAAAAAAAAAAAAAAAAAAAAAAAAAAAAAAAAAAAAAAAAAAAAAAAAAAAAAAAAAAAAAAAAAAAAAAAAAAAAAAAAAAAAAAAAAAAAAAAAAAAAAAAAAAAAAAAAAAAAAAAAAAAAAAAAAAAAAAAAAAAAAAAAAAAAI4GGJMAAVbYOkkAAAAASUVORK5CYII=\" alt=\"Trump dice que &quot;Cuba no podr\u00e1 sobrevivir&quot; tras ordenar nuevas sanciones\" data-src=\"https:\/\/elnacional-uploads.nyc3.digitaloceanspaces.com\/wp-content\/uploads\/2026\/01\/30061832\/14d40c69df2debf76e49ab7a3ae64ea55210395aw-1280x853.jpg\" decoding=\"async\" class=\"lazyload\" data-eio-rwidth=\"1280\" data-eio-rheight=\"853\"\/><img decoding=\"async\" src=\"https:\/\/elnacional-uploads.nyc3.digitaloceanspaces.com\/wp-content\/uploads\/2026\/01\/30061832\/14d40c69df2debf76e49ab7a3ae64ea55210395aw-1280x853.jpg\" alt=\"Trump dice que &quot;Cuba no podr\u00e1 sobrevivir&quot; tras ordenar nuevas sanciones\" data-eio=\"l\"\/><figcaption>El presidente de EE.UU., Donald J Trump (I). EFE\/EPA\/AARON SCHWARTZ \/ POOL<\/figcaption><\/div>\n<p>Tras firmar una orden ejecutiva que establece que Estados Unidos podr\u00e1 imponer aranceles a los bienes procedentes de pa\u00edses que vendan o suministren petr\u00f3leo a Cuba, el presidente Donald Trump afirm\u00f3 que el gobierno que preside Miguel D\u00edaz-Canel \u201cno podr\u00e1 sobrevivir\u201d.<\/p>\n<p><strong>\u00abParece que no podr\u00e1 sobrevivir. Cuba no podr\u00e1 sobrevivir\u00bb<\/strong>declar\u00f3 el mandatario a la prensa durante la presentaci\u00f3n del documental de la primera dama estadounidense, Melania Trump.<\/p>\n<p>El presidente fue preguntado sobre si est\u00e1 intentando \u00abahogar\u00bb a Cuba, ante lo que respondi\u00f3 que esa palabra es \u00abmuy dura\u00bb, pero asegur\u00f3 que el pa\u00eds caribe\u00f1o es \u00abuna naci\u00f3n fallida\u00bb.<\/p>\n<p>\u00abHay que sentirse mal por Cuba porque han tratado muy mal a la gente. Tenemos muchos cubanoestadounidenses que fueron tratados muy mal y les gustar\u00eda volver\u00bb, declar\u00f3.<\/p>\n<p>Trump dio estas declaraciones horas despu\u00e9s de firmar una orden ejecutiva para imponer aranceles a los pa\u00edses que suministren petr\u00f3leo a Cuba, en un intento de agudizar la crisis en la isla que ya fue agravada por el corte en el env\u00edo de crudo venezolano tras la captura de Nicol\u00e1s Maduro.<\/p>\n<p>Seg\u00fan la medida, se considera <strong>\u201cnecesario\u201d establecer un sistema arancelario<\/strong> que permita <strong>imponer grav\u00e1menes adicionales<\/strong> a las importaciones de pa\u00edses que, <strong>directa o indirectamente<\/strong>, <strong>vendan o suministren crudo a Cuba<\/strong>.<\/p>\n<p>En la orden, el mandatario asegura que <strong>el gobierno cubano adopta medidas que \u201cperjudican y amenazan\u201d a Estados Unidos<\/strong> y que <strong>se alinea con grupos terroristas transnacionales y actores adversos<\/strong>entre ellos <strong>Rusia, China, Ir\u00e1n, Ham\u00e1s y Hizbul\u00e1<\/strong>.<\/p>\n<p>Trump ha sostenido con anterioridad que el gobierno cubano tiene los d\u00edas contados desde el ataque de Estados Unidos a Venezuela del pasado 3 de noviembre, que se sald\u00f3 con la captura de Maduro y de su esposa, Cilia Flores, quienes ahora enfrentan cargos por narcotr\u00e1fico en Nueva York.<\/p>\n<p>Washington considera que el fin del env\u00edo de crudo venezolano a la isla provocar\u00e1 un cambio de r\u00e9gimen en Cuba, pa\u00eds afectado por una grave crisis econ\u00f3mica y social.<\/p>\n<\/article>\n<\/div>\n\n","protected":false},"excerpt":{"rendered":"<p>El presidente de EE.UU., Donald J Trump (I). EFE\/EPA\/AARON SCHWARTZ \/ POOL Tras firmar una orden ejecutiva que establece que Estados Unidos podr\u00e1 imponer aranceles a los bienes procedentes de pa\u00edses que vendan o suministren petr\u00f3leo a Cuba, el presidente Donald Trump afirm\u00f3 que el gobierno que preside Miguel D\u00edaz-Canel \u201cno podr\u00e1 sobrevivir\u201d. \u00abParece que &hellip;<\/p>\n","protected":false},"author":1,"featured_media":57612,"comment_status":"open","ping_status":"open","sticky":false,"template":"","format":"standard","meta":{"fifu_image_url":"https:\/\/elnacional-uploads.nyc3.digitaloceanspaces.com\/wp-content\/uploads\/2026\/01\/30061832\/14d40c69df2debf76e49ab7a3ae64ea55210395aw.jpg","fifu_image_alt":"","footnotes":""},"categories":[13],"tags":[],"class_list":["post-57610","post","type-post","status-publish","format-standard","has-post-thumbnail","","category-mundo"],"_links":{"self":[{"href":"https:\/\/noticiasveraces.com\/index.php?rest_route=\/wp\/v2\/posts\/57610","targetHints":{"allow":["GET"]}}],"collection":[{"href":"https:\/\/noticiasveraces.com\/index.php?rest_route=\/wp\/v2\/posts"}],"about":[{"href":"https:\/\/noticiasveraces.com\/index.php?rest_route=\/wp\/v2\/types\/post"}],"author":[{"embeddable":true,"href":"https:\/\/noticiasveraces.com\/index.php?rest_route=\/wp\/v2\/users\/1"}],"replies":[{"embeddable":true,"href":"https:\/\/noticiasveraces.com\/index.php?rest_route=%2Fwp%2Fv2%2Fcomments&post=57610"}],"version-history":[{"count":0,"href":"https:\/\/noticiasveraces.com\/index.php?rest_route=\/wp\/v2\/posts\/57610\/revisions"}],"wp:featuredmedia":[{"embeddable":true,"href":"https:\/\/noticiasveraces.com\/index.php?rest_route=\/wp\/v2\/media\/57612"}],"wp:attachment":[{"href":"https:\/\/noticiasveraces.com\/index.php?rest_route=%2Fwp%2Fv2%2Fmedia&parent=57610"}],"wp:term":[{"taxonomy":"category","embeddable":true,"href":"https:\/\/noticiasveraces.com\/index.php?rest_route=%2Fwp%2Fv2%2Fcategories&post=57610"},{"taxonomy":"post_tag","embeddable":true,"href":"https:\/\/noticiasveraces.com\/index.php?rest_route=%2Fwp%2Fv2%2Ftags&post=57610"}],"curies":[{"name":"wp","href":"https:\/\/api.w.org\/{rel}","templated":true}]}}