{"id":57605,"date":"2026-01-30T04:57:05","date_gmt":"2026-01-30T08:57:05","guid":{"rendered":"https:\/\/noticiasveraces.com\/?p=57605"},"modified":"2026-01-30T04:57:05","modified_gmt":"2026-01-30T08:57:05","slug":"meghan-markle-ha-copiado-a-la-princesa-kate-3-veces-esta-semana-real-noticias","status":"publish","type":"post","link":"https:\/\/noticiasveraces.com\/?p=57605","title":{"rendered":"Meghan Markle &#39;ha copiado a la princesa Kate 3 veces esta semana&#39; | Real | Noticias"},"content":{"rendered":"<p> \n<\/p>\n<div>\n<div class=\"photo changeSpace\">\n<p class=\"withoutCaption\"><picture><source type=\"image\/avif\" srcset=\"https:\/\/cdn.images.express.co.uk\/img\/dynamic\/106\/1200x712\/secondary\/Meghan-Markle-6705045.avif?r=1769699229472\" media=\"screen and (min-width:10000px)\"><source type=\"image\/webp\" srcset=\"https:\/\/cdn.images.express.co.uk\/img\/dynamic\/106\/1200x712\/secondary\/Meghan-Markle-6705045.webp?r=1769699229472\" media=\"screen and (min-width:10000px)\"><source type=\"image\/jpeg\" srcset=\"https:\/\/cdn.images.express.co.uk\/img\/dynamic\/106\/1200x712\/secondary\/Meghan-Markle-6705045.jpg?r=1769699229472\" media=\"screen and (min-width:10000px)\"><source type=\"image\/avif\" srcset=\"https:\/\/cdn.images.express.co.uk\/img\/dynamic\/106\/674x400\/secondary\/Meghan-Markle-6705045.avif?r=1769699229472\" media=\"screen and (min-width:100000px)\"><source type=\"image\/webp\" srcset=\"https:\/\/cdn.images.express.co.uk\/img\/dynamic\/106\/674x400\/secondary\/Meghan-Markle-6705045.webp?r=1769699229472\" media=\"screen and (min-width:100000px)\"><source type=\"image\/jpeg\" srcset=\"https:\/\/cdn.images.express.co.uk\/img\/dynamic\/106\/674x400\/secondary\/Meghan-Markle-6705045.jpg?r=1769699229472\" media=\"screen and (min-width:100000px)\"><source type=\"image\/avif\" srcset=\"https:\/\/cdn.images.express.co.uk\/img\/dynamic\/106\/940x\/secondary\/Meghan-Markle-6705045.avif?r=1769699229472\" media=\"screen and (min-width:1200px)\"><source type=\"image\/webp\" srcset=\"https:\/\/cdn.images.express.co.uk\/img\/dynamic\/106\/940x\/secondary\/Meghan-Markle-6705045.webp?r=1769699229472\" media=\"screen and (min-width:1200px)\"><source type=\"image\/jpeg\" srcset=\"https:\/\/cdn.images.express.co.uk\/img\/dynamic\/106\/940x\/secondary\/Meghan-Markle-6705045.jpg?r=1769699229472\" media=\"screen and (min-width:1200px)\"><source type=\"image\/avif\" srcset=\"https:\/\/cdn.images.express.co.uk\/img\/dynamic\/106\/590x\/secondary\/Meghan-Markle-6705045.avif?r=1769699229472\" media=\"screen\"><source type=\"image\/webp\" srcset=\"https:\/\/cdn.images.express.co.uk\/img\/dynamic\/106\/590x\/secondary\/Meghan-Markle-6705045.webp?r=1769699229472\" media=\"screen\"><img decoding=\"async\" class=\"zoomEnabled\" src=\"https:\/\/cdn.images.express.co.uk\/img\/dynamic\/106\/1200x712\/secondary\/Meghan-Markle-6705045.jpg?r=1769699229472\" alt=\"Meghan Markle\" title=\"Meghan Markle\" width=\"590\" height=\"350\" fetchpriority=\"high\"\/><\/source><\/source><\/source><\/source><\/source><\/source><\/source><\/source><\/source><\/source><\/source><\/picture><\/p>\n<p><span class=\"newsCaption\">Meghan Markle &#39;copia&#39; a la princesa Kate en una revisi\u00f3n de estilo de a\u00f1o nuevo <span class=\"caption\">(Imagen: Getty)<\/span><span class=\"magnifier\" data-img=\"https:\/\/cdn.images.express.co.uk\/img\/dynamic\/106\/1200x712\/secondary\/Meghan-Markle-6705045.jpg?r=1769699229472\"\/><\/span><\/div>\n<div class=\"text-description\">\n<p data-mce-linkchecker-status=\"valid\">Las recientes elecciones de vestuario real de Meghan Markle parecen calculadas m\u00e1s que coincidentes, marcadas por un nuevo nivel de moderaci\u00f3n. Como experta en moda real, lo que m\u00e1s me sorprende no es simplemente lo que lleva puesto, sino a qui\u00e9n parece estar copiando. Esto no es una imitaci\u00f3n por pura novedad; es un reposicionamiento estrat\u00e9gico.<\/p>\n<\/div>\n<div class=\"text-description\">\n<p>El contraste se agudiz\u00f3 la semana pasada cuando la princesa Catalina, de 44 a\u00f1os, visit\u00f3 Escocia junto al pr\u00edncipe William, luciendo un abrigo hecho a medida de Chris Kerr. Era el cl\u00e1sico Catherine: artesan\u00eda brit\u00e1nica al frente y al centro, sastrer\u00eda estructurada y una paleta apagada dise\u00f1ada para proyectar autoridad en lugar de tendencia.<\/p>\n<\/div>\n<div class=\"text-description dont-miss\">\n<p><strong>  LEER M\u00c1S:<\/strong>  Meghan Markle acaba de lucir la mayor tendencia de moda de esta temporada <\/p>\n<p><strong>  LEER M\u00c1S:<\/strong>  Solo quedan unos d\u00edas para obtener hasta un 37 % de descuento en los bolsos Strathberry exactos que adoran los miembros de la realeza <\/p>\n<\/div>\n<div class=\"photo changeSpace\">\n<p class=\"withoutCaption\"><picture><source type=\"image\/avif\" srcset=\"https:\/\/cdn.images.express.co.uk\/img\/dynamic\/106\/1200x712\/secondary\/The-Duke-and-Duchess-of-Sussex-6704974.avif?r=1769699229479\" media=\"screen and (min-width:10000px)\"><source type=\"image\/webp\" srcset=\"https:\/\/cdn.images.express.co.uk\/img\/dynamic\/106\/1200x712\/secondary\/The-Duke-and-Duchess-of-Sussex-6704974.webp?r=1769699229479\" media=\"screen and (min-width:10000px)\"><source type=\"image\/jpeg\" srcset=\"https:\/\/cdn.images.express.co.uk\/img\/dynamic\/106\/1200x712\/secondary\/The-Duke-and-Duchess-of-Sussex-6704974.jpg?r=1769699229479\" media=\"screen and (min-width:10000px)\"><source type=\"image\/avif\" srcset=\"https:\/\/cdn.images.express.co.uk\/img\/dynamic\/106\/674x400\/secondary\/The-Duke-and-Duchess-of-Sussex-6704974.avif?r=1769699229479\" media=\"screen and (min-width:100000px)\"><source type=\"image\/webp\" srcset=\"https:\/\/cdn.images.express.co.uk\/img\/dynamic\/106\/674x400\/secondary\/The-Duke-and-Duchess-of-Sussex-6704974.webp?r=1769699229479\" media=\"screen and (min-width:100000px)\"><source type=\"image\/jpeg\" srcset=\"https:\/\/cdn.images.express.co.uk\/img\/dynamic\/106\/674x400\/secondary\/The-Duke-and-Duchess-of-Sussex-6704974.jpg?r=1769699229479\" media=\"screen and (min-width:100000px)\"><source type=\"image\/avif\" srcset=\"https:\/\/cdn.images.express.co.uk\/img\/dynamic\/106\/940x\/secondary\/The-Duke-and-Duchess-of-Sussex-6704974.avif?r=1769699229479\" media=\"screen and (min-width:1200px)\"><source type=\"image\/webp\" srcset=\"https:\/\/cdn.images.express.co.uk\/img\/dynamic\/106\/940x\/secondary\/The-Duke-and-Duchess-of-Sussex-6704974.webp?r=1769699229479\" media=\"screen and (min-width:1200px)\"><source type=\"image\/jpeg\" srcset=\"https:\/\/cdn.images.express.co.uk\/img\/dynamic\/106\/940x\/secondary\/The-Duke-and-Duchess-of-Sussex-6704974.jpg?r=1769699229479\" media=\"screen and (min-width:1200px)\"><source type=\"image\/avif\" srcset=\"https:\/\/cdn.images.express.co.uk\/img\/dynamic\/106\/590x\/secondary\/The-Duke-and-Duchess-of-Sussex-6704974.avif?r=1769699229479\" media=\"screen\"><source type=\"image\/webp\" srcset=\"https:\/\/cdn.images.express.co.uk\/img\/dynamic\/106\/590x\/secondary\/The-Duke-and-Duchess-of-Sussex-6704974.webp?r=1769699229479\" media=\"screen\"><img decoding=\"async\" class=\"zoomEnabled\" src=\"https:\/\/cdn.images.express.co.uk\/img\/dynamic\/106\/1200x712\/secondary\/The-Duke-and-Duchess-of-Sussex-6704974.jpg?r=1769699229479\" alt=\"El duque y la duquesa de Sussex \" title=\"El duque y la duquesa de Sussex \" width=\"590\" height=\"885\" loading=\"lazy\"\/><\/source><\/source><\/source><\/source><\/source><\/source><\/source><\/source><\/source><\/source><\/source><\/picture><\/p>\n<p><span class=\"newsCaption\">Los duques de Sussex asistieron el fin de semana a la XX <span class=\"caption\">(Imagen: Getty)<\/span><span class=\"magnifier\" data-img=\"https:\/\/cdn.images.express.co.uk\/img\/dynamic\/106\/1200x712\/secondary\/The-Duke-and-Duchess-of-Sussex-6704974.jpg?r=1769699229479\"\/><\/span><\/div>\n<div class=\"photo changeSpace\">\n<p class=\"withoutCaption\"><picture><source type=\"image\/avif\" srcset=\"https:\/\/cdn.images.express.co.uk\/img\/dynamic\/106\/1200x712\/secondary\/The-Princess-Of-Wales-6704980.avif?r=1769699229484\" media=\"screen and (min-width:10000px)\"><source type=\"image\/webp\" srcset=\"https:\/\/cdn.images.express.co.uk\/img\/dynamic\/106\/1200x712\/secondary\/The-Princess-Of-Wales-6704980.webp?r=1769699229484\" media=\"screen and (min-width:10000px)\"><source type=\"image\/jpeg\" srcset=\"https:\/\/cdn.images.express.co.uk\/img\/dynamic\/106\/1200x712\/secondary\/The-Princess-Of-Wales-6704980.jpg?r=1769699229484\" media=\"screen and (min-width:10000px)\"><source type=\"image\/avif\" srcset=\"https:\/\/cdn.images.express.co.uk\/img\/dynamic\/106\/674x400\/secondary\/The-Princess-Of-Wales-6704980.avif?r=1769699229484\" media=\"screen and (min-width:100000px)\"><source type=\"image\/webp\" srcset=\"https:\/\/cdn.images.express.co.uk\/img\/dynamic\/106\/674x400\/secondary\/The-Princess-Of-Wales-6704980.webp?r=1769699229484\" media=\"screen and (min-width:100000px)\"><source type=\"image\/jpeg\" srcset=\"https:\/\/cdn.images.express.co.uk\/img\/dynamic\/106\/674x400\/secondary\/The-Princess-Of-Wales-6704980.jpg?r=1769699229484\" media=\"screen and (min-width:100000px)\"><source type=\"image\/avif\" srcset=\"https:\/\/cdn.images.express.co.uk\/img\/dynamic\/106\/940x\/secondary\/The-Princess-Of-Wales-6704980.avif?r=1769699229484\" media=\"screen and (min-width:1200px)\"><source type=\"image\/webp\" srcset=\"https:\/\/cdn.images.express.co.uk\/img\/dynamic\/106\/940x\/secondary\/The-Princess-Of-Wales-6704980.webp?r=1769699229484\" media=\"screen and (min-width:1200px)\"><source type=\"image\/jpeg\" srcset=\"https:\/\/cdn.images.express.co.uk\/img\/dynamic\/106\/940x\/secondary\/The-Princess-Of-Wales-6704980.jpg?r=1769699229484\" media=\"screen and (min-width:1200px)\"><source type=\"image\/avif\" srcset=\"https:\/\/cdn.images.express.co.uk\/img\/dynamic\/106\/590x\/secondary\/The-Princess-Of-Wales-6704980.avif?r=1769699229484\" media=\"screen\"><source type=\"image\/webp\" srcset=\"https:\/\/cdn.images.express.co.uk\/img\/dynamic\/106\/590x\/secondary\/The-Princess-Of-Wales-6704980.webp?r=1769699229484\" media=\"screen\"><img decoding=\"async\" class=\"zoomEnabled\" src=\"https:\/\/cdn.images.express.co.uk\/img\/dynamic\/106\/1200x712\/secondary\/The-Princess-Of-Wales-6704980.jpg?r=1769699229484\" alt=\"La princesa de Gales\" title=\"La princesa de Gales\" width=\"590\" height=\"1089\" loading=\"lazy\"\/><\/source><\/source><\/source><\/source><\/source><\/source><\/source><\/source><\/source><\/source><\/source><\/picture><\/p>\n<p><span class=\"newsCaption\">El Pr\u00edncipe y la Princesa de Gales visitaron Stirling y Falkirk la semana pasada, con Catherine luciendo azul <span class=\"caption\">(Imagen: Getty)<\/span><span class=\"magnifier\" data-img=\"https:\/\/cdn.images.express.co.uk\/img\/dynamic\/106\/1200x712\/secondary\/The-Princess-Of-Wales-6704980.jpg?r=1769699229484\"\/><\/span><\/div>\n<div class=\"text-description\">\n<p>Durante el a\u00f1o pasado, vi a la princesa Catalina duplicar su apuesta por una est\u00e9tica disciplinada y basada en su herencia: telas ricas, siluetas controladas y un brillo que silenciosamente se\u00f1ala su futuro como reina.<\/p>\n<\/div>\n<div class=\"text-description\">\n<p>Entonces, cuando Meghan, de 44 a\u00f1os, apareci\u00f3 d\u00edas despu\u00e9s en el estreno de Cookie Queens en Salt Lake City con un abrigo de Heidi Merrick en una familia de colores sorprendentemente similar, los paralelos fueron imposibles de ignorar.<\/p>\n<\/div>\n<div class=\"text-description\">\n<p>El look era limpio, entallado y deliberadamente sobrio, una marcada desviaci\u00f3n del estilo relajado de California que la duquesa ha favorecido desde que se alej\u00f3 de la vida real.<\/p>\n<\/div>\n<div class=\"text-description\">\n<p>En cambio, se sinti\u00f3 firmemente arraigado en el lenguaje de la moda que ahora posee Catherine, al mismo tiempo que se hac\u00eda eco de la herencia de prendas exteriores que Zara Tindall ha estado defendiendo durante todo el invierno, sobre todo en Cheltenham, solo 24 horas antes de que Meghan saliera.<\/p>\n<\/div>\n<div class=\"photo changeSpace\">\n<p class=\"withoutCaption\"><picture><source type=\"image\/avif\" srcset=\"https:\/\/cdn.images.express.co.uk\/img\/dynamic\/106\/1200x712\/secondary\/blue-coats-6704984.avif?r=1769699229491\" media=\"screen and (min-width:10000px)\"><source type=\"image\/webp\" srcset=\"https:\/\/cdn.images.express.co.uk\/img\/dynamic\/106\/1200x712\/secondary\/blue-coats-6704984.webp?r=1769699229491\" media=\"screen and (min-width:10000px)\"><source type=\"image\/jpeg\" srcset=\"https:\/\/cdn.images.express.co.uk\/img\/dynamic\/106\/1200x712\/secondary\/blue-coats-6704984.jpg?r=1769699229491\" media=\"screen and (min-width:10000px)\"><source type=\"image\/avif\" srcset=\"https:\/\/cdn.images.express.co.uk\/img\/dynamic\/106\/674x400\/secondary\/blue-coats-6704984.avif?r=1769699229491\" media=\"screen and (min-width:100000px)\"><source type=\"image\/webp\" srcset=\"https:\/\/cdn.images.express.co.uk\/img\/dynamic\/106\/674x400\/secondary\/blue-coats-6704984.webp?r=1769699229491\" media=\"screen and (min-width:100000px)\"><source type=\"image\/jpeg\" srcset=\"https:\/\/cdn.images.express.co.uk\/img\/dynamic\/106\/674x400\/secondary\/blue-coats-6704984.jpg?r=1769699229491\" media=\"screen and (min-width:100000px)\"><source type=\"image\/avif\" srcset=\"https:\/\/cdn.images.express.co.uk\/img\/dynamic\/106\/940x\/secondary\/blue-coats-6704984.avif?r=1769699229491\" media=\"screen and (min-width:1200px)\"><source type=\"image\/webp\" srcset=\"https:\/\/cdn.images.express.co.uk\/img\/dynamic\/106\/940x\/secondary\/blue-coats-6704984.webp?r=1769699229491\" media=\"screen and (min-width:1200px)\"><source type=\"image\/jpeg\" srcset=\"https:\/\/cdn.images.express.co.uk\/img\/dynamic\/106\/940x\/secondary\/blue-coats-6704984.jpg?r=1769699229491\" media=\"screen and (min-width:1200px)\"><source type=\"image\/avif\" srcset=\"https:\/\/cdn.images.express.co.uk\/img\/dynamic\/106\/590x\/secondary\/blue-coats-6704984.avif?r=1769699229491\" media=\"screen\"><source type=\"image\/webp\" srcset=\"https:\/\/cdn.images.express.co.uk\/img\/dynamic\/106\/590x\/secondary\/blue-coats-6704984.webp?r=1769699229491\" media=\"screen\"><img decoding=\"async\" class=\"zoomEnabled\" src=\"https:\/\/cdn.images.express.co.uk\/img\/dynamic\/106\/1200x712\/secondary\/blue-coats-6704984.jpg?r=1769699229491\" alt=\"abrigos azules\" title=\"abrigos azules\" width=\"590\" height=\"350\" loading=\"lazy\"\/><\/source><\/source><\/source><\/source><\/source><\/source><\/source><\/source><\/source><\/source><\/source><\/picture><\/p>\n<p><span class=\"newsCaption\">La Princesa de Gales suele apostar por los tonos azul marino en su armario <span class=\"caption\">(Imagen: Getty)<\/span><span class=\"magnifier\" data-img=\"https:\/\/cdn.images.express.co.uk\/img\/dynamic\/106\/1200x712\/secondary\/blue-coats-6704984.jpg?r=1769699229491\"\/><\/span><\/div>\n<div class=\"photo changeSpace\">\n<p class=\"withoutCaption\"><picture><source type=\"image\/avif\" srcset=\"https:\/\/cdn.images.express.co.uk\/img\/dynamic\/106\/1200x712\/secondary\/Meghan-Markle-6704998.avif?r=1769699229495\" media=\"screen and (min-width:10000px)\"><source type=\"image\/webp\" srcset=\"https:\/\/cdn.images.express.co.uk\/img\/dynamic\/106\/1200x712\/secondary\/Meghan-Markle-6704998.webp?r=1769699229495\" media=\"screen and (min-width:10000px)\"><source type=\"image\/jpeg\" srcset=\"https:\/\/cdn.images.express.co.uk\/img\/dynamic\/106\/1200x712\/secondary\/Meghan-Markle-6704998.jpg?r=1769699229495\" media=\"screen and (min-width:10000px)\"><source type=\"image\/avif\" srcset=\"https:\/\/cdn.images.express.co.uk\/img\/dynamic\/106\/674x400\/secondary\/Meghan-Markle-6704998.avif?r=1769699229495\" media=\"screen and (min-width:100000px)\"><source type=\"image\/webp\" srcset=\"https:\/\/cdn.images.express.co.uk\/img\/dynamic\/106\/674x400\/secondary\/Meghan-Markle-6704998.webp?r=1769699229495\" media=\"screen and (min-width:100000px)\"><source type=\"image\/jpeg\" srcset=\"https:\/\/cdn.images.express.co.uk\/img\/dynamic\/106\/674x400\/secondary\/Meghan-Markle-6704998.jpg?r=1769699229495\" media=\"screen and (min-width:100000px)\"><source type=\"image\/avif\" srcset=\"https:\/\/cdn.images.express.co.uk\/img\/dynamic\/106\/940x\/secondary\/Meghan-Markle-6704998.avif?r=1769699229495\" media=\"screen and (min-width:1200px)\"><source type=\"image\/webp\" srcset=\"https:\/\/cdn.images.express.co.uk\/img\/dynamic\/106\/940x\/secondary\/Meghan-Markle-6704998.webp?r=1769699229495\" media=\"screen and (min-width:1200px)\"><source type=\"image\/jpeg\" srcset=\"https:\/\/cdn.images.express.co.uk\/img\/dynamic\/106\/940x\/secondary\/Meghan-Markle-6704998.jpg?r=1769699229495\" media=\"screen and (min-width:1200px)\"><source type=\"image\/avif\" srcset=\"https:\/\/cdn.images.express.co.uk\/img\/dynamic\/106\/590x\/secondary\/Meghan-Markle-6704998.avif?r=1769699229495\" media=\"screen\"><source type=\"image\/webp\" srcset=\"https:\/\/cdn.images.express.co.uk\/img\/dynamic\/106\/590x\/secondary\/Meghan-Markle-6704998.webp?r=1769699229495\" media=\"screen\"><img decoding=\"async\" class=\"zoomEnabled\" src=\"https:\/\/cdn.images.express.co.uk\/img\/dynamic\/106\/1200x712\/secondary\/Meghan-Markle-6704998.jpg?r=1769699229495\" alt=\"Meghan Markle\" title=\"Meghan Markle\" width=\"590\" height=\"393\" loading=\"lazy\"\/><\/source><\/source><\/source><\/source><\/source><\/source><\/source><\/source><\/source><\/source><\/source><\/picture><\/p>\n<p><span class=\"newsCaption\">Meghan Markle luci\u00f3 notablemente con mechones m\u00e1s suaves, en comparaci\u00f3n con sus habituales ondas californianas. <span class=\"caption\">(Imagen: Getty)<\/span><span class=\"magnifier\" data-img=\"https:\/\/cdn.images.express.co.uk\/img\/dynamic\/106\/1200x712\/secondary\/Meghan-Markle-6704998.jpg?r=1769699229495\"\/><\/span><\/div>\n<div class=\"text-description\">\n<p>Hair tambi\u00e9n cont\u00f3 su propia historia y lo dijo todo. No pod\u00eda ignorar c\u00f3mo el estilo elegante y suavizado de Meghan contrastaba marcadamente con las ondas sueltas y deshechas que han definido su imagen posterior a Megxit.<\/p>\n<\/div>\n<div class=\"text-description\">\n<p>Este nivel de pulido es inconfundiblemente territorio de la Princesa Catalina: cabello brillante y controlado que enmarca el rostro y nunca distrae la atenci\u00f3n del mensaje.<\/p>\n<\/div>\n<div class=\"text-description\">\n<p>Catherine ha entendido desde hace tiempo que la moderaci\u00f3n indica confianza, raz\u00f3n por la cual la repentina adopci\u00f3n de la misma est\u00e9tica por parte de Meghan parece m\u00e1s deliberada que experimental.<\/p>\n<\/div>\n<div class=\"text-description\">\n<p>El momento solo agudiza el punto, ya que se produce despu\u00e9s de un comienzo tenso del nuevo a\u00f1o para los Sussex. El pr\u00edncipe Harry regres\u00f3 al Reino Unido para declarar en su batalla legal contra Associated Newspapers Limited (ANL), lo que devolvi\u00f3 a la pareja al centro de atenci\u00f3n brit\u00e1nico.<\/p>\n<\/div>\n<div class=\"photo changeSpace\">\n<p class=\"withoutCaption\"><picture><source type=\"image\/avif\" srcset=\"https:\/\/cdn.images.express.co.uk\/img\/dynamic\/106\/1200x712\/secondary\/The-Wales-6705023.avif?r=1769699229502\" media=\"screen and (min-width:10000px)\"><source type=\"image\/webp\" srcset=\"https:\/\/cdn.images.express.co.uk\/img\/dynamic\/106\/1200x712\/secondary\/The-Wales-6705023.webp?r=1769699229502\" media=\"screen and (min-width:10000px)\"><source type=\"image\/jpeg\" srcset=\"https:\/\/cdn.images.express.co.uk\/img\/dynamic\/106\/1200x712\/secondary\/The-Wales-6705023.jpg?r=1769699229502\" media=\"screen and (min-width:10000px)\"><source type=\"image\/avif\" srcset=\"https:\/\/cdn.images.express.co.uk\/img\/dynamic\/106\/674x400\/secondary\/The-Wales-6705023.avif?r=1769699229502\" media=\"screen and (min-width:100000px)\"><source type=\"image\/webp\" srcset=\"https:\/\/cdn.images.express.co.uk\/img\/dynamic\/106\/674x400\/secondary\/The-Wales-6705023.webp?r=1769699229502\" media=\"screen and (min-width:100000px)\"><source type=\"image\/jpeg\" srcset=\"https:\/\/cdn.images.express.co.uk\/img\/dynamic\/106\/674x400\/secondary\/The-Wales-6705023.jpg?r=1769699229502\" media=\"screen and (min-width:100000px)\"><source type=\"image\/avif\" srcset=\"https:\/\/cdn.images.express.co.uk\/img\/dynamic\/106\/940x\/secondary\/The-Wales-6705023.avif?r=1769699229502\" media=\"screen and (min-width:1200px)\"><source type=\"image\/webp\" srcset=\"https:\/\/cdn.images.express.co.uk\/img\/dynamic\/106\/940x\/secondary\/The-Wales-6705023.webp?r=1769699229502\" media=\"screen and (min-width:1200px)\"><source type=\"image\/jpeg\" srcset=\"https:\/\/cdn.images.express.co.uk\/img\/dynamic\/106\/940x\/secondary\/The-Wales-6705023.jpg?r=1769699229502\" media=\"screen and (min-width:1200px)\"><source type=\"image\/avif\" srcset=\"https:\/\/cdn.images.express.co.uk\/img\/dynamic\/106\/590x\/secondary\/The-Wales-6705023.avif?r=1769699229502\" media=\"screen\"><source type=\"image\/webp\" srcset=\"https:\/\/cdn.images.express.co.uk\/img\/dynamic\/106\/590x\/secondary\/The-Wales-6705023.webp?r=1769699229502\" media=\"screen\"><img decoding=\"async\" class=\"zoomEnabled\" src=\"https:\/\/cdn.images.express.co.uk\/img\/dynamic\/106\/1200x712\/secondary\/The-Wales-6705023.jpg?r=1769699229502\" alt=\"Los galeses\" title=\"Los galeses\" width=\"590\" height=\"792\" loading=\"lazy\"\/><\/source><\/source><\/source><\/source><\/source><\/source><\/source><\/source><\/source><\/source><\/source><\/picture><\/p>\n<p><span class=\"newsCaption\">La Princesa de Gales fue fotografiada con un llamativo abrigo marr\u00f3n el d\u00eda de Navidad <span class=\"caption\">(Imagen: Getty)<\/span><span class=\"magnifier\" data-img=\"https:\/\/cdn.images.express.co.uk\/img\/dynamic\/106\/1200x712\/secondary\/The-Wales-6705023.jpg?r=1769699229502\"\/><\/span><\/div>\n<div class=\"text-description\">\n<p>El patr\u00f3n no se detuvo ah\u00ed. Cuando Meghan sali\u00f3 por segunda vez a Utah con un abrigo marr\u00f3n de Anine Bing, me result\u00f3 imposible pasar por alto el simbolismo codificado por la princesa Catalina.<\/p>\n<\/div>\n<div class=\"text-description\">\n<p>El marr\u00f3n se ha convertido silenciosamente en el color poderoso de la princesa Catalina usado el d\u00eda de Navidad y repetidamente a lo largo de 2025. <\/p>\n<\/div>\n<div class=\"text-description\">\n<p>Es una sombra que ella ha transformado en una abreviatura de la autoridad real moderna. El hecho de que Meghan adopte esa misma paleta me dice que est\u00e1 prestando mucha atenci\u00f3n a lo que ahora tiene peso en la \u00f3ptica de la moda real.<\/p>\n<\/div>\n<div class=\"text-description\">\n<p>Entonces, \u00bfMeghan est\u00e1 volviendo a su brillo pre-real? Para m\u00ed, est\u00e1 claramente copiando el marco visual que la princesa Catalina ha pasado a\u00f1os perfeccionando.<\/p>\n<\/div>\n<div class=\"photo changeSpace\">\n<p class=\"withoutCaption\"><picture><source type=\"image\/avif\" srcset=\"https:\/\/cdn.images.express.co.uk\/img\/dynamic\/106\/1200x712\/secondary\/Meghan-Markle-and-Princess-Kate-6705028.avif?r=1769699229507\" media=\"screen and (min-width:10000px)\"><source type=\"image\/webp\" srcset=\"https:\/\/cdn.images.express.co.uk\/img\/dynamic\/106\/1200x712\/secondary\/Meghan-Markle-and-Princess-Kate-6705028.webp?r=1769699229507\" media=\"screen and (min-width:10000px)\"><source type=\"image\/jpeg\" srcset=\"https:\/\/cdn.images.express.co.uk\/img\/dynamic\/106\/1200x712\/secondary\/Meghan-Markle-and-Princess-Kate-6705028.jpg?r=1769699229507\" media=\"screen and (min-width:10000px)\"><source type=\"image\/avif\" srcset=\"https:\/\/cdn.images.express.co.uk\/img\/dynamic\/106\/674x400\/secondary\/Meghan-Markle-and-Princess-Kate-6705028.avif?r=1769699229507\" media=\"screen and (min-width:100000px)\"><source type=\"image\/webp\" srcset=\"https:\/\/cdn.images.express.co.uk\/img\/dynamic\/106\/674x400\/secondary\/Meghan-Markle-and-Princess-Kate-6705028.webp?r=1769699229507\" media=\"screen and (min-width:100000px)\"><source type=\"image\/jpeg\" srcset=\"https:\/\/cdn.images.express.co.uk\/img\/dynamic\/106\/674x400\/secondary\/Meghan-Markle-and-Princess-Kate-6705028.jpg?r=1769699229507\" media=\"screen and (min-width:100000px)\"><source type=\"image\/avif\" srcset=\"https:\/\/cdn.images.express.co.uk\/img\/dynamic\/106\/940x\/secondary\/Meghan-Markle-and-Princess-Kate-6705028.avif?r=1769699229507\" media=\"screen and (min-width:1200px)\"><source type=\"image\/webp\" srcset=\"https:\/\/cdn.images.express.co.uk\/img\/dynamic\/106\/940x\/secondary\/Meghan-Markle-and-Princess-Kate-6705028.webp?r=1769699229507\" media=\"screen and (min-width:1200px)\"><source type=\"image\/jpeg\" srcset=\"https:\/\/cdn.images.express.co.uk\/img\/dynamic\/106\/940x\/secondary\/Meghan-Markle-and-Princess-Kate-6705028.jpg?r=1769699229507\" media=\"screen and (min-width:1200px)\"><source type=\"image\/avif\" srcset=\"https:\/\/cdn.images.express.co.uk\/img\/dynamic\/106\/590x\/secondary\/Meghan-Markle-and-Princess-Kate-6705028.avif?r=1769699229507\" media=\"screen\"><source type=\"image\/webp\" srcset=\"https:\/\/cdn.images.express.co.uk\/img\/dynamic\/106\/590x\/secondary\/Meghan-Markle-and-Princess-Kate-6705028.webp?r=1769699229507\" media=\"screen\"><img decoding=\"async\" class=\"zoomEnabled\" src=\"https:\/\/cdn.images.express.co.uk\/img\/dynamic\/106\/1200x712\/secondary\/Meghan-Markle-and-Princess-Kate-6705028.jpg?r=1769699229507\" alt=\"Meghan Markle y la princesa Kate\" title=\"Meghan Markle y la princesa Kate\" width=\"590\" height=\"350\" loading=\"lazy\"\/><\/source><\/source><\/source><\/source><\/source><\/source><\/source><\/source><\/source><\/source><\/source><\/picture><\/p>\n<p><span class=\"newsCaption\">La princesa Catalina ha defendido tanto el marr\u00f3n como el burdeos el a\u00f1o pasado. <span class=\"caption\">(Imagen: Getty)<\/span><span class=\"magnifier\" data-img=\"https:\/\/cdn.images.express.co.uk\/img\/dynamic\/106\/1200x712\/secondary\/Meghan-Markle-and-Princess-Kate-6705028.jpg?r=1769699229507\"\/><\/span><\/div>\n<div class=\"text-description\">\n<p>El estilo de Catherine nunca ha consistido en reinvenci\u00f3n; se trata de coherencia, credibilidad y mando silencioso.<\/p>\n<\/div>\n<div class=\"text-description\">\n<p>El cambio de vestuario de Meghan me dice que entiende que en 2026, el esmalte tiene mucho m\u00e1s poder que el que alguna vez tuvo la rebeli\u00f3n.<\/p>\n<\/div>\n<div class=\"text-description\">\n<p>En la moda real, la ropa nunca es s\u00f3lo ropa: es posicionamiento. Y en este momento, Meghan Markle no se viste para distanciarse de la monarqu\u00eda, sino que se inspira deliberadamente en sus c\u00f3digos visuales m\u00e1s autorizados.<\/p>\n<\/div>\n<\/div>\n\n","protected":false},"excerpt":{"rendered":"<p>Meghan Markle &#39;copia&#39; a la princesa Kate en una revisi\u00f3n de estilo de a\u00f1o nuevo (Imagen: Getty) Las recientes elecciones de vestuario real de Meghan Markle parecen calculadas m\u00e1s que coincidentes, marcadas por un nuevo nivel de moderaci\u00f3n. Como experta en moda real, lo que m\u00e1s me sorprende no es simplemente lo que lleva puesto, &hellip;<\/p>\n","protected":false},"author":1,"featured_media":57607,"comment_status":"open","ping_status":"open","sticky":false,"template":"","format":"standard","meta":{"fifu_image_url":"https:\/\/cdn.images.express.co.uk\/img\/dynamic\/106\/1200x630\/6705051.jpg","fifu_image_alt":"","footnotes":""},"categories":[10],"tags":[],"class_list":["post-57605","post","type-post","status-publish","format-standard","has-post-thumbnail","","category-moda"],"_links":{"self":[{"href":"https:\/\/noticiasveraces.com\/index.php?rest_route=\/wp\/v2\/posts\/57605","targetHints":{"allow":["GET"]}}],"collection":[{"href":"https:\/\/noticiasveraces.com\/index.php?rest_route=\/wp\/v2\/posts"}],"about":[{"href":"https:\/\/noticiasveraces.com\/index.php?rest_route=\/wp\/v2\/types\/post"}],"author":[{"embeddable":true,"href":"https:\/\/noticiasveraces.com\/index.php?rest_route=\/wp\/v2\/users\/1"}],"replies":[{"embeddable":true,"href":"https:\/\/noticiasveraces.com\/index.php?rest_route=%2Fwp%2Fv2%2Fcomments&post=57605"}],"version-history":[{"count":0,"href":"https:\/\/noticiasveraces.com\/index.php?rest_route=\/wp\/v2\/posts\/57605\/revisions"}],"wp:featuredmedia":[{"embeddable":true,"href":"https:\/\/noticiasveraces.com\/index.php?rest_route=\/wp\/v2\/media\/57607"}],"wp:attachment":[{"href":"https:\/\/noticiasveraces.com\/index.php?rest_route=%2Fwp%2Fv2%2Fmedia&parent=57605"}],"wp:term":[{"taxonomy":"category","embeddable":true,"href":"https:\/\/noticiasveraces.com\/index.php?rest_route=%2Fwp%2Fv2%2Fcategories&post=57605"},{"taxonomy":"post_tag","embeddable":true,"href":"https:\/\/noticiasveraces.com\/index.php?rest_route=%2Fwp%2Fv2%2Ftags&post=57605"}],"curies":[{"name":"wp","href":"https:\/\/api.w.org\/{rel}","templated":true}]}}