{"id":57563,"date":"2026-01-29T23:19:50","date_gmt":"2026-01-30T03:19:50","guid":{"rendered":"https:\/\/noticiasveraces.com\/?p=57563"},"modified":"2026-01-29T23:19:50","modified_gmt":"2026-01-30T03:19:50","slug":"descubren-una-nueva-consecuencia-peligrosa-de-la-deficiencia-de-vitamina-d-en-adultos-mayores","status":"publish","type":"post","link":"https:\/\/noticiasveraces.com\/?p=57563","title":{"rendered":"Descubren una nueva consecuencia peligrosa de la deficiencia de vitamina D en adultos mayores"},"content":{"rendered":"<p> \n<\/p>\n<div>\n<p>Un equipo de cient\u00edficos de la Universidad de Surrey ha descubierto que la deficiencia grave de vitamina D aumenta significativamente el riesgo de hospitalizaci\u00f3n por infecciones respiratorias como bronquitis y neumon\u00eda, seg\u00fan los resultados de su estudio\u00a0publicado\u00a0en la revista The American Journal of Clinical Nutrition (AJCN).<\/p>\n<p>La investigaci\u00f3n se bas\u00f3 en datos de 36.258 adultos de mediana y avanzada edad, grupo para el que las infecciones de las v\u00edas respiratorias inferiores siguen siendo una de las principales causas de muerte.<\/p>\n<p>El an\u00e1lisis revel\u00f3 que las personas con deficiencia grave de vitamina D en sangre (menos de 15 nmol\/L) ten\u00edan un 33 % m\u00e1s de probabilidades de ser hospitalizadas por una infecci\u00f3n respiratoria en comparaci\u00f3n con aquellas cuyos niveles alcanzaban los 75 nmol\/L o superiores. Cada incremento de 10 nmol\/L en los niveles de vitamina D se asoci\u00f3 con una reducci\u00f3n aproximada del 4 % en el riesgo de hospitalizaci\u00f3n.<\/p>\n<div class=\"ReadMore-root Section-root Section-is1to3-xs_is1to1\" data-widgets=\"ReadMore\">\n<div class=\"Section-container Section-isRow-isTop-isWrap\">\n<article class=\"Card-root Card-is1to1 Card-default \">\n<div class=\"Card-imageWrap\">\n<div class=\"Card-picture\">\n<picture class=\"Picture-root Picture-default\"><!--[if IE 9]><video style=\"display: none;\"><![endif]--><source media=\"(-webkit-min-device-pixel-ratio: 2) and (min-resolution: 120dpi)\" data-srcset=\"&#10;                                            https:\/\/mfes.b37m.ru\/actualidad\/public_images\/2026.01\/thumbnail\/69702e03e9ff7113de69296b.jpg 850w,&#10;                                    https:\/\/mfes.b37m.ru\/actualidad\/public_images\/2026.01\/article\/69702e03e9ff7113de69296b.jpg 1960w,            \" srcset=\"&#10;                                    data:image\/png;base64,iVBORw0KGgoAAAANSUhEUgAAABAAAAAJCAQAAACRI2S5AAAAEElEQVR42mNkIAAYRxWAAQAG9gAKqv6+AwAAAABJRU5ErkJggg==&#10;                            \"><source data-srcset=\"&#10;                                            https:\/\/mfes.b37m.ru\/actualidad\/public_images\/2026.01\/thumbnail\/69702e03e9ff7113de69296b.jpg 460,&#10;                                  https:\/\/mfes.b37m.ru\/actualidad\/public_images\/2026.01\/article\/69702e03e9ff7113de69296b.jpg 980w,&#10;            \" srcset=\"&#10;                                    data:image\/png;base64,iVBORw0KGgoAAAANSUhEUgAAABAAAAAJCAQAAACRI2S5AAAAEElEQVR42mNkIAAYRxWAAQAG9gAKqv6+AwAAAABJRU5ErkJggg==&#10;                            \"><!--[if IE 9]><\/video><![endif]--><img decoding=\"async\" data-sizes=\"auto\" src=\"&#10;                                    data:image\/png;base64,iVBORw0KGgoAAAANSUhEUgAAABAAAAAJCAQAAACRI2S5AAAAEElEQVR42mNkIAAYRxWAAQAG9gAKqv6+AwAAAABJRU5ErkJggg==&#10;                            \" class=\"Picture-root Picture-default lazyload\" data-src=\"https:\/\/mfes.b37m.ru\/actualidad\/public_images\/2026.01\/thumbnail\/69702e03e9ff7113de69296b.jpg\" alt=\"\u00a1No es el fr\u00edo!: El verdadero culpable de las enfermedades invernales queda al descubierto\"\/><\/source><\/source><\/picture><!-- noscript pattern --><img decoding=\"async\" src=\"https:\/\/mfes.b37m.ru\/actualidad\/public_images\/2026.01\/article\/69702e03e9ff7113de69296b.jpg\" alt=\"\u00a1No es el fr\u00edo!: El verdadero culpable de las enfermedades invernales queda al descubierto\"\/>    <\/div>\n<\/p><\/div>\n<\/article><\/div>\n<\/p><\/div>\n<p>Los autores del estudio se\u00f1alan que la vitamina D, conocida como la &#8216;la vitamina del sol&#8217; porque el organismo la sintetiza al exponerse a la luz solar, no solo protege la salud \u00f3sea y muscular, sino que tambi\u00e9n interviene en el funcionamiento del sistema inmunitario. Seg\u00fan Abi Bournot, autora principal de la investigaci\u00f3n, la vitamina D influye en los mecanismos antivirales y antibacterianos, ayudando al organismo a responder con mayor eficacia a las infecciones respiratorias y a reducir la probabilidad de enfermedades graves.<\/p>\n<p>Los investigadores prestaron especial atenci\u00f3n a los grupos de alto riesgo. En las personas mayores, las infecciones pulmonares tienen mayor probabilidad de provocar complicaciones y la muerte. Durante los meses de invierno, cuando la luz solar es escasa, el riesgo de deficiencia aumenta en toda la poblaci\u00f3n.<\/p>\n<p>\u00abLa suplementaci\u00f3n con esta vitamina, especialmente durante los meses de invierno, cuando nuestra exposici\u00f3n a la luz solar es limitada, es una forma eficaz de aumentar los niveles de vitamina D y reducir el riesgo de infecciones respiratorias graves. Esto es especialmente importante para las personas mayores, que tienen un mayor riesgo de muerte por estas infecciones\u00bb,\u00a0recomend\u00f3 Bournot.<\/p>\n<\/div>\n\n","protected":false},"excerpt":{"rendered":"<p>Un equipo de cient\u00edficos de la Universidad de Surrey ha descubierto que la deficiencia grave de vitamina D aumenta significativamente el riesgo de hospitalizaci\u00f3n por infecciones respiratorias como bronquitis y neumon\u00eda, seg\u00fan los resultados de su estudio\u00a0publicado\u00a0en la revista The American Journal of Clinical Nutrition (AJCN). La investigaci\u00f3n se bas\u00f3 en datos de 36.258 adultos &hellip;<\/p>\n","protected":false},"author":1,"featured_media":57565,"comment_status":"open","ping_status":"open","sticky":false,"template":"","format":"standard","meta":{"fifu_image_url":"https:\/\/mfes.b37m.ru\/actualidad\/public_images\/2026.01\/article\/697a0582e9ff71433757d3be.jpg","fifu_image_alt":"","footnotes":""},"categories":[13],"tags":[],"class_list":["post-57563","post","type-post","status-publish","format-standard","has-post-thumbnail","","category-mundo"],"_links":{"self":[{"href":"https:\/\/noticiasveraces.com\/index.php?rest_route=\/wp\/v2\/posts\/57563","targetHints":{"allow":["GET"]}}],"collection":[{"href":"https:\/\/noticiasveraces.com\/index.php?rest_route=\/wp\/v2\/posts"}],"about":[{"href":"https:\/\/noticiasveraces.com\/index.php?rest_route=\/wp\/v2\/types\/post"}],"author":[{"embeddable":true,"href":"https:\/\/noticiasveraces.com\/index.php?rest_route=\/wp\/v2\/users\/1"}],"replies":[{"embeddable":true,"href":"https:\/\/noticiasveraces.com\/index.php?rest_route=%2Fwp%2Fv2%2Fcomments&post=57563"}],"version-history":[{"count":0,"href":"https:\/\/noticiasveraces.com\/index.php?rest_route=\/wp\/v2\/posts\/57563\/revisions"}],"wp:featuredmedia":[{"embeddable":true,"href":"https:\/\/noticiasveraces.com\/index.php?rest_route=\/wp\/v2\/media\/57565"}],"wp:attachment":[{"href":"https:\/\/noticiasveraces.com\/index.php?rest_route=%2Fwp%2Fv2%2Fmedia&parent=57563"}],"wp:term":[{"taxonomy":"category","embeddable":true,"href":"https:\/\/noticiasveraces.com\/index.php?rest_route=%2Fwp%2Fv2%2Fcategories&post=57563"},{"taxonomy":"post_tag","embeddable":true,"href":"https:\/\/noticiasveraces.com\/index.php?rest_route=%2Fwp%2Fv2%2Ftags&post=57563"}],"curies":[{"name":"wp","href":"https:\/\/api.w.org\/{rel}","templated":true}]}}