{"id":57539,"date":"2026-01-29T19:16:13","date_gmt":"2026-01-29T23:16:13","guid":{"rendered":"https:\/\/noticiasveraces.com\/?p=57539"},"modified":"2026-01-29T19:16:13","modified_gmt":"2026-01-29T23:16:13","slug":"la-ue-designa-al-irgc-de-iran-como-organizacion-terrorista-en-medio-de-sanciones","status":"publish","type":"post","link":"https:\/\/noticiasveraces.com\/?p=57539","title":{"rendered":"La UE designa al IRGC de Ir\u00e1n como organizaci\u00f3n terrorista en medio de sanciones"},"content":{"rendered":"<p> \n<\/p>\n<div>\n<div id=\"beyondwords-wrapper\" class=\"beyondwords-wrapper\">\n<p><span class=\"label-bg\">NUEVO<\/span>\u00a1Ahora puedes escuchar los art\u00edculos de Fox News!\n  <\/p>\n<\/div>\n<p class=\"speakable\">La Uni\u00f3n Europea (UE) tom\u00f3 medidas el jueves para designar al Cuerpo de la Guardia Revolucionaria Isl\u00e1mica de Ir\u00e1n (CGRI) como organizaci\u00f3n terrorista, y Alemania se comprometi\u00f3 a convertir la decisi\u00f3n en una lista legalmente vinculante lo m\u00e1s r\u00e1pido posible.<\/p>\n<p class=\"speakable\">La medida tambi\u00e9n se produjo junto con una nueva ronda de sanciones de la UE contra funcionarios y entidades iran\u00edes en medio de la violenta represi\u00f3n de las protestas y los asesinatos en masa que se han extendido por todo el pa\u00eds desde el 28 de diciembre.<\/p>\n<p>Las medidas tambi\u00e9n incluyeron el apoyo militar de Teher\u00e1n a Rusia.<\/p>\n<p>La presidenta de la Comisi\u00f3n Europea, Ursula von der Leyen, acogi\u00f3 con satisfacci\u00f3n la designaci\u00f3n y el paquete de sanciones el jueves.<\/p>\n<p><strong>MILicias armadas disparan ametralladoras pesadas a trav\u00e9s de las calles de Teher\u00e1n en ataques nocturnos mortales<\/strong><\/p>\n<div class=\"image-ct inline\">\n<div class=\"m\"><picture><source media=\"(max-width: 767px)\" srcset=\"https:\/\/a57.foxnews.com\/static.foxnews.com\/foxnews.com\/content\/uploads\/2025\/06\/343\/192\/russia-sanctions-package.png?ve=1&amp;tl=1, https:\/\/a57.foxnews.com\/static.foxnews.com\/foxnews.com\/content\/uploads\/2025\/06\/686\/384\/russia-sanctions-package.png?ve=1&amp;tl=1 2x\" height=\"192\" width=\"343\"><source media=\"(min-width: 768px) and (max-width: 1023px)\" srcset=\"https:\/\/a57.foxnews.com\/static.foxnews.com\/foxnews.com\/content\/uploads\/2025\/06\/672\/378\/russia-sanctions-package.png?ve=1&amp;tl=1, https:\/\/a57.foxnews.com\/static.foxnews.com\/foxnews.com\/content\/uploads\/2025\/06\/1344\/756\/russia-sanctions-package.png?ve=1&amp;tl=1 2x\" height=\"378\" width=\"672\"><source media=\"(min-width: 1024px) and (max-width: 1279px)\" srcset=\"https:\/\/a57.foxnews.com\/static.foxnews.com\/foxnews.com\/content\/uploads\/2025\/06\/931\/523\/russia-sanctions-package.png?ve=1&amp;tl=1, https:\/\/a57.foxnews.com\/static.foxnews.com\/foxnews.com\/content\/uploads\/2025\/06\/1862\/1046\/russia-sanctions-package.png?ve=1&amp;tl=1 2x\" height=\"523\" width=\"931\"><source media=\"(min-width: 1280px)\" srcset=\"https:\/\/a57.foxnews.com\/static.foxnews.com\/foxnews.com\/content\/uploads\/2025\/06\/720\/405\/russia-sanctions-package.png?ve=1&amp;tl=1, https:\/\/a57.foxnews.com\/static.foxnews.com\/foxnews.com\/content\/uploads\/2025\/06\/1440\/810\/russia-sanctions-package.png?ve=1&amp;tl=1 2x\" height=\"405\" width=\"720\"><img loading=\"lazy\" decoding=\"async\" src=\"https:\/\/a57.foxnews.com\/static.foxnews.com\/foxnews.com\/content\/uploads\/2025\/06\/1200\/675\/russia-sanctions-package.png?ve=1&amp;tl=1\" alt=\"Ursula von der Leyen y Kaja Kallas hablando con la prensa.\" width=\"1200\" height=\"675\"\/><\/source><\/source><\/source><\/source><\/picture><\/div>\n<div class=\"info\">\n<div class=\"caption\">\n<p><span>La vicepresidenta de la Comisi\u00f3n Europea, la alta representante para Asuntos Exteriores y Pol\u00edtica de Seguridad, Kaja Kallas (izquierda), y la presidenta de la Comisi\u00f3n Europea, Ursula von der Leyen, hablan con los medios de comunicaci\u00f3n.<\/span> <span>(Thierry Monasse\/Getty Images)<\/span><\/p>\n<\/div>\n<\/div>\n<\/div>\n<p>\u00abDoy la bienvenida al acuerdo pol\u00edtico sobre nuevas sanciones contra el r\u00e9gimen asesino iran\u00ed\u00bb, escribi\u00f3 von der Leyen en una publicaci\u00f3n en X. \u00abY sobre la designaci\u00f3n del Cuerpo de la Guardia Revolucionaria Isl\u00e1mica como organizaci\u00f3n terrorista. Esto estaba muy retrasado\u00bb.<\/p>\n<p>Y a\u00f1adi\u00f3: \u00ab&#39;Terrorista&#39; es, de hecho, como se llama a un r\u00e9gimen que aplasta con sangre las protestas de su propio pueblo. Europa apoya al pueblo de Ir\u00e1n en su valiente lucha por la libertad\u00bb.<\/p>\n<p>Mientras tanto, el Ministro de Asuntos Exteriores de Alemania, Johann Wadephul, dijo que la UE actuar\u00eda r\u00e1pidamente para implementar la designaci\u00f3n, calific\u00e1ndola de una fuerte se\u00f1al pol\u00edtica que reflejaba la escala de la represi\u00f3n dentro de Ir\u00e1n.<\/p>\n<p>\u00abEl pr\u00f3ximo paso ser\u00e1 la r\u00e1pida implementaci\u00f3n hacia una inclusi\u00f3n jur\u00eddicamente vinculante\u00bb, advirti\u00f3 Wadephul, a\u00f1adiendo que la UE est\u00e1 \u00abal lado del pueblo iran\u00ed\u00bb contra la represi\u00f3n.<\/p>\n<p>Wadephul acus\u00f3 al IRGC y sus fuerzas auxiliares de enfrentarse a los manifestantes con extrema violencia, llevar a cabo ejecuciones y tener un papel desestabilizador en todo Oriente Medio.<\/p>\n<p>Hasta el jueves, la Agencia de Noticias de Activistas de Derechos Humanos inform\u00f3 de 6.373 muertes confirmadas, con 17.091 muertes adicionales bajo revisi\u00f3n.<\/p>\n<p><strong>Las \u00e9lites del r\u00e9gimen iran\u00ed supuestamente sacan millones de d\u00f3lares del pa\u00eds en medio de sanciones.<\/strong><\/p>\n<div class=\"image-ct inline\">\n<div class=\"m\"><picture><source media=\"(max-width: 767px)\" srcset=\"https:\/\/a57.foxnews.com\/static.foxnews.com\/foxnews.com\/content\/uploads\/2026\/01\/343\/192\/iran-protesters.jpg?ve=1&amp;tl=1, https:\/\/a57.foxnews.com\/static.foxnews.com\/foxnews.com\/content\/uploads\/2026\/01\/686\/384\/iran-protesters.jpg?ve=1&amp;tl=1 2x\" height=\"192\" width=\"343\"><source media=\"(min-width: 768px) and (max-width: 1023px)\" srcset=\"https:\/\/a57.foxnews.com\/static.foxnews.com\/foxnews.com\/content\/uploads\/2026\/01\/672\/378\/iran-protesters.jpg?ve=1&amp;tl=1, https:\/\/a57.foxnews.com\/static.foxnews.com\/foxnews.com\/content\/uploads\/2026\/01\/1344\/756\/iran-protesters.jpg?ve=1&amp;tl=1 2x\" height=\"378\" width=\"672\"><source media=\"(min-width: 1024px) and (max-width: 1279px)\" srcset=\"https:\/\/a57.foxnews.com\/static.foxnews.com\/foxnews.com\/content\/uploads\/2026\/01\/931\/523\/iran-protesters.jpg?ve=1&amp;tl=1, https:\/\/a57.foxnews.com\/static.foxnews.com\/foxnews.com\/content\/uploads\/2026\/01\/1862\/1046\/iran-protesters.jpg?ve=1&amp;tl=1 2x\" height=\"523\" width=\"931\"><source media=\"(min-width: 1280px)\" srcset=\"https:\/\/a57.foxnews.com\/static.foxnews.com\/foxnews.com\/content\/uploads\/2026\/01\/720\/405\/iran-protesters.jpg?ve=1&amp;tl=1, https:\/\/a57.foxnews.com\/static.foxnews.com\/foxnews.com\/content\/uploads\/2026\/01\/1440\/810\/iran-protesters.jpg?ve=1&amp;tl=1 2x\" height=\"405\" width=\"720\"><img loading=\"lazy\" decoding=\"async\" src=\"https:\/\/a57.foxnews.com\/static.foxnews.com\/foxnews.com\/content\/uploads\/2026\/01\/1200\/675\/iran-protesters.jpg?ve=1&amp;tl=1\" alt=\"Coches en llamas se alinean en una calle de Teher\u00e1n mientras se eleva un denso humo durante los disturbios.\" width=\"1200\" height=\"675\"\/><\/source><\/source><\/source><\/source><\/picture><\/div>\n<div class=\"info\">\n<div class=\"caption\">\n<p><span>Coches arden en una calle durante una protesta por el colapso del valor de la moneda en Teher\u00e1n, Ir\u00e1n, el 8 de enero de 2026.<\/span> <span>(Stringer\/WANA v\u00eda Reuters)<\/span><\/p>\n<\/div>\n<\/div>\n<\/div>\n<p>La organizaci\u00f3n tambi\u00e9n cit\u00f3 las continuas restricciones de comunicaci\u00f3n, la restauraci\u00f3n limitada de Internet y las continuas consecuencias econ\u00f3micas y sociales, diciendo que los arrestos y la presi\u00f3n de seguridad hab\u00edan entrado en lo que describi\u00f3 como una \u00abfase posterior a la represi\u00f3n\u00bb.<\/p>\n<p>Seg\u00fan Reuters, los ministros de Asuntos Exteriores de la UE tambi\u00e9n aprobaron nuevas sanciones de derechos humanos dirigidas a \u00abindividuos y entidades\u00bb iran\u00edes vinculados a la represi\u00f3n de las protestas.<\/p>\n<p>Entre los sancionados se encuentran el ministro del Interior de Ir\u00e1n, altos comandantes del IRGC, jefes de polic\u00eda, jueces de tribunales revolucionarios y funcionarios cibern\u00e9ticos involucrados en censura y vigilancia.<\/p>\n<p>Algunos tambi\u00e9n ser\u00e1n sancionados por \u00abbrindar apoyo\u00bb a Rusia, se\u00f1al\u00f3 Reuters.<\/p>\n<p><strong>LINDSEY GRAHAM LLAMA A UTILIZAR &#39;CUALQUIER MEDIO NECESARIO&#39; PARA DETENER A LAS PERSONAS DETR\u00c1S DEL ASESINATO DE IRAN\u00cdES<\/strong><\/p>\n<div class=\"image-ct inline\">\n<div class=\"m\"><picture><source media=\"(max-width: 767px)\" srcset=\"https:\/\/a57.foxnews.com\/static.foxnews.com\/foxnews.com\/content\/uploads\/2026\/01\/343\/192\/iran-military-rally-001.jpg?ve=1&amp;tl=1, https:\/\/a57.foxnews.com\/static.foxnews.com\/foxnews.com\/content\/uploads\/2026\/01\/686\/384\/iran-military-rally-001.jpg?ve=1&amp;tl=1 2x\" height=\"192\" width=\"343\"><source media=\"(min-width: 768px) and (max-width: 1023px)\" srcset=\"https:\/\/a57.foxnews.com\/static.foxnews.com\/foxnews.com\/content\/uploads\/2026\/01\/672\/378\/iran-military-rally-001.jpg?ve=1&amp;tl=1, https:\/\/a57.foxnews.com\/static.foxnews.com\/foxnews.com\/content\/uploads\/2026\/01\/1344\/756\/iran-military-rally-001.jpg?ve=1&amp;tl=1 2x\" height=\"378\" width=\"672\"><source media=\"(min-width: 1024px) and (max-width: 1279px)\" srcset=\"https:\/\/a57.foxnews.com\/static.foxnews.com\/foxnews.com\/content\/uploads\/2026\/01\/931\/523\/iran-military-rally-001.jpg?ve=1&amp;tl=1, https:\/\/a57.foxnews.com\/static.foxnews.com\/foxnews.com\/content\/uploads\/2026\/01\/1862\/1046\/iran-military-rally-001.jpg?ve=1&amp;tl=1 2x\" height=\"523\" width=\"931\"><source media=\"(min-width: 1280px)\" srcset=\"https:\/\/a57.foxnews.com\/static.foxnews.com\/foxnews.com\/content\/uploads\/2026\/01\/720\/405\/iran-military-rally-001.jpg?ve=1&amp;tl=1, https:\/\/a57.foxnews.com\/static.foxnews.com\/foxnews.com\/content\/uploads\/2026\/01\/1440\/810\/iran-military-rally-001.jpg?ve=1&amp;tl=1 2x\" height=\"405\" width=\"720\"><img loading=\"lazy\" decoding=\"async\" src=\"https:\/\/a57.foxnews.com\/static.foxnews.com\/foxnews.com\/content\/uploads\/2026\/01\/1200\/675\/iran-military-rally-001.jpg?ve=1&amp;tl=1\" alt=\"Ir\u00e1n militar Teher\u00e1n\" width=\"1200\" height=\"675\"\/><\/source><\/source><\/source><\/source><\/picture><\/div>\n<div class=\"info\">\n<div class=\"caption\">\n<p><span>La UE design\u00f3 al Cuerpo de la Guardia Revolucionaria Isl\u00e1mica de Ir\u00e1n como organizaci\u00f3n terrorista, y Ursula von der Leyen prometi\u00f3 una r\u00e1pida implementaci\u00f3n despu\u00e9s de una violenta represi\u00f3n.<\/span> <span>(Morteza Nikoubazl\/NurPhoto v\u00eda Getty Images)<\/span><\/p>\n<\/div>\n<\/div>\n<\/div>\n<p>Estados Unidos design\u00f3 al IRGC como organizaci\u00f3n terrorista extranjera en abril de 2019. Canad\u00e1 lo sigui\u00f3 en junio de 2024. Bahrein y Arabia Saudita tambi\u00e9n designaron al IRGC como grupo terrorista.<\/p>\n<p>El grupo de defensa Unidos Contra el Ir\u00e1n Nuclear (UANI) acogi\u00f3 con satisfacci\u00f3n la medida de la UE e inst\u00f3 a una r\u00e1pida implementaci\u00f3n, pidiendo al Reino Unido que haga lo mismo.<\/p>\n<p>\u00abLa UANI aplaude a la UE por anunciar su intenci\u00f3n de designar al IRGC, el ej\u00e9rcito ideol\u00f3gico de la Rep\u00fablica Isl\u00e1mica, como los terroristas que son\u00bb, dijo el grupo en un comunicado. \u00abAhora instamos al Reino Unido a prohibir al IRGC, siguiendo el ejemplo de la UE, Estados Unidos, Canad\u00e1 y Australia. Se debe negar al IRGC la capacidad de operar con impunidad en el extranjero\u00bb.<\/p>\n<p><strong>HAGA CLIC AQU\u00cd PARA DESCARGAR LA APLICACI\u00d3N FOX NEWS<\/strong><\/p>\n<p>En reacci\u00f3n a la noticia, el presidente del parlamento iran\u00ed, Mohammad Bagher Ghalibaf, critic\u00f3 la designaci\u00f3n de la UE.<\/p>\n<p>\u00abEl Cuerpo de la Guardia Revolucionaria Isl\u00e1mica es una de las fuerzas antiterroristas m\u00e1s fuertes y efectivas del mundo; s\u00f3lo aquellos que est\u00e1n del lado de los propios terroristas podr\u00edan negar el historial del IRGC en la lucha contra el terrorismo de ISIS\u00bb, dijo en una publicaci\u00f3n en X.<\/p>\n<p> <!----> <\/p>\n<div class=\"article-meta\">\n<div class=\"author-bio\">\n<p>Emma Bussey es redactora de noticias de \u00faltima hora para Fox News Digital. Antes de unirse a Fox, trabaj\u00f3 en The Telegraph con el equipo nocturno de EE. UU., en \u00e1reas que inclu\u00edan asuntos exteriores, pol\u00edtica, noticias, deportes y cultura. <\/p>\n<\/div>\n<\/div>\n<\/div>\n\n","protected":false},"excerpt":{"rendered":"<p>NUEVO\u00a1Ahora puedes escuchar los art\u00edculos de Fox News! La Uni\u00f3n Europea (UE) tom\u00f3 medidas el jueves para designar al Cuerpo de la Guardia Revolucionaria Isl\u00e1mica de Ir\u00e1n (CGRI) como organizaci\u00f3n terrorista, y Alemania se comprometi\u00f3 a convertir la decisi\u00f3n en una lista legalmente vinculante lo m\u00e1s r\u00e1pido posible. La medida tambi\u00e9n se produjo junto con &hellip;<\/p>\n","protected":false},"author":1,"featured_media":57541,"comment_status":"open","ping_status":"open","sticky":false,"template":"","format":"standard","meta":{"fifu_image_url":"https:\/\/static.foxnews.com\/foxnews.com\/content\/uploads\/2026\/01\/irgc-tehran-eu-terrorist-designation.jpg","fifu_image_alt":"","footnotes":""},"categories":[13],"tags":[],"class_list":["post-57539","post","type-post","status-publish","format-standard","has-post-thumbnail","","category-mundo"],"_links":{"self":[{"href":"https:\/\/noticiasveraces.com\/index.php?rest_route=\/wp\/v2\/posts\/57539","targetHints":{"allow":["GET"]}}],"collection":[{"href":"https:\/\/noticiasveraces.com\/index.php?rest_route=\/wp\/v2\/posts"}],"about":[{"href":"https:\/\/noticiasveraces.com\/index.php?rest_route=\/wp\/v2\/types\/post"}],"author":[{"embeddable":true,"href":"https:\/\/noticiasveraces.com\/index.php?rest_route=\/wp\/v2\/users\/1"}],"replies":[{"embeddable":true,"href":"https:\/\/noticiasveraces.com\/index.php?rest_route=%2Fwp%2Fv2%2Fcomments&post=57539"}],"version-history":[{"count":0,"href":"https:\/\/noticiasveraces.com\/index.php?rest_route=\/wp\/v2\/posts\/57539\/revisions"}],"wp:featuredmedia":[{"embeddable":true,"href":"https:\/\/noticiasveraces.com\/index.php?rest_route=\/wp\/v2\/media\/57541"}],"wp:attachment":[{"href":"https:\/\/noticiasveraces.com\/index.php?rest_route=%2Fwp%2Fv2%2Fmedia&parent=57539"}],"wp:term":[{"taxonomy":"category","embeddable":true,"href":"https:\/\/noticiasveraces.com\/index.php?rest_route=%2Fwp%2Fv2%2Fcategories&post=57539"},{"taxonomy":"post_tag","embeddable":true,"href":"https:\/\/noticiasveraces.com\/index.php?rest_route=%2Fwp%2Fv2%2Ftags&post=57539"}],"curies":[{"name":"wp","href":"https:\/\/api.w.org\/{rel}","templated":true}]}}