{"id":57530,"date":"2026-01-29T18:15:13","date_gmt":"2026-01-29T22:15:13","guid":{"rendered":"https:\/\/noticiasveraces.com\/?p=57530"},"modified":"2026-01-29T18:15:13","modified_gmt":"2026-01-29T22:15:13","slug":"instalada-la-primera-zona-ultra-en-anzoategui","status":"publish","type":"post","link":"https:\/\/noticiasveraces.com\/?p=57530","title":{"rendered":"Instalada la primera Zona Ultra en Anzo\u00e1tegui"},"content":{"rendered":"<p> \n<\/p>\n<div data-td-block-uid=\"tdi_110\">\n<div class=\"tdb-block-inner td-fix-index\">\n<p>La primera Zona Ultra Wifi del estado Anzo\u00e1tegui, se instal\u00f3 en el sector Guamachito de Barcelona este jueves 29 de enero.<\/p>\n<p>Este primer m\u00f3dulo del estado, ofrece conexi\u00f3n Wi-Fi de manera inmediata mediante un c\u00f3digo QR en el punto y c\u00edrculo de la Cl\u00ednica Municipal Capit\u00e1n Jos\u00e9 P\u00e9rez Fern\u00e1ndez, es una herramienta tecnol\u00f3gica que optimizar\u00e1 la atenci\u00f3n m\u00e9dica.<\/p>\n<p>Adem\u00e1s, se instalaron 62 kil\u00f3metros de fibra \u00f3ptica hasta ese sector barcelon\u00e9s, como parte de los significativos avances del proyecto \u00abAba Ultra\u00bb, ejecutado por la Compa\u00f1\u00eda An\u00f3nima Nacional Tel\u00e9fonos de Venezuela (CANTV).<\/p>\n<p>La entrega de este proyecto contempla 1.024 puntos \u00f3pticos construidos, de los cuales 724 benefician a comercios y hogares con acceso a internet de alta velocidad, lo que fortalece la conectividad en la comunidad.<\/p>\n<p>El presidente de Cantv, Iv\u00e1n Hern\u00e1ndez y el gobernador Luis Jos\u00e9 Marcano, acompa\u00f1aron a la alcaldesa de Barcelona, a la entrega de este proyecto y plan comunal, destacando la sinergia entre la empresa de telecomunicaciones, las mesas t\u00e9cnicas, consejos comunales y l\u00edderes de calle, que fue fundamental \u201cpara superar los desaf\u00edos log\u00edsticos y sociales del proyecto\u201d.<\/p>\n<p>El acto sirvi\u00f3 para entregar a los voceros de la Mesa T\u00e9cnica de Telecomunicaciones, certificados de participaci\u00f3n en programas formativos de la empresa.<\/p>\n<p>Las comunidades expresaron su gratitud por el impacto positivo que esta modernizaci\u00f3n tiene en la educaci\u00f3n, permitiendo a los estudiantes acceder a herramientas tecnol\u00f3gicas que enriquecen su aprendizaje.<\/p>\n<div class=\"wp-block-jetpack-slideshow aligncenter\" data-effect=\"slide\" style=\"--aspect-ratio:calc(696 \/ 636)\">\n<div class=\"wp-block-jetpack-slideshow_container swiper\">\n<ul class=\"wp-block-jetpack-slideshow_swiper-wrapper swiper-wrapper\">\n<li class=\"wp-block-jetpack-slideshow_slide swiper-slide\">\n<figure><img decoding=\"async\" alt=\"\" class=\"wp-block-jetpack-slideshow_image wp-image-3042803 lazyload\" data-id=\"3042803\" data-aspect-ratio=\"696 \/ 636\" src=\"https:\/\/ultimasnoticias.com.ve\/wp-content\/uploads\/2026\/01\/GUamachitoFibraOptica1-1024x936.jpg\"\/><img loading=\"lazy\" decoding=\"async\" width=\"1024\" height=\"936\" alt=\"\" class=\"wp-block-jetpack-slideshow_image wp-image-3042803 lazyload\" data-id=\"3042803\" data-aspect-ratio=\"696 \/ 636\" src=\"https:\/\/ultimasnoticias.com.ve\/wp-content\/uploads\/2026\/01\/GUamachitoFibraOptica1-1024x936.jpg\" srcset=\"https:\/\/ultimasnoticias.com.ve\/wp-content\/uploads\/2026\/01\/GUamachitoFibraOptica1-1024x936.jpg 1024w, https:\/\/ultimasnoticias.com.ve\/wp-content\/uploads\/2026\/01\/GUamachitoFibraOptica1-300x274.jpg 300w, https:\/\/ultimasnoticias.com.ve\/wp-content\/uploads\/2026\/01\/GUamachitoFibraOptica1-768x702.jpg 768w, https:\/\/ultimasnoticias.com.ve\/wp-content\/uploads\/2026\/01\/GUamachitoFibraOptica1-1536x1404.jpg 1536w, https:\/\/ultimasnoticias.com.ve\/wp-content\/uploads\/2026\/01\/GUamachitoFibraOptica1-2048x1872.jpg 2048w, https:\/\/ultimasnoticias.com.ve\/wp-content\/uploads\/2026\/01\/GUamachitoFibraOptica1-150x137.jpg 150w, https:\/\/ultimasnoticias.com.ve\/wp-content\/uploads\/2026\/01\/GUamachitoFibraOptica1-696x636.jpg 696w, https:\/\/ultimasnoticias.com.ve\/wp-content\/uploads\/2026\/01\/GUamachitoFibraOptica1-1068x976.jpg 1068w, https:\/\/ultimasnoticias.com.ve\/wp-content\/uploads\/2026\/01\/GUamachitoFibraOptica1-scaled.jpg 1920w\" sizes=\"auto, (max-width: 1024px) 100vw, 1024px\"\/><figcaption class=\"wp-block-jetpack-slideshow_caption gallery-caption\">M\u00e1s de 700 usuarios y comerciantes se benefician con este proyecto. Fotos: Gobernaci\u00f3n de Anzo\u00e1tegui<\/figcaption><\/figure>\n<\/li>\n<li class=\"wp-block-jetpack-slideshow_slide swiper-slide\">\n<figure><img decoding=\"async\" alt=\"\" class=\"wp-block-jetpack-slideshow_image wp-image-3042805 lazyload\" data-id=\"3042805\" data-aspect-ratio=\"696 \/ 550\" src=\"https:\/\/ultimasnoticias.com.ve\/wp-content\/uploads\/2026\/01\/GuamachitoFibraOptica2-1024x809.jpg\"\/><img loading=\"lazy\" decoding=\"async\" width=\"1024\" height=\"809\" alt=\"\" class=\"wp-block-jetpack-slideshow_image wp-image-3042805 lazyload\" data-id=\"3042805\" data-aspect-ratio=\"696 \/ 550\" src=\"https:\/\/ultimasnoticias.com.ve\/wp-content\/uploads\/2026\/01\/GuamachitoFibraOptica2-1024x809.jpg\" srcset=\"https:\/\/ultimasnoticias.com.ve\/wp-content\/uploads\/2026\/01\/GuamachitoFibraOptica2-1024x809.jpg 1024w, https:\/\/ultimasnoticias.com.ve\/wp-content\/uploads\/2026\/01\/GuamachitoFibraOptica2-300x237.jpg 300w, https:\/\/ultimasnoticias.com.ve\/wp-content\/uploads\/2026\/01\/GuamachitoFibraOptica2-768x607.jpg 768w, https:\/\/ultimasnoticias.com.ve\/wp-content\/uploads\/2026\/01\/GuamachitoFibraOptica2-1536x1214.jpg 1536w, https:\/\/ultimasnoticias.com.ve\/wp-content\/uploads\/2026\/01\/GuamachitoFibraOptica2-2048x1618.jpg 2048w, https:\/\/ultimasnoticias.com.ve\/wp-content\/uploads\/2026\/01\/GuamachitoFibraOptica2-150x119.jpg 150w, https:\/\/ultimasnoticias.com.ve\/wp-content\/uploads\/2026\/01\/GuamachitoFibraOptica2-696x550.jpg 696w, https:\/\/ultimasnoticias.com.ve\/wp-content\/uploads\/2026\/01\/GuamachitoFibraOptica2-1068x844.jpg 1068w, https:\/\/ultimasnoticias.com.ve\/wp-content\/uploads\/2026\/01\/GuamachitoFibraOptica2-scaled.jpg 1920w\" sizes=\"auto, (max-width: 1024px) 100vw, 1024px\"\/><figcaption class=\"wp-block-jetpack-slideshow_caption gallery-caption\">M\u00e1s de mil puntos de conexi\u00f3n por fibra fueron activados<\/figcaption><\/figure>\n<\/li>\n<\/ul>\n<\/div>\n<\/div>\n<\/div>\n<\/div>\n\n","protected":false},"excerpt":{"rendered":"<p>La primera Zona Ultra Wifi del estado Anzo\u00e1tegui, se instal\u00f3 en el sector Guamachito de Barcelona este jueves 29 de enero. Este primer m\u00f3dulo del estado, ofrece conexi\u00f3n Wi-Fi de manera inmediata mediante un c\u00f3digo QR en el punto y c\u00edrculo de la Cl\u00ednica Municipal Capit\u00e1n Jos\u00e9 P\u00e9rez Fern\u00e1ndez, es una herramienta tecnol\u00f3gica que optimizar\u00e1 &hellip;<\/p>\n","protected":false},"author":1,"featured_media":57532,"comment_status":"open","ping_status":"open","sticky":false,"template":"","format":"standard","meta":{"fifu_image_url":"https:\/\/ultimasnoticias.com.ve\/wp-content\/uploads\/2026\/01\/GuamachitoFibraOpitca3-scaled.jpg","fifu_image_alt":"","footnotes":""},"categories":[13],"tags":[],"class_list":["post-57530","post","type-post","status-publish","format-standard","has-post-thumbnail","","category-mundo"],"_links":{"self":[{"href":"https:\/\/noticiasveraces.com\/index.php?rest_route=\/wp\/v2\/posts\/57530","targetHints":{"allow":["GET"]}}],"collection":[{"href":"https:\/\/noticiasveraces.com\/index.php?rest_route=\/wp\/v2\/posts"}],"about":[{"href":"https:\/\/noticiasveraces.com\/index.php?rest_route=\/wp\/v2\/types\/post"}],"author":[{"embeddable":true,"href":"https:\/\/noticiasveraces.com\/index.php?rest_route=\/wp\/v2\/users\/1"}],"replies":[{"embeddable":true,"href":"https:\/\/noticiasveraces.com\/index.php?rest_route=%2Fwp%2Fv2%2Fcomments&post=57530"}],"version-history":[{"count":0,"href":"https:\/\/noticiasveraces.com\/index.php?rest_route=\/wp\/v2\/posts\/57530\/revisions"}],"wp:featuredmedia":[{"embeddable":true,"href":"https:\/\/noticiasveraces.com\/index.php?rest_route=\/wp\/v2\/media\/57532"}],"wp:attachment":[{"href":"https:\/\/noticiasveraces.com\/index.php?rest_route=%2Fwp%2Fv2%2Fmedia&parent=57530"}],"wp:term":[{"taxonomy":"category","embeddable":true,"href":"https:\/\/noticiasveraces.com\/index.php?rest_route=%2Fwp%2Fv2%2Fcategories&post=57530"},{"taxonomy":"post_tag","embeddable":true,"href":"https:\/\/noticiasveraces.com\/index.php?rest_route=%2Fwp%2Fv2%2Ftags&post=57530"}],"curies":[{"name":"wp","href":"https:\/\/api.w.org\/{rel}","templated":true}]}}