{"id":57512,"date":"2026-01-29T12:56:26","date_gmt":"2026-01-29T16:56:26","guid":{"rendered":"https:\/\/noticiasveraces.com\/?p=57512"},"modified":"2026-01-29T12:56:26","modified_gmt":"2026-01-29T16:56:26","slug":"400-educadores-catolicos-se-unen-en-guayana-para-florecer-en-la-sequia-correo-del-caroni","status":"publish","type":"post","link":"https:\/\/noticiasveraces.com\/?p=57512","title":{"rendered":"400 educadores cat\u00f3licos se unen en Guayana para \u201cflorecer en la sequ\u00eda\u201d \u2013 Correo del Caron\u00ed"},"content":{"rendered":"<p> \n<\/p>\n<div data-id=\"494a3404\" data-element_type=\"widget\" id=\"texto\" data-widget_type=\"theme-post-content.default\">\n<div class=\"elementor-widget-container\">\n<p>En un contexto de desaf\u00edos hist\u00f3ricos para el sistema educativo venezolano, la Pastoral Educativa de la Di\u00f3cesis de Ciudad Guayana, junto a la AVEC y la Red de Fe y Alegr\u00eda, celebr\u00f3 el I Encuentro de Educadores Cat\u00f3licos. El evento, que congreg\u00f3 a m\u00e1s de 400 representantes de casi cien instituciones y se convirti\u00f3 en un manifiesto de resistencia, fe y vocaci\u00f3n docente.<\/p>\n<p>El anfiteatro de La Salle, en San F\u00e9lix, fue el escenario donde maestros de escuelas p\u00fablicas, privadas, subvencionadas e incluso de instituciones de seguridad (Polic\u00eda y Bomberos) se unieron bajo un mismo prop\u00f3sito: salvar la educaci\u00f3n a trav\u00e9s de la esperanza activa.<\/p>\n<p class=\"has-medium-font-size\"><strong>Florecer en la sequ\u00eda<\/strong><\/p>\n<p>Uno de los momentos m\u00e1s impactantes de la jornada fue la intervenci\u00f3n de Angel Tovar, presidente de la Asociaci\u00f3n Venezolana de Educaci\u00f3n Cat\u00f3lica (AVEC). Con una met\u00e1fora poderosa, Tovar compar\u00f3 a los educadores que permanecen en las aulas con el \u00e1rbol nacional de Venezuela.<\/p>\n<p>\u201cLos docentes que se han quedado son como el araguaney en flor, que solo florece en la sequ\u00eda. Lo que vivimos hoy es una sequ\u00eda educativa y necesitamos araguaneyes que florezcan para el pa\u00eds\u201d, afirm\u00f3 Tovar, instando al gremio a no callar ante las dificultades y a construir la esperanza con hechos concretos.<\/p>\n<p class=\"has-medium-font-size\"><strong>Unidad sin precedentes<\/strong><\/p>\n<p>Por su parte, Alba Monta\u00f1o, presidenta seccional de la AVEC en Guayana, destac\u00f3 la naturaleza integradora del encuentro. No se trat\u00f3 solo de colegios religiosos; la convocatoria logr\u00f3 unir a congregaciones, centros de Fe y Alegr\u00eda, y escuelas dependientes de la Gobernaci\u00f3n y la Naci\u00f3n.<\/p>\n<p>\u201cEstamos unidos por la educaci\u00f3n de Venezuela\u201d, subray\u00f3 Monta\u00f1o, resaltando que la pasi\u00f3n por ense\u00f1ar trasciende las fronteras institucionales.<\/p>\n<p class=\"has-medium-font-size\"><strong>Bajo la inspiraci\u00f3n de Santo Tom\u00e1s de Aquino<\/strong><\/p>\n<p>La actividad coincidi\u00f3 con la festividad de Santo Tom\u00e1s de Aquino, referente de la b\u00fasqueda de la verdad. El encuentro cont\u00f3 con la bendici\u00f3n de monse\u00f1or Carlos Cabezas, obispo de Ciudad Guayana, quien record\u00f3 a los presentes que ser educador es, ante todo, una gracia y una responsabilidad sagrada con las futuras generaciones.<\/p>\n<p>Pese a las limitaciones log\u00edsticas -ya que solo asistieron grupos representativos para no interrumpir el calendario escolar-, el clamor fue un\u00edsono: Venezuela necesita a sus maestros.<\/p>\n<figure class=\"wp-block-gallery has-nested-images columns-default is-cropped wp-block-gallery-1 is-layout-flex wp-block-gallery-is-layout-flex\">\n<figure data-wp-context=\"{&quot;imageId&quot;:&quot;697b902c39d70&quot;}\" data-wp-interactive=\"core\/image\" class=\"wp-block-image size-large wp-lightbox-container\"><img fetchpriority=\"high\" decoding=\"async\" width=\"1080\" height=\"704\" data-wp-class--hide=\"state.isContentHidden\" data-wp-class--show=\"state.isContentVisible\" data-wp-init=\"callbacks.setButtonStyles\" data-wp-on-async--click=\"actions.showLightbox\" data-wp-on-async--load=\"callbacks.setButtonStyles\" data-wp-on-async-window--resize=\"callbacks.setButtonStyles\" data-id=\"176482\" alt=\"\" class=\"wp-image-176482 ewww_webp\" src-img=\"https:\/\/correodelcaroni.com\/wp-content\/uploads\/2026\/01\/EDUCADORES_Catolicos_GuayanaG1.jpg\" src-webp=\"https:\/\/correodelcaroni.com\/wp-content\/uploads\/2026\/01\/EDUCADORES_Catolicos_GuayanaG1.jpg.webp\" data-eio=\"j\"\/><img fetchpriority=\"high\" decoding=\"async\" width=\"1080\" height=\"704\" data-wp-class--hide=\"state.isContentHidden\" data-wp-class--show=\"state.isContentVisible\" data-wp-init=\"callbacks.setButtonStyles\" data-wp-on-async--click=\"actions.showLightbox\" data-wp-on-async--load=\"callbacks.setButtonStyles\" data-wp-on-async-window--resize=\"callbacks.setButtonStyles\" data-id=\"176482\" src=\"https:\/\/correodelcaroni.com\/wp-content\/uploads\/2026\/01\/EDUCADORES_Catolicos_GuayanaG1.jpg\" alt=\"\" class=\"wp-image-176482\"\/><button class=\"lightbox-trigger\" type=\"button\" aria-haspopup=\"dialog\" aria-label=\"Ampliar la imagen\" data-wp-init=\"callbacks.initTriggerButton\" data-wp-on-async--click=\"actions.showLightbox\" data-wp-style--right=\"state.imageButtonRight\" data-wp-style--top=\"state.imageButtonTop\"><br \/>\n\t\t\t<svg xmlns=\"http:\/\/www.w3.org\/2000\/svg\" width=\"12\" height=\"12\" fill=\"none\" viewbox=\"0 0 12 12\">\n\t\t\t\t<path fill=\"#fff\" d=\"M2 0a2 2 0 0 0-2 2v2h1.5V2a.5.5 0 0 1 .5-.5h2V0H2Zm2 10.5H2a.5.5 0 0 1-.5-.5V8H0v2a2 2 0 0 0 2 2h2v-1.5ZM8 12v-1.5h2a.5.5 0 0 0 .5-.5V8H12v2a2 2 0 0 1-2 2H8Zm2-12a2 2 0 0 1 2 2v2h-1.5V2a.5.5 0 0 0-.5-.5H8V0h2Z\"\/>\n\t\t\t<\/svg><br \/>\n\t\t<\/button><\/figure>\n<figure data-wp-context=\"{&quot;imageId&quot;:&quot;697b902c3beb5&quot;}\" data-wp-interactive=\"core\/image\" class=\"wp-block-image size-large wp-lightbox-container\"><img loading=\"lazy\" decoding=\"async\" width=\"1080\" height=\"704\" data-wp-class--hide=\"state.isContentHidden\" data-wp-class--show=\"state.isContentVisible\" data-wp-init=\"callbacks.setButtonStyles\" data-wp-on-async--click=\"actions.showLightbox\" data-wp-on-async--load=\"callbacks.setButtonStyles\" data-wp-on-async-window--resize=\"callbacks.setButtonStyles\" data-id=\"176483\" alt=\"\" class=\"wp-image-176483 lazyload ewww_webp_lazy_load\" src=\"https:\/\/correodelcaroni.com\/wp-content\/uploads\/2026\/01\/EDUCADORES_Catolicos_GuayanaG2.jpg\" data-eio-rwidth=\"1080\" data-eio-rheight=\"704\" src-webp=\"https:\/\/correodelcaroni.com\/wp-content\/uploads\/2026\/01\/EDUCADORES_Catolicos_GuayanaG2.jpg.webp\"\/><img loading=\"lazy\" decoding=\"async\" width=\"1080\" height=\"704\" data-wp-class--hide=\"state.isContentHidden\" data-wp-class--show=\"state.isContentVisible\" data-wp-init=\"callbacks.setButtonStyles\" data-wp-on-async--click=\"actions.showLightbox\" data-wp-on-async--load=\"callbacks.setButtonStyles\" data-wp-on-async-window--resize=\"callbacks.setButtonStyles\" data-id=\"176483\" src=\"https:\/\/correodelcaroni.com\/wp-content\/uploads\/2026\/01\/EDUCADORES_Catolicos_GuayanaG2.jpg\" alt=\"\" class=\"wp-image-176483\" data-eio=\"l\"\/><button class=\"lightbox-trigger\" type=\"button\" aria-haspopup=\"dialog\" aria-label=\"Ampliar la imagen\" data-wp-init=\"callbacks.initTriggerButton\" data-wp-on-async--click=\"actions.showLightbox\" data-wp-style--right=\"state.imageButtonRight\" data-wp-style--top=\"state.imageButtonTop\"><br \/>\n\t\t\t<svg xmlns=\"http:\/\/www.w3.org\/2000\/svg\" width=\"12\" height=\"12\" fill=\"none\" viewbox=\"0 0 12 12\">\n\t\t\t\t<path fill=\"#fff\" d=\"M2 0a2 2 0 0 0-2 2v2h1.5V2a.5.5 0 0 1 .5-.5h2V0H2Zm2 10.5H2a.5.5 0 0 1-.5-.5V8H0v2a2 2 0 0 0 2 2h2v-1.5ZM8 12v-1.5h2a.5.5 0 0 0 .5-.5V8H12v2a2 2 0 0 1-2 2H8Zm2-12a2 2 0 0 1 2 2v2h-1.5V2a.5.5 0 0 0-.5-.5H8V0h2Z\"\/>\n\t\t\t<\/svg><br \/>\n\t\t<\/button><\/figure>\n<\/figure><\/div>\n<\/p><\/div>\n\n","protected":false},"excerpt":{"rendered":"<p>En un contexto de desaf\u00edos hist\u00f3ricos para el sistema educativo venezolano, la Pastoral Educativa de la Di\u00f3cesis de Ciudad Guayana, junto a la AVEC y la Red de Fe y Alegr\u00eda, celebr\u00f3 el I Encuentro de Educadores Cat\u00f3licos. El evento, que congreg\u00f3 a m\u00e1s de 400 representantes de casi cien instituciones y se convirti\u00f3 en &hellip;<\/p>\n","protected":false},"author":1,"featured_media":57514,"comment_status":"open","ping_status":"open","sticky":false,"template":"","format":"standard","meta":{"fifu_image_url":"https:\/\/correodelcaroni.com\/wp-content\/uploads\/2026\/01\/EDUCADORES_Catolicos_Guayana.jpg","fifu_image_alt":"","footnotes":""},"categories":[4],"tags":[],"class_list":["post-57512","post","type-post","status-publish","format-standard","has-post-thumbnail","","category-historias-destacadas"],"_links":{"self":[{"href":"https:\/\/noticiasveraces.com\/index.php?rest_route=\/wp\/v2\/posts\/57512","targetHints":{"allow":["GET"]}}],"collection":[{"href":"https:\/\/noticiasveraces.com\/index.php?rest_route=\/wp\/v2\/posts"}],"about":[{"href":"https:\/\/noticiasveraces.com\/index.php?rest_route=\/wp\/v2\/types\/post"}],"author":[{"embeddable":true,"href":"https:\/\/noticiasveraces.com\/index.php?rest_route=\/wp\/v2\/users\/1"}],"replies":[{"embeddable":true,"href":"https:\/\/noticiasveraces.com\/index.php?rest_route=%2Fwp%2Fv2%2Fcomments&post=57512"}],"version-history":[{"count":0,"href":"https:\/\/noticiasveraces.com\/index.php?rest_route=\/wp\/v2\/posts\/57512\/revisions"}],"wp:featuredmedia":[{"embeddable":true,"href":"https:\/\/noticiasveraces.com\/index.php?rest_route=\/wp\/v2\/media\/57514"}],"wp:attachment":[{"href":"https:\/\/noticiasveraces.com\/index.php?rest_route=%2Fwp%2Fv2%2Fmedia&parent=57512"}],"wp:term":[{"taxonomy":"category","embeddable":true,"href":"https:\/\/noticiasveraces.com\/index.php?rest_route=%2Fwp%2Fv2%2Fcategories&post=57512"},{"taxonomy":"post_tag","embeddable":true,"href":"https:\/\/noticiasveraces.com\/index.php?rest_route=%2Fwp%2Fv2%2Ftags&post=57512"}],"curies":[{"name":"wp","href":"https:\/\/api.w.org\/{rel}","templated":true}]}}