{"id":57496,"date":"2026-01-29T12:44:11","date_gmt":"2026-01-29T16:44:11","guid":{"rendered":"https:\/\/noticiasveraces.com\/?p=57496"},"modified":"2026-01-29T12:44:11","modified_gmt":"2026-01-29T16:44:11","slug":"brian-may-de-queen-hace-un-gran-anuncio-de-gira-y-dice-es-muy-triste-noticias-de-celebridades-mundo-del-espectaculo-y-television","status":"publish","type":"post","link":"https:\/\/noticiasveraces.com\/?p=57496","title":{"rendered":"Brian May de Queen hace un gran anuncio de gira y dice \u00abes muy triste\u00bb | Noticias de celebridades | Mundo del espect\u00e1culo y televisi\u00f3n"},"content":{"rendered":"<p> \n<\/p>\n<div>\n<div class=\"photo changeSpace\">\n<p class=\"withoutCaption\"><picture><source type=\"image\/avif\" srcset=\"https:\/\/cdn.images.express.co.uk\/img\/dynamic\/79\/1200x712\/secondary\/london-united-kingdom-spain-starmus-co-founder-brian-may-speaks-at-the-official-presentation-6707126.avif?r=1769687407467\" media=\"screen and (min-width:10000px)\"><source type=\"image\/webp\" srcset=\"https:\/\/cdn.images.express.co.uk\/img\/dynamic\/79\/1200x712\/secondary\/london-united-kingdom-spain-starmus-co-founder-brian-may-speaks-at-the-official-presentation-6707126.webp?r=1769687407467\" media=\"screen and (min-width:10000px)\"><source type=\"image\/jpeg\" srcset=\"https:\/\/cdn.images.express.co.uk\/img\/dynamic\/79\/1200x712\/secondary\/london-united-kingdom-spain-starmus-co-founder-brian-may-speaks-at-the-official-presentation-6707126.jpg?r=1769687407467\" media=\"screen and (min-width:10000px)\"><source type=\"image\/avif\" srcset=\"https:\/\/cdn.images.express.co.uk\/img\/dynamic\/79\/674x400\/secondary\/london-united-kingdom-spain-starmus-co-founder-brian-may-speaks-at-the-official-presentation-6707126.avif?r=1769687407467\" media=\"screen and (min-width:100000px)\"><source type=\"image\/webp\" srcset=\"https:\/\/cdn.images.express.co.uk\/img\/dynamic\/79\/674x400\/secondary\/london-united-kingdom-spain-starmus-co-founder-brian-may-speaks-at-the-official-presentation-6707126.webp?r=1769687407467\" media=\"screen and (min-width:100000px)\"><source type=\"image\/jpeg\" srcset=\"https:\/\/cdn.images.express.co.uk\/img\/dynamic\/79\/674x400\/secondary\/london-united-kingdom-spain-starmus-co-founder-brian-may-speaks-at-the-official-presentation-6707126.jpg?r=1769687407467\" media=\"screen and (min-width:100000px)\"><source type=\"image\/avif\" srcset=\"https:\/\/cdn.images.express.co.uk\/img\/dynamic\/79\/940x\/secondary\/london-united-kingdom-spain-starmus-co-founder-brian-may-speaks-at-the-official-presentation-6707126.avif?r=1769687407467\" media=\"screen and (min-width:1200px)\"><source type=\"image\/webp\" srcset=\"https:\/\/cdn.images.express.co.uk\/img\/dynamic\/79\/940x\/secondary\/london-united-kingdom-spain-starmus-co-founder-brian-may-speaks-at-the-official-presentation-6707126.webp?r=1769687407467\" media=\"screen and (min-width:1200px)\"><source type=\"image\/jpeg\" srcset=\"https:\/\/cdn.images.express.co.uk\/img\/dynamic\/79\/940x\/secondary\/london-united-kingdom-spain-starmus-co-founder-brian-may-speaks-at-the-official-presentation-6707126.jpg?r=1769687407467\" media=\"screen and (min-width:1200px)\"><source type=\"image\/avif\" srcset=\"https:\/\/cdn.images.express.co.uk\/img\/dynamic\/79\/590x\/secondary\/london-united-kingdom-spain-starmus-co-founder-brian-may-speaks-at-the-official-presentation-6707126.avif?r=1769687407467\" media=\"screen\"><source type=\"image\/webp\" srcset=\"https:\/\/cdn.images.express.co.uk\/img\/dynamic\/79\/590x\/secondary\/london-united-kingdom-spain-starmus-co-founder-brian-may-speaks-at-the-official-presentation-6707126.webp?r=1769687407467\" media=\"screen\"><img decoding=\"async\" class=\"zoomEnabled\" src=\"https:\/\/cdn.images.express.co.uk\/img\/dynamic\/79\/1200x712\/secondary\/london-united-kingdom-spain-starmus-co-founder-brian-may-speaks-at-the-official-presentation-6707126.jpg?r=1769687407467\" alt=\"Presentaci\u00f3n Oficial De La Feria Starmus Viii - La B\u00fasqueda De La Verdad\" title=\"Presentaci\u00f3n Oficial De La Feria Starmus Viii - La B\u00fasqueda De La Verdad\" width=\"590\" height=\"393\" fetchpriority=\"high\"\/><\/source><\/source><\/source><\/source><\/source><\/source><\/source><\/source><\/source><\/source><\/source><\/picture><\/p>\n<p><span class=\"newsCaption\">Sir Brian May declar\u00f3 que es \u00abmuy triste\u00bb al hacer un gran anuncio. <span class=\"caption\">(Imagen: Getty)<\/span><span class=\"magnifier\" data-img=\"https:\/\/cdn.images.express.co.uk\/img\/dynamic\/79\/1200x712\/secondary\/london-united-kingdom-spain-starmus-co-founder-brian-may-speaks-at-the-official-presentation-6707126.jpg?r=1769687407467\"\/><\/span><\/div>\n<div class=\"text-description\">\n<p data-mce-linkchecker-status=\"valid\">El legendario guitarrista de Queen, Sir Brian May, describi\u00f3 la situaci\u00f3n como \u00abmuy triste\u00bb al hacer un anuncio importante sobre futuras giras. Sugiri\u00f3 que Queen, que estuvo de gira por \u00faltima vez con el l\u00edder Adam Lambert en 2020, podr\u00eda evitar un destino querido en su pr\u00f3xima gira porque es demasiado \u00abpeligroso\u00bb.<\/p>\n<\/div>\n<div class=\"text-description\">\n<p data-mce-linkchecker-status=\"valid\">Brian, quien cofund\u00f3 la banda junto con los fallecidos Freddie Mercury y Roger Taylor, detall\u00f3 c\u00f3mo los creadores de \u00e9xitos de Bohemian Rhapsody \u00abcrecieron\u00bb en los EE. UU., pero afirm\u00f3 que ya no era \u00ablo que era\u00bb. De hecho, en aparente referencia a Estados Unidos bajo la controvertida administraci\u00f3n liderada por Donald Trump, Brian describi\u00f3 a la naci\u00f3n como un \u00ablugar peligroso\u00bb que debe ser tomado \u00aben cuenta\u00bb.<\/p>\n<\/div>\n<div class=\"text-description\">\n<p>el dijo <em>el correo<\/em>&#39;s Richard Eden: \u00abEstados Unidos es un lugar peligroso en este momento, as\u00ed que hay que tener eso en cuenta. Es muy triste porque siento que Queen creci\u00f3 en Estados Unidos y nos encanta, pero ya no es lo que era\u00bb.<\/p>\n<\/div>\n<div class=\"text-description dont-miss\">\n<p><strong>  LEER M\u00c1S:<\/strong>  La esposa de Brian May, Anita Dobson, hace una confesi\u00f3n sobre su vida hogare\u00f1a despu\u00e9s de mudarse al campo <\/p>\n<p><strong>  LEER M\u00c1S:<\/strong>  Brian May critica las &#39;envidiosas&#39; biograf\u00edas de los Beatles: \u00abMe da miedo que eso le pase a Queen\u00bb <\/p>\n<\/div>\n<div class=\"photo changeSpace\">\n<p class=\"withoutCaption\"><picture><source type=\"image\/avif\" srcset=\"https:\/\/cdn.images.express.co.uk\/img\/dynamic\/79\/1200x712\/secondary\/washington-dc-u-s-president-donald-trump-delivers-remarks-during-the-treasury-departments-6707153.avif?r=1769687407493\" media=\"screen and (min-width:10000px)\"><source type=\"image\/webp\" srcset=\"https:\/\/cdn.images.express.co.uk\/img\/dynamic\/79\/1200x712\/secondary\/washington-dc-u-s-president-donald-trump-delivers-remarks-during-the-treasury-departments-6707153.webp?r=1769687407493\" media=\"screen and (min-width:10000px)\"><source type=\"image\/jpeg\" srcset=\"https:\/\/cdn.images.express.co.uk\/img\/dynamic\/79\/1200x712\/secondary\/washington-dc-u-s-president-donald-trump-delivers-remarks-during-the-treasury-departments-6707153.jpg?r=1769687407493\" media=\"screen and (min-width:10000px)\"><source type=\"image\/avif\" srcset=\"https:\/\/cdn.images.express.co.uk\/img\/dynamic\/79\/674x400\/secondary\/washington-dc-u-s-president-donald-trump-delivers-remarks-during-the-treasury-departments-6707153.avif?r=1769687407493\" media=\"screen and (min-width:100000px)\"><source type=\"image\/webp\" srcset=\"https:\/\/cdn.images.express.co.uk\/img\/dynamic\/79\/674x400\/secondary\/washington-dc-u-s-president-donald-trump-delivers-remarks-during-the-treasury-departments-6707153.webp?r=1769687407493\" media=\"screen and (min-width:100000px)\"><source type=\"image\/jpeg\" srcset=\"https:\/\/cdn.images.express.co.uk\/img\/dynamic\/79\/674x400\/secondary\/washington-dc-u-s-president-donald-trump-delivers-remarks-during-the-treasury-departments-6707153.jpg?r=1769687407493\" media=\"screen and (min-width:100000px)\"><source type=\"image\/avif\" srcset=\"https:\/\/cdn.images.express.co.uk\/img\/dynamic\/79\/940x\/secondary\/washington-dc-u-s-president-donald-trump-delivers-remarks-during-the-treasury-departments-6707153.avif?r=1769687407493\" media=\"screen and (min-width:1200px)\"><source type=\"image\/webp\" srcset=\"https:\/\/cdn.images.express.co.uk\/img\/dynamic\/79\/940x\/secondary\/washington-dc-u-s-president-donald-trump-delivers-remarks-during-the-treasury-departments-6707153.webp?r=1769687407493\" media=\"screen and (min-width:1200px)\"><source type=\"image\/jpeg\" srcset=\"https:\/\/cdn.images.express.co.uk\/img\/dynamic\/79\/940x\/secondary\/washington-dc-u-s-president-donald-trump-delivers-remarks-during-the-treasury-departments-6707153.jpg?r=1769687407493\" media=\"screen and (min-width:1200px)\"><source type=\"image\/avif\" srcset=\"https:\/\/cdn.images.express.co.uk\/img\/dynamic\/79\/590x\/secondary\/washington-dc-u-s-president-donald-trump-delivers-remarks-during-the-treasury-departments-6707153.avif?r=1769687407493\" media=\"screen\"><source type=\"image\/webp\" srcset=\"https:\/\/cdn.images.express.co.uk\/img\/dynamic\/79\/590x\/secondary\/washington-dc-u-s-president-donald-trump-delivers-remarks-during-the-treasury-departments-6707153.webp?r=1769687407493\" media=\"screen\"><img decoding=\"async\" class=\"zoomEnabled\" src=\"https:\/\/cdn.images.express.co.uk\/img\/dynamic\/79\/1200x712\/secondary\/washington-dc-u-s-president-donald-trump-delivers-remarks-during-the-treasury-departments-6707153.jpg?r=1769687407493\" alt=\"El presidente Trump pronuncia comentarios durante la Cumbre de Cuentas Trump del Departamento del Tesoro en el Auditorio Andrew W. Mellon\" title=\"El presidente Trump pronuncia comentarios durante la Cumbre de Cuentas Trump del Departamento del Tesoro en el Auditorio Andrew W. Mellon\" width=\"590\" height=\"393\" loading=\"lazy\"\/><\/source><\/source><\/source><\/source><\/source><\/source><\/source><\/source><\/source><\/source><\/source><\/picture><\/p>\n<p><span class=\"newsCaption\">Brian dijo que Queen \u00abcreci\u00f3\u00bb en Estados Unidos, pero afirm\u00f3 que ya no era \u00ablo que era\u00bb <span class=\"caption\">(Imagen: Getty)<\/span><span class=\"magnifier\" data-img=\"https:\/\/cdn.images.express.co.uk\/img\/dynamic\/79\/1200x712\/secondary\/washington-dc-u-s-president-donald-trump-delivers-remarks-during-the-treasury-departments-6707153.jpg?r=1769687407493\"\/><\/span><\/div>\n<div class=\"text-description\">\n<p>En otro comentario severo sobre Estados Unidos, Brian aleg\u00f3: \u201cTodo el mundo est\u00e1 pensando dos veces antes de ir all\u00ed en este momento\u201d.<\/p>\n<\/div>\n<div class=\"text-description\">\n<p>Desde la segunda toma de posesi\u00f3n de Trump como 47\u00ba presidente de Estados Unidos en enero de 2025, la administraci\u00f3n se ha visto envuelta en una controversia, particularmente en relaci\u00f3n con las acciones de la agencia de Inmigraci\u00f3n y Control de Aduanas, conocida como ICE.<\/p>\n<\/div>\n<div class=\"text-description\">\n<p>En un intento por tomar medidas en\u00e9rgicas contra la inmigraci\u00f3n ilegal, Trump ampli\u00f3 la agencia y su presupuesto, y se inform\u00f3 que los arrestos se duplicaron, las tasas de detenci\u00f3n aumentaron y los cruces fronterizos disminuyeron.<\/p>\n<\/div>\n<div class=\"text-description\">\n<p>Sin embargo, las acciones de ICE tambi\u00e9n han provocado protestas en las principales ciudades, con tensiones aumentando desde el despliegue de 2.000 agentes de ICE en Minneapolis y las muertes de Renee Good y Alex Pretti.<\/p>\n<\/div>\n<div class=\"text-description\">\n<p>No ser\u00eda la primera vez que la pol\u00edtica influye en el calendario de giras de Queen. Tan solo este mes, Brian dijo que Queen nunca actuar\u00eda en Glastonbury debido a diferencias pol\u00edticas con los organizadores, la familia Eavis.<\/p>\n<\/div>\n<div class=\"photo changeSpace\">\n<p class=\"withoutCaption\"><picture><source type=\"image\/avif\" srcset=\"https:\/\/cdn.images.express.co.uk\/img\/dynamic\/79\/1200x712\/secondary\/london-england-sir-brian-may-attends-the-cirque-du-soleil-ovo-vip-premiere-at-royal-albert-6707163.avif?r=1769687407512\" media=\"screen and (min-width:10000px)\"><source type=\"image\/webp\" srcset=\"https:\/\/cdn.images.express.co.uk\/img\/dynamic\/79\/1200x712\/secondary\/london-england-sir-brian-may-attends-the-cirque-du-soleil-ovo-vip-premiere-at-royal-albert-6707163.webp?r=1769687407512\" media=\"screen and (min-width:10000px)\"><source type=\"image\/jpeg\" srcset=\"https:\/\/cdn.images.express.co.uk\/img\/dynamic\/79\/1200x712\/secondary\/london-england-sir-brian-may-attends-the-cirque-du-soleil-ovo-vip-premiere-at-royal-albert-6707163.jpg?r=1769687407512\" media=\"screen and (min-width:10000px)\"><source type=\"image\/avif\" srcset=\"https:\/\/cdn.images.express.co.uk\/img\/dynamic\/79\/674x400\/secondary\/london-england-sir-brian-may-attends-the-cirque-du-soleil-ovo-vip-premiere-at-royal-albert-6707163.avif?r=1769687407512\" media=\"screen and (min-width:100000px)\"><source type=\"image\/webp\" srcset=\"https:\/\/cdn.images.express.co.uk\/img\/dynamic\/79\/674x400\/secondary\/london-england-sir-brian-may-attends-the-cirque-du-soleil-ovo-vip-premiere-at-royal-albert-6707163.webp?r=1769687407512\" media=\"screen and (min-width:100000px)\"><source type=\"image\/jpeg\" srcset=\"https:\/\/cdn.images.express.co.uk\/img\/dynamic\/79\/674x400\/secondary\/london-england-sir-brian-may-attends-the-cirque-du-soleil-ovo-vip-premiere-at-royal-albert-6707163.jpg?r=1769687407512\" media=\"screen and (min-width:100000px)\"><source type=\"image\/avif\" srcset=\"https:\/\/cdn.images.express.co.uk\/img\/dynamic\/79\/940x\/secondary\/london-england-sir-brian-may-attends-the-cirque-du-soleil-ovo-vip-premiere-at-royal-albert-6707163.avif?r=1769687407512\" media=\"screen and (min-width:1200px)\"><source type=\"image\/webp\" srcset=\"https:\/\/cdn.images.express.co.uk\/img\/dynamic\/79\/940x\/secondary\/london-england-sir-brian-may-attends-the-cirque-du-soleil-ovo-vip-premiere-at-royal-albert-6707163.webp?r=1769687407512\" media=\"screen and (min-width:1200px)\"><source type=\"image\/jpeg\" srcset=\"https:\/\/cdn.images.express.co.uk\/img\/dynamic\/79\/940x\/secondary\/london-england-sir-brian-may-attends-the-cirque-du-soleil-ovo-vip-premiere-at-royal-albert-6707163.jpg?r=1769687407512\" media=\"screen and (min-width:1200px)\"><source type=\"image\/avif\" srcset=\"https:\/\/cdn.images.express.co.uk\/img\/dynamic\/79\/590x\/secondary\/london-england-sir-brian-may-attends-the-cirque-du-soleil-ovo-vip-premiere-at-royal-albert-6707163.avif?r=1769687407512\" media=\"screen\"><source type=\"image\/webp\" srcset=\"https:\/\/cdn.images.express.co.uk\/img\/dynamic\/79\/590x\/secondary\/london-england-sir-brian-may-attends-the-cirque-du-soleil-ovo-vip-premiere-at-royal-albert-6707163.webp?r=1769687407512\" media=\"screen\"><img decoding=\"async\" class=\"zoomEnabled\" src=\"https:\/\/cdn.images.express.co.uk\/img\/dynamic\/79\/1200x712\/secondary\/london-england-sir-brian-may-attends-the-cirque-du-soleil-ovo-vip-premiere-at-royal-albert-6707163.jpg?r=1769687407512\" alt=\"El Circo del Sol &quot;OVO\" title=\"El Circo del Sol &quot;OVO\" width=\"590\" height=\"495\" loading=\"lazy\"\/><\/source><\/source><\/source><\/source><\/source><\/source><\/source><\/source><\/source><\/source><\/source><\/picture><\/p>\n<p><span class=\"newsCaption\">Brian describi\u00f3 a la naci\u00f3n como un \u00ablugar peligroso\u00bb, y era algo que deb\u00edan tener \u00aben cuenta\u00bb. <span class=\"caption\">(Imagen: Getty)<\/span><span class=\"magnifier\" data-img=\"https:\/\/cdn.images.express.co.uk\/img\/dynamic\/79\/1200x712\/secondary\/london-england-sir-brian-may-attends-the-cirque-du-soleil-ovo-vip-premiere-at-royal-albert-6707163.jpg?r=1769687407512\"\/><\/span><\/div>\n<div class=\"text-description\">\n<p data-mce-linkchecker-status=\"valid\">Brian, un destacado activista por los derechos de los animales, dijo al Daily Mail: \u00abNo actuar\u00eda en Glastonbury el a\u00f1o que viene debido a la pol\u00edtica de la gente que lo dirige. A menos que eso cambie, no lo har\u00e9\u00bb.<\/p>\n<\/div>\n<div class=\"text-description\">\n<p>Y a\u00f1adi\u00f3: \u00abLes gusta matar tejones y piensan que es por deporte, y eso es algo que no puedo apoyar porque hemos estado tratando de salvar a estos tejones durante a\u00f1os y todav\u00eda los est\u00e1n matando. Esa es la raz\u00f3n por la que nos lo estamos perdiendo\u00bb.<\/p>\n<\/div>\n<div class=\"text-description\">\n<p>En cuanto a la postura de Brian sobre el sacrificio de tejones, una pr\u00e1ctica supuestamente destinada a combatir la tuberculosis bovina, el fundador del festival y productor lechero, Sir Michael Eavis, calific\u00f3 al guitarrista como un \u00abpeligro para la agricultura\u00bb.<\/p>\n<\/div>\n<div class=\"text-description\">\n<p>A Brian tambi\u00e9n se le pregunt\u00f3 si Queen se hab\u00eda negado repetidamente a tocar en el festival, a lo que respondi\u00f3: \u00abNo creo que la conversaci\u00f3n sobre nosotros haya tenido lugar alguna vez porque saben c\u00f3mo me siento\u00bb.<\/p>\n<\/div>\n<\/div>\n\n","protected":false},"excerpt":{"rendered":"<p>Sir Brian May declar\u00f3 que es \u00abmuy triste\u00bb al hacer un gran anuncio. (Imagen: Getty) El legendario guitarrista de Queen, Sir Brian May, describi\u00f3 la situaci\u00f3n como \u00abmuy triste\u00bb al hacer un anuncio importante sobre futuras giras. Sugiri\u00f3 que Queen, que estuvo de gira por \u00faltima vez con el l\u00edder Adam Lambert en 2020, podr\u00eda &hellip;<\/p>\n","protected":false},"author":1,"featured_media":57498,"comment_status":"open","ping_status":"open","sticky":false,"template":"","format":"standard","meta":{"fifu_image_url":"https:\/\/cdn.images.express.co.uk\/img\/dynamic\/79\/1200x630\/6707127.jpg","fifu_image_alt":"","footnotes":""},"categories":[766],"tags":[],"class_list":["post-57496","post","type-post","status-publish","format-standard","has-post-thumbnail","","category-musica"],"_links":{"self":[{"href":"https:\/\/noticiasveraces.com\/index.php?rest_route=\/wp\/v2\/posts\/57496","targetHints":{"allow":["GET"]}}],"collection":[{"href":"https:\/\/noticiasveraces.com\/index.php?rest_route=\/wp\/v2\/posts"}],"about":[{"href":"https:\/\/noticiasveraces.com\/index.php?rest_route=\/wp\/v2\/types\/post"}],"author":[{"embeddable":true,"href":"https:\/\/noticiasveraces.com\/index.php?rest_route=\/wp\/v2\/users\/1"}],"replies":[{"embeddable":true,"href":"https:\/\/noticiasveraces.com\/index.php?rest_route=%2Fwp%2Fv2%2Fcomments&post=57496"}],"version-history":[{"count":0,"href":"https:\/\/noticiasveraces.com\/index.php?rest_route=\/wp\/v2\/posts\/57496\/revisions"}],"wp:featuredmedia":[{"embeddable":true,"href":"https:\/\/noticiasveraces.com\/index.php?rest_route=\/wp\/v2\/media\/57498"}],"wp:attachment":[{"href":"https:\/\/noticiasveraces.com\/index.php?rest_route=%2Fwp%2Fv2%2Fmedia&parent=57496"}],"wp:term":[{"taxonomy":"category","embeddable":true,"href":"https:\/\/noticiasveraces.com\/index.php?rest_route=%2Fwp%2Fv2%2Fcategories&post=57496"},{"taxonomy":"post_tag","embeddable":true,"href":"https:\/\/noticiasveraces.com\/index.php?rest_route=%2Fwp%2Fv2%2Ftags&post=57496"}],"curies":[{"name":"wp","href":"https:\/\/api.w.org\/{rel}","templated":true}]}}