{"id":57480,"date":"2026-01-29T10:07:14","date_gmt":"2026-01-29T14:07:14","guid":{"rendered":"https:\/\/noticiasveraces.com\/?p=57480"},"modified":"2026-01-29T10:07:14","modified_gmt":"2026-01-29T14:07:14","slug":"plan-especial-de-trafico-para-la-celebracion-y-ensayos-del-78-dia-de-la-independencia","status":"publish","type":"post","link":"https:\/\/noticiasveraces.com\/?p=57480","title":{"rendered":"Plan especial de tr\u00e1fico para la celebraci\u00f3n y ensayos del 78 D\u00eda de la Independencia"},"content":{"rendered":"<p> \n<\/p>\n<div>\n<p>Se implementar\u00e1 un plan de tr\u00e1fico especial con vistas a las celebraciones del 78\u00ba D\u00eda de la Independencia Nacional, que est\u00e1n programadas bajo el tema \u00abReconstrucci\u00f3n de Sri Lanka\u00bb, y los ensayos previos al evento.<\/p>\n<p>El secretario del Ministerio de Defensa, vicemariscal del aire (retirado) Sampath Thuyacontha, afirm\u00f3 que los ensayos para el desfile del D\u00eda de la Independencia se llevar\u00e1n a cabo los d\u00edas 30 y 31 de enero y 1 y 2 de febrero. <\/p>\n<p>En consecuencia, se ha decidido poner en marcha un plan especial de circulaci\u00f3n con motivo de las celebraciones del 78\u00ba D\u00eda de la Independencia Nacional.<\/p>\n<p><em>Mire el v\u00eddeo de arriba para obtener una explicaci\u00f3n del plan de tr\u00e1fico&#8230;<\/em><\/p>\n<\/p><\/div>\n\n","protected":false},"excerpt":{"rendered":"<p>Se implementar\u00e1 un plan de tr\u00e1fico especial con vistas a las celebraciones del 78\u00ba D\u00eda de la Independencia Nacional, que est\u00e1n programadas bajo el tema \u00abReconstrucci\u00f3n de Sri Lanka\u00bb, y los ensayos previos al evento. El secretario del Ministerio de Defensa, vicemariscal del aire (retirado) Sampath Thuyacontha, afirm\u00f3 que los ensayos para el desfile del &hellip;<\/p>\n","protected":false},"author":1,"featured_media":57481,"comment_status":"open","ping_status":"open","sticky":false,"template":"","format":"standard","meta":{"fifu_image_url":"https:\/\/adaderanaenglish.s3.amazonaws.com\/1769687837-independence-6.jpg","fifu_image_alt":"","footnotes":""},"categories":[13],"tags":[],"class_list":["post-57480","post","type-post","status-publish","format-standard","has-post-thumbnail","","category-mundo"],"_links":{"self":[{"href":"https:\/\/noticiasveraces.com\/index.php?rest_route=\/wp\/v2\/posts\/57480","targetHints":{"allow":["GET"]}}],"collection":[{"href":"https:\/\/noticiasveraces.com\/index.php?rest_route=\/wp\/v2\/posts"}],"about":[{"href":"https:\/\/noticiasveraces.com\/index.php?rest_route=\/wp\/v2\/types\/post"}],"author":[{"embeddable":true,"href":"https:\/\/noticiasveraces.com\/index.php?rest_route=\/wp\/v2\/users\/1"}],"replies":[{"embeddable":true,"href":"https:\/\/noticiasveraces.com\/index.php?rest_route=%2Fwp%2Fv2%2Fcomments&post=57480"}],"version-history":[{"count":0,"href":"https:\/\/noticiasveraces.com\/index.php?rest_route=\/wp\/v2\/posts\/57480\/revisions"}],"wp:featuredmedia":[{"embeddable":true,"href":"https:\/\/noticiasveraces.com\/index.php?rest_route=\/wp\/v2\/media\/57481"}],"wp:attachment":[{"href":"https:\/\/noticiasveraces.com\/index.php?rest_route=%2Fwp%2Fv2%2Fmedia&parent=57480"}],"wp:term":[{"taxonomy":"category","embeddable":true,"href":"https:\/\/noticiasveraces.com\/index.php?rest_route=%2Fwp%2Fv2%2Fcategories&post=57480"},{"taxonomy":"post_tag","embeddable":true,"href":"https:\/\/noticiasveraces.com\/index.php?rest_route=%2Fwp%2Fv2%2Ftags&post=57480"}],"curies":[{"name":"wp","href":"https:\/\/api.w.org\/{rel}","templated":true}]}}