{"id":57471,"date":"2026-01-29T06:52:14","date_gmt":"2026-01-29T10:52:14","guid":{"rendered":"https:\/\/noticiasveraces.com\/?p=57471"},"modified":"2026-01-29T06:52:14","modified_gmt":"2026-01-29T10:52:14","slug":"la-union-europea-se-reune-en-bruselas-para-debatir-nuevas-sanciones-contra-iran-y-rusia-y-definir-los-proximos-pasos-sobre-gaza-albertonews","status":"publish","type":"post","link":"https:\/\/noticiasveraces.com\/?p=57471","title":{"rendered":"La Uni\u00f3n Europea se re\u00fane en Bruselas para debatir nuevas sanciones contra Ir\u00e1n y Rusia y definir los pr\u00f3ximos pasos sobre Gaza &#8211; AlbertoNews"},"content":{"rendered":"<p> \n<\/p>\n<div>\n<p class=\"paragraph\" data-mrf-recirculation=\"Links inline\">Los ministros de Asuntos Exteriores de los 27 Estados miembro de la<b> Uni\u00f3n Europea<\/b> se re\u00fanen este jueves en Bruselas para discutir la implementaci\u00f3n de<b> nuevas sanciones contra Ir\u00e1n y Rusia<\/b> y para definir los pr\u00f3ximos pasos de la UE ante la segunda fase del plan de Estados Unidos para la paz en<b> Gaza<\/b>en una cita marcada por la guerra en Ucrania, las tensiones en Oriente Pr\u00f3ximo y la situaci\u00f3n de los derechos humanos a nivel global.<\/p>\n<p data-mrf-recirculation=\"Links inline\"><strong>Infobae<\/strong><\/p>\n<p class=\"paragraph\" data-mrf-recirculation=\"Links inline\">El encuentro del Consejo de Asuntos Exteriores tiene lugar una semana despu\u00e9s del Consejo Europeo extraordinario que reuni\u00f3 en la capital belga a los jefes de Estado y de Gobierno de la Uni\u00f3n Europea tras las advertencias arancelarias de Washington a varios pa\u00edses europeos por <b>Tierra Verde<\/b>. Aunque este asunto no figura formalmente en la agenda, fuentes diplom\u00e1ticas indicaron a <i>Prensa Europa<\/i> que los ministros lo abordar\u00e1n de manera informal en los m\u00e1rgenes de la reuni\u00f3n.<\/p>\n<p class=\"paragraph\" data-mrf-recirculation=\"Links inline\">La jornada comenzar\u00e1 con un debate sobre la <b>agresi\u00f3n rusa contra Ucrania<\/b>conflicto que en febrero cumple cuatro a\u00f1os. La Uni\u00f3n Europea trabaja en un <b>vig\u00e9simo paquete de sanciones contra Rusia<\/b>definido como \u201c<b>ambicioso<\/b>\u201d, coincidiendo con el aniversario del inicio de la invasi\u00f3n. No obstante, no se prev\u00e9 que los ministros aborden este jueves ese paquete de forma concreta, a la espera de que la Comisi\u00f3n Europea presente medidas punitivas espec\u00edficas.<\/p>\n<p class=\"paragraph\" data-mrf-recirculation=\"Links inline\">Pese a ello, fuentes diplom\u00e1ticas se\u00f1alaron que existe consenso para avanzar en <b>sanciones adicionales<\/b> con el objetivo de mantener la presi\u00f3n sobre el Kremlin. En ese sentido, los embajadores de los Estados miembro avanzaron el mi\u00e9rcoles sanciones contra seis propagandistas rusos, que quedar\u00e1n formalizadas durante el Consejo, seg\u00fan confirmaron distintas fuentes a <i>Prensa Europa<\/i>.<\/p>\n<p class=\"paragraph\" data-mrf-recirculation=\"Links inline\">En paralelo, los ministros debatir\u00e1n la propuesta de la Comisi\u00f3n Europea sobre el uso del <b>pr\u00e9stamo de 90.000 millones de euros<\/b> que la UE destinar\u00e1 a Ucrania durante los pr\u00f3ximos dos a\u00f1os. El Ejecutivo comunitario plante\u00f3 destinar 60.000 millones a gasto militar, con prioridad para la industria ucraniana y europea, y 30.000 millones a otras necesidades presupuestarias y al funcionamiento de la Administraci\u00f3n.<\/p>\n<p class=\"paragraph\" data-mrf-recirculation=\"Links inline\">Varios Estados miembro se\u00f1alaron la conveniencia de introducir un mecanismo que priorice la compra de armamento producido en la UE y en Ucrania, pero que permita recurrir a terceros pa\u00edses, como Estados Unidos, cuando el equipamiento no est\u00e9 disponible en Europa a corto plazo.<\/p>\n<p class=\"paragraph\" data-mrf-recirculation=\"Links inline\">En este contexto, el secretario general de la OTAN, <b>Marcos Rutte<\/b>afirm\u00f3 este lunes que la UE \u201c<b>por el momento no puede proporcionar ni de lejos lo suficiente de lo que Ucrania necesita para defenderse<\/b>\u201d. Un d\u00eda despu\u00e9s, la Comisi\u00f3n Europea record\u00f3 que se trata de una propuesta inicial y que corresponde a los Veintisiete concretar los detalles.<\/p>\n<p class=\"paragraph\" data-mrf-recirculation=\"Links inline\">Otro de los ejes del encuentro ser\u00e1 la situaci\u00f3n en Medio Oriente, con especial atenci\u00f3n a la <b>segunda fase del plan de paz estadounidense para Gaza<\/b>. Los ministros debatir\u00e1n el papel que debe desempe\u00f1ar la UE ante la inminente apertura del paso de Rafah y las posibles contribuciones europeas para garantizar la paz y el acceso de la ayuda humanitaria.<\/p>\n<p class=\"paragraph\" data-mrf-recirculation=\"Links inline\">Entre las opciones que se barajan figuran el entrenamiento de la polic\u00eda palestina a trav\u00e9s de la misi\u00f3n EUPOL COPPS y la reactivaci\u00f3n de la Misi\u00f3n de Asistencia Fronteriza de la UE (EUBAM) en el paso de Rafah. Tambi\u00e9n se analizar\u00e1 la <b>Junta de Paz<\/b> propuesta por Estados Unidos, una iniciativa sobre la que los Veintisiete expresaron \u201c<b>serias dudas<\/b>\u201d por su posible incompatibilidad con los tratados de la UE y la Carta de Naciones Unidas.<\/p>\n<p class=\"paragraph\" data-mrf-recirculation=\"Links inline\">En el apartado dedicado a <b>Ir\u00e1n<\/b>se esperan acuerdos m\u00e1s concretos, como la imposici\u00f3n de <b>nuevas sanciones<\/b> en respuesta a la represi\u00f3n contra los manifestantes, que dej\u00f3 miles de muertos en las \u00faltimas semanas.<\/p>\n<p class=\"paragraph\" data-mrf-recirculation=\"Links inline\">La Comisi\u00f3n Europea propuso dificultar el acceso de Teher\u00e1n a componentes para la producci\u00f3n de <b>drones<\/b> y <b>misiles<\/b> y ampliar la lista de responsables iran\u00edes sancionados por violaciones de los derechos humanos, proliferaci\u00f3n nuclear y apoyo militar a la guerra de Rusia contra Ucrania.<\/p>\n<p class=\"paragraph\" data-mrf-recirculation=\"Links inline\">Tambi\u00e9n, sigue abierta la discusi\u00f3n sobre la posible <b>designaci\u00f3n de la Guardia Revolucionaria Isl\u00e1mica como organizaci\u00f3n terrorista<\/b>una medida respaldada por pa\u00edses como Espa\u00f1a, seg\u00fan fuentes del Ministerio de Asuntos Exteriores, pero que requiere unanimidad y enfrenta reticencias por su impacto diplom\u00e1tico.<\/p>\n<p class=\"paragraph\" data-mrf-recirculation=\"Links inline\">Durante el almuerzo de trabajo, los ministros intercambiar\u00e1n puntos de vista con el Alto Comisionado de la ONU para los Derechos Humanos, <b>Volker T\u00fcrk<\/b>sobre las prioridades globales en esta materia, incluidas las protestas en Ir\u00e1n y la situaci\u00f3n en Sud\u00e1n.<\/p>\n<p class=\"paragraph\" data-mrf-recirculation=\"Links inline\">Posteriormente, analizar\u00e1n la situaci\u00f3n en la regi\u00f3n de los Grandes Lagos, tras la ofensiva del <b>Movimiento 23 de Marzo (M23)<\/b> en la Rep\u00fablica Democr\u00e1tica del Congo, apenas d\u00edas despu\u00e9s de la firma en Washington de un acuerdo para frenar un conflicto con riesgo de regionalizaci\u00f3n.<\/p>\n<p class=\"paragraph\" data-mrf-recirculation=\"Links inline\">La jornada concluir\u00e1 con el <b>Consejo de Asociaci\u00f3n UE-Marruecos<\/b>el primero desde 2019, copresidido por la alta representante <b>Kaja Kalla<\/b> y el ministro marroqu\u00ed <b>Naser Burita<\/b>con el objetivo de reforzar la cooperaci\u00f3n en migraci\u00f3n, transici\u00f3n energ\u00e9tica y comercio.<\/p>\n<\/p><\/div>\n\n","protected":false},"excerpt":{"rendered":"<p>Los ministros de Asuntos Exteriores de los 27 Estados miembro de la Uni\u00f3n Europea se re\u00fanen este jueves en Bruselas para discutir la implementaci\u00f3n de nuevas sanciones contra Ir\u00e1n y Rusia y para definir los pr\u00f3ximos pasos de la UE ante la segunda fase del plan de Estados Unidos para la paz en Gazaen una &hellip;<\/p>\n","protected":false},"author":1,"featured_media":57472,"comment_status":"open","ping_status":"open","sticky":false,"template":"","format":"standard","meta":{"fifu_image_url":"https:\/\/bitlyanews.com\/wp-content\/uploads\/2025\/07\/542bafcb79541fcce4fe0093081bf8cad3fc39d8w.jpg","fifu_image_alt":"","footnotes":""},"categories":[4],"tags":[],"class_list":["post-57471","post","type-post","status-publish","format-standard","has-post-thumbnail","","category-historias-destacadas"],"_links":{"self":[{"href":"https:\/\/noticiasveraces.com\/index.php?rest_route=\/wp\/v2\/posts\/57471","targetHints":{"allow":["GET"]}}],"collection":[{"href":"https:\/\/noticiasveraces.com\/index.php?rest_route=\/wp\/v2\/posts"}],"about":[{"href":"https:\/\/noticiasveraces.com\/index.php?rest_route=\/wp\/v2\/types\/post"}],"author":[{"embeddable":true,"href":"https:\/\/noticiasveraces.com\/index.php?rest_route=\/wp\/v2\/users\/1"}],"replies":[{"embeddable":true,"href":"https:\/\/noticiasveraces.com\/index.php?rest_route=%2Fwp%2Fv2%2Fcomments&post=57471"}],"version-history":[{"count":0,"href":"https:\/\/noticiasveraces.com\/index.php?rest_route=\/wp\/v2\/posts\/57471\/revisions"}],"wp:featuredmedia":[{"embeddable":true,"href":"https:\/\/noticiasveraces.com\/index.php?rest_route=\/wp\/v2\/media\/57472"}],"wp:attachment":[{"href":"https:\/\/noticiasveraces.com\/index.php?rest_route=%2Fwp%2Fv2%2Fmedia&parent=57471"}],"wp:term":[{"taxonomy":"category","embeddable":true,"href":"https:\/\/noticiasveraces.com\/index.php?rest_route=%2Fwp%2Fv2%2Fcategories&post=57471"},{"taxonomy":"post_tag","embeddable":true,"href":"https:\/\/noticiasveraces.com\/index.php?rest_route=%2Fwp%2Fv2%2Ftags&post=57471"}],"curies":[{"name":"wp","href":"https:\/\/api.w.org\/{rel}","templated":true}]}}