{"id":57442,"date":"2026-01-29T04:01:13","date_gmt":"2026-01-29T08:01:13","guid":{"rendered":"https:\/\/noticiasveraces.com\/?p=57442"},"modified":"2026-01-29T04:01:13","modified_gmt":"2026-01-29T08:01:13","slug":"delcy-rodriguez-comandante-en-jefe","status":"publish","type":"post","link":"https:\/\/noticiasveraces.com\/?p=57442","title":{"rendered":"Delcy Rodr\u00edguez, comandante en jefe"},"content":{"rendered":"<p> \n<\/p>\n<div>\n<p>Ayer tuvo lugar un acto de mucho significado pol\u00edtico. La presidenta encargada Delcy Rodr\u00edguez recibi\u00f3 el bast\u00f3n de mando de comandante en jefe de la Fuerza Armada Nacional Bolivariana y la espada de Bol\u00edvar. El evento fue titulado:<\/p>\n<p><em>\u201cActo de Lealtad, Reconocimiento y Juramento de la Fuerza Armada Nacional Bolivariana y Organismos de Seguridad ante la Pesidenta Encargada Delcy Rodr\u00edguez como Comandante en Jefe\u201d.<\/em><\/p>\n<p>M\u00edralo en video:<\/p>\n<figure class=\"wp-block-video\"><video height=\"360\" style=\"aspect-ratio: 640 \/ 360;\" width=\"640\" controls=\"\" src=\"https:\/\/ultimasnoticias.com.ve\/wp-content\/uploads\/2026\/01\/baston-a-delcy.mp4\"\/><\/figure>\n<p>Los ministros de Defensa, Vladimir Padrino, y del Interior, Diosdado Cabello, pronunciaron sendos discursos donde dejaron claro que tanto militares como polic\u00edas reconocen a Delcy como su comandante y le juraron lealtad.<\/p>\n<p>Por su parte, la presidenta encargada dijo varias cosas importantes:<\/p>\n<ul class=\"wp-block-list\">\n<li>Felicit\u00f3 a los militares y polic\u00edas que dieron la batalla por el pa\u00eds el 3 de enero:<\/li>\n<\/ul>\n<p><em>\u201cAqu\u00ed nadie se rindi\u00f3; estuvimos en contacto permanente esa madrugada, estuvimos en combate y por eso digo honor y gloria a h\u00e9roes y hero\u00ednas del 3 de enero del 2026, que no se entregaron, que dieron por su vida por la patria, honor y gloria a los ca\u00eddos, solidaridad a sus familiares y amigos\u2026 Viendo una batalla desigual, una superioridad tecnol\u00f3gica y un armamento desconocido, dieron combate por su amor Venezuela, por el pueblo venezolano\u201d.<\/em><\/p>\n<ul class=\"wp-block-list\">\n<li>Pidi\u00f3 al alto mando militar y a los organismosde seguridad tener en 100 d\u00edas los lineamientos del nuevo sistema defensivo del pa\u00eds y anunci\u00f3 la creaci\u00f3n de una oficina nacional para la defensa cibern\u00e9tica, presidida por la ministra de Ciencia y Tecnolog\u00eda Gabriela Jim\u00e9nez.<\/li>\n<li>Advirti\u00f3 que el extremismo no tendr\u00e1 cabida en el pa\u00eds. Habr\u00e1 di\u00e1logo pol\u00edtico amplio, pero tambi\u00e9n \u201chabr\u00e1 ley y justicia\u201d.<\/li>\n<\/ul>\n<p><em>\u201cQue vengan todos los que aman a Venezuela de verdad, pero los que pretendan perpetuar el da\u00f1o y la agresi\u00f3n contra el pueblo de Venezuela que se queden en Washington, porque aqu\u00ed no van a entrar a da\u00f1ar la paz y la tranquilidad de la Rep\u00fablica\u201d.<\/em><\/p>\n<ul class=\"wp-block-list\">\n<li>Anunci\u00f3 el relanzamiento de las misiones Negro Primero y Guardianes de la Patria para la atenci\u00f3n de los funcionarios militares y policiales.<\/li>\n<\/ul>\n<h3 class=\"wp-block-heading\">M\u00e1s tarde \ud83d\udd70\ufe0f<\/h3>\n<p>En la noche, la presidenta encargada Delcy Rodr\u00edguez anunci\u00f3 la designaci\u00f3n de la Dra. Isabel Iturria como vicepresidenta Sectorial de Ciencia, Tecnolog\u00eda, Ecosocialismo y Salud y de la ministra Gabriela Jim\u00e9nez como directora del Centro Nacional de Defensa y Seguridad Cibern\u00e9tica.<\/p>\n<figure class=\"wp-block-image\"><img decoding=\"async\" class=\"lazyload\" src=\"https:\/\/substackcdn.com\/image\/fetch\/$s_!O-V9!,w_1456,c_limit,f_auto,q_auto:good,fl_progressive:steep\/https%3A%2F%2Fsubstack-post-media.s3.amazonaws.com%2Fpublic%2Fimages%2Fdc017258-adec-4760-a8b8-5a204130d9f4_800x501.jpeg\" alt=\"\"\/><img decoding=\"async\" class=\"lazyload\" src=\"https:\/\/substackcdn.com\/image\/fetch\/$s_!O-V9!,w_1456,c_limit,f_auto,q_auto:good,fl_progressive:steep\/https%3A%2F%2Fsubstack-post-media.s3.amazonaws.com%2Fpublic%2Fimages%2Fdc017258-adec-4760-a8b8-5a204130d9f4_800x501.jpeg\" alt=\"\"\/><\/figure>\n<h2 class=\"wp-block-heading\">Duro contra los narcos<\/h2>\n<p>Ayer la Fanb destruy\u00f3 tres narcoavionetas en Amazonas. Las fuerzas militares detectaron dos pistas clandestinas que serv\u00edan de plataforma log\u00edstica para grupos transfronterizos. En el sitio fueron destruidas una avioneta Cessna 206 (siglas YV-2597), una aeronave modelo BE-58 (siglas PR-LLR) y una tercera unidad con matr\u00edcula PS-FLX.<\/p>\n<h2 class=\"wp-block-heading\">Llegan m\u00e1s venezolanos desde EEUU<\/h2>\n<figure class=\"wp-block-image\"><img decoding=\"async\" class=\"lazyload\" src=\"https:\/\/substackcdn.com\/image\/fetch\/$s_!-Q62!,w_1456,c_limit,f_auto,q_auto:good,fl_progressive:steep\/https%3A%2F%2Fsubstack-post-media.s3.amazonaws.com%2Fpublic%2Fimages%2F55958c4d-45c1-4590-ba1c-547c10205a12_696x503.jpeg\" alt=\"\"\/><img decoding=\"async\" class=\"lazyload\" src=\"https:\/\/substackcdn.com\/image\/fetch\/$s_!-Q62!,w_1456,c_limit,f_auto,q_auto:good,fl_progressive:steep\/https%3A%2F%2Fsubstack-post-media.s3.amazonaws.com%2Fpublic%2Fimages%2F55958c4d-45c1-4590-ba1c-547c10205a12_696x503.jpeg\" alt=\"\"\/><\/figure>\n<p>Ayer llego al pa\u00eds un grupo de 273 venezolanos procedentes de Phoenix, Arizona, como parte de la Gran Misi\u00f3n Vuelta a la Patria. Son 232 hombres, 40 mujeres y 1 adolescente. Se trata del vuelo n\u00famero 104 desde Gringolandia desde febrero del a\u00f1o pasado.<\/p>\n<h2 class=\"wp-block-heading\">M\u00e1s noticias \ud83d\udcdd<\/h2>\n<h2 class=\"wp-block-heading\">Tipo de cambio<\/h2>\n<p>El Banco Central de Venezuela inform\u00f3 que las mesas de cambio de ayer arrojaron un promedio de <strong>363,66 bol\u00edvares por d\u00f3lar.<\/strong> Recuerda que esta es la \u00fanica tasa v\u00e1lida para cualquier transacci\u00f3n del d\u00eda de hoy.<\/p>\n<figure class=\"wp-block-image\"><img decoding=\"async\" class=\"lazyload\" src=\"https:\/\/substackcdn.com\/image\/fetch\/$s_!Fday!,w_1456,c_limit,f_auto,q_auto:good,fl_progressive:steep\/https%3A%2F%2Fsubstack-post-media.s3.amazonaws.com%2Fpublic%2Fimages%2F53fee89e-97ec-4274-98c3-9cfcea8858e3_1280x1280.webp\" alt=\"Puede ser una imagen de texto que diga \" bcv=\"\" banco=\"\" central=\"\" de=\"\" venezuela=\"\" tipo=\"\" cambio=\"\" referencia=\"\" ei=\"\" eltipo=\"\" publicado=\"\" por=\"\" el=\"\" es=\"\" promedio=\"\" ponderado=\"\" resultante=\"\" las=\"\" operaciones=\"\" diarias=\"\" mesas=\"\" activas=\"\" instituciones=\"\" bancarias=\"\" participantes.=\"\" p=\"\" bs=\"\" eur=\"\" cny=\"\" try=\"\" rub=\"\" usd=\"\" fecha=\"\" valor:=\"\" jueves=\"\" enero=\"\" www.bcv.org.ve=\"\" libcv=\"\" ong=\"\" ve=\"\" vb=\"\" https:llt.me=\"\" title=\"Puede ser una imagen de texto que diga \"\/><img decoding=\"async\" class=\"lazyload\" src=\"https:\/\/substackcdn.com\/image\/fetch\/$s_!Fday!,w_1456,c_limit,f_auto,q_auto:good,fl_progressive:steep\/https%3A%2F%2Fsubstack-post-media.s3.amazonaws.com%2Fpublic%2Fimages%2F53fee89e-97ec-4274-98c3-9cfcea8858e3_1280x1280.webp\" alt=\"Puede ser una imagen de texto que diga \" bcv=\"\" banco=\"\" central=\"\" de=\"\" venezuela=\"\" tipo=\"\" cambio=\"\" referencia=\"\" ei=\"\" eltipo=\"\" publicado=\"\" por=\"\" el=\"\" es=\"\" promedio=\"\" ponderado=\"\" resultante=\"\" las=\"\" operaciones=\"\" diarias=\"\" mesas=\"\" activas=\"\" instituciones=\"\" bancarias=\"\" participantes.=\"\" p=\"\" bs=\"\" eur=\"\" cny=\"\" try=\"\" rub=\"\" usd=\"\" fecha=\"\" valor:=\"\" jueves=\"\" enero=\"\" www.bcv.org.ve=\"\" libcv=\"\" ong=\"\" ve=\"\" vb=\"\" https:llt.me=\"\" title=\"Puede ser una imagen de texto que diga \"\/><\/figure>\n<h2 class=\"wp-block-heading\">Ir\u00e1n en la mira<\/h2>\n<p>Donald Trump volvi\u00f3 a amenazar a Ir\u00e1n y confirm\u00f3 que un portaviones se dirige hcia all\u00e1. Directamente dijo que van a lanzar un ataque \u201cmucho peor\u201d que el de junio del a\u00f1o pasado. Esta es la forma de Trump de decirle a Ir\u00e1n que \u201cse siente a negociar\u201d. Los iran\u00edes respondieron lo obvio, que t\u00fa no puedes amenazar y pedir di\u00e1logo al mismo tiempo, pero adem\u00e1s agregaron que tienen \u201cel dedo en el gatillo\u201d, o sea que est\u00e1n en alerta m\u00e1xima \u201cpara responder de forma inmediata y contundente a cualquier agresi\u00f3n por tierra, aire y mar\u201d.<\/p>\n<h2 class=\"wp-block-heading\">M\u00e9xico seguir\u00e1 mandando petr\u00f3leo a Cuba<\/h2>\n<p>La presidenta de M\u00e9xico, Claudia Sheinbaum, desminti\u00f3 que eso de que su pa\u00eds iba a dejar de mandar petr\u00f3leo a Cuba, como sac\u00f3 el medio gringo Bloomberg y repitieron muchos en internet. Enfatiz\u00f3 que los env\u00edos se mantienen, tanto los que son por contrato entre Pemex y el gobienro cubano, como los que corresponden a ayuda humanitaria, o sea donaciones de M\u00e9xico a Cuba para apoyar a la poblaci\u00f3n frente al bloqueo.<\/p>\n<h2 class=\"wp-block-heading\">\ud83d\udcfa Con\u00e9ctate ya con la nueva televisi\u00f3n<\/h2>\n<p>Y para que no te pierdas de nada, aqu\u00ed te dejo el enlace al noticiero de <strong><em>UN24, tu canal streaming con Venezuela en directo.<\/em><\/strong><\/p>\n<figure class=\"wp-block-embed is-type-video is-provider-youtube wp-block-embed-youtube wp-embed-aspect-16-9 wp-has-aspect-ratio\">\n<p> <iframe loading=\"lazy\" title=\"Noticiero UN24\" width=\"618\" height=\"348\" src=\"https:\/\/www.youtube.com\/embed\/k_s-wv4Xgms?feature=oembed\" frameborder=\"0\" allow=\"accelerometer; autoplay; clipboard-write; encrypted-media; gyroscope; picture-in-picture; web-share\" referrerpolicy=\"strict-origin-when-cross-origin\" allowfullscreen><\/iframe><\/p>\n<\/figure>\n<p><strong>\ud83d\udc49 <\/strong><strong>Suscr\u00edbete aqu\u00ed al nuevo canal de Telegram de El Informante <\/strong><strong>\ud83d\udcf2<\/strong><\/p>\n<p>Por ahora, esto es todo. Recuerda que para mantenerte al d\u00eda, todo el d\u00eda, lo \u00fanico que tienes que hacer es conectarte con ultimasnoticias.com.ve, (@UNoticias) en X, TikTok, Threads, Facebook, Instagram, LinkedIn y tambi\u00e9n en nuestro canal de Telegram (@UNoticias). Te invito adem\u00e1s a \u00a1leer el diario impreso! Busca ya tu ejemplar de <strong>\u00daltimas Noticias.<\/strong><\/p>\n<p><strong>Y no te olvides de que la nueva televisi\u00f3n<\/strong> est\u00e1 en <strong>ONU24<\/strong><strong>,<\/strong> en directo por YouTube, NetUno Go, Inter Go, Aba TV Go, Thundernet, Fulldata, Cablepar, 360net, Datalink, Cantv Satelital, FTA de Conatel, Roku, FireTV, Rumble, Twitch, Facebook y Telegram, o baj\u00e1ndote la app para Android.<\/p>\n<p>Nos leemos de nuevo ma\u00f1ana.<\/p>\n<h4 class=\"wp-block-heading\">\u00c1ngel \ud83d\udc49\u270c<\/h4>\n<\/div>\n<p><script async src=\"\/\/www.instagram.com\/embed.js\"><\/script><script async src=\"\/\/www.tiktok.com\/embed.js\"><\/script><br \/>\n<br \/>\n","protected":false},"excerpt":{"rendered":"<p>Ayer tuvo lugar un acto de mucho significado pol\u00edtico. La presidenta encargada Delcy Rodr\u00edguez recibi\u00f3 el bast\u00f3n de mando de comandante en jefe de la Fuerza Armada Nacional Bolivariana y la espada de Bol\u00edvar. El evento fue titulado: \u201cActo de Lealtad, Reconocimiento y Juramento de la Fuerza Armada Nacional Bolivariana y Organismos de Seguridad ante &hellip;<\/p>\n","protected":false},"author":1,"featured_media":57444,"comment_status":"open","ping_status":"open","sticky":false,"template":"","format":"standard","meta":{"fifu_image_url":"https:\/\/ultimasnoticias.com.ve\/wp-content\/uploads\/2026\/01\/Delcy_Bastonde-mando-lista.jpg","fifu_image_alt":"","footnotes":""},"categories":[13],"tags":[],"class_list":["post-57442","post","type-post","status-publish","format-standard","has-post-thumbnail","","category-mundo"],"_links":{"self":[{"href":"https:\/\/noticiasveraces.com\/index.php?rest_route=\/wp\/v2\/posts\/57442","targetHints":{"allow":["GET"]}}],"collection":[{"href":"https:\/\/noticiasveraces.com\/index.php?rest_route=\/wp\/v2\/posts"}],"about":[{"href":"https:\/\/noticiasveraces.com\/index.php?rest_route=\/wp\/v2\/types\/post"}],"author":[{"embeddable":true,"href":"https:\/\/noticiasveraces.com\/index.php?rest_route=\/wp\/v2\/users\/1"}],"replies":[{"embeddable":true,"href":"https:\/\/noticiasveraces.com\/index.php?rest_route=%2Fwp%2Fv2%2Fcomments&post=57442"}],"version-history":[{"count":0,"href":"https:\/\/noticiasveraces.com\/index.php?rest_route=\/wp\/v2\/posts\/57442\/revisions"}],"wp:featuredmedia":[{"embeddable":true,"href":"https:\/\/noticiasveraces.com\/index.php?rest_route=\/wp\/v2\/media\/57444"}],"wp:attachment":[{"href":"https:\/\/noticiasveraces.com\/index.php?rest_route=%2Fwp%2Fv2%2Fmedia&parent=57442"}],"wp:term":[{"taxonomy":"category","embeddable":true,"href":"https:\/\/noticiasveraces.com\/index.php?rest_route=%2Fwp%2Fv2%2Fcategories&post=57442"},{"taxonomy":"post_tag","embeddable":true,"href":"https:\/\/noticiasveraces.com\/index.php?rest_route=%2Fwp%2Fv2%2Ftags&post=57442"}],"curies":[{"name":"wp","href":"https:\/\/api.w.org\/{rel}","templated":true}]}}