{"id":57439,"date":"2026-01-29T03:00:12","date_gmt":"2026-01-29T07:00:12","guid":{"rendered":"https:\/\/noticiasveraces.com\/?p=57439"},"modified":"2026-01-29T03:00:12","modified_gmt":"2026-01-29T07:00:12","slug":"ong-denuncio-pobreza-menstrual-y-riesgos-de-salud-en-mujeres-que-esperan-la-liberacion-de-sus-familiares-en-la-zona-7-de-boleita","status":"publish","type":"post","link":"https:\/\/noticiasveraces.com\/?p=57439","title":{"rendered":"ONG denunci\u00f3 pobreza menstrual y riesgos de salud en mujeres que esperan la liberaci\u00f3n de sus familiares en la Zona 7 de Bole\u00edta"},"content":{"rendered":"<p> \n<\/p>\n<div>\n<p>La organizaci\u00f3n no gubernamental (ONG) Caleidoscopio Humano denunci\u00f3 que las mujeres que se encuentran a la espera de la excarcelaci\u00f3n de sus familiares presos pol\u00edticos en la Zona 7 de la Polic\u00eda Nacional Bolivariana (PNB) de Bole\u00edta se enfrentan a pobreza menstrual.<\/p>\n<div class=\"ruby-table-contents rbtoc table-fw\">\n<ul class=\"toc-content h5\">\n<li>Familiares llevan m\u00e1s de 20 d\u00edas en vigilia en la Zona 7 de la PNB<\/li>\n<li>Denuncias de hostigamiento contra los familiares <\/li>\n<\/ul>\n<\/div>\n<p>Adem\u00e1s de este problema, Caleidoscopio Humano se\u00f1al\u00f3 que las familiares tambi\u00e9n han sufrido \u201cviolencia psicol\u00f3gica y graves afecciones a su salud f\u00edsica\u201d, como consecuencia de las dificultades para ba\u00f1arse y hacer sus necesidades, lo cual ha derivado en cuadros infecciosos. <\/p>\n<p>Las mujeres se encuentran durmiendo en carpas desde que el presidente de la Asamblea Nacional, Jorge Rodr\u00edguez, anunci\u00f3 el 8 de enero el proceso de excarcelaci\u00f3n de los presos pol\u00edticos en Venezuela.<\/p>\n<p>\u201cEl gobierno ha silenciado a miles de venezolanos con la c\u00e1rcel y sometido a sus familiares a un calvario, exigimos justicia\u201d, agreg\u00f3 la ONG en su cuenta de X.<\/p>\n<figure class=\"wp-block-embed is-type-rich is-provider-twitter wp-block-embed-twitter\">\n<div class=\"wp-block-embed__wrapper\">\n<blockquote data-service=\"twitter\" data-category=\"marketing\" data-placeholder-image=\"https:\/\/eldiario.com\/wp-content\/plugins\/complianz-gdpr-premium\/assets\/images\/placeholders\/twitter-minimal.jpg\" class=\"cmplz-placeholder-element twitter-tweet\" data-width=\"550\" data-dnt=\"true\">\n<p lang=\"es\" dir=\"ltr\">La mayor\u00eda de los familiares que permanecen en las afueras de la Zona 7 de Bole\u00edta son mujeres y enfrentan pobreza menstrual, violencia psicol\u00f3gica y graves afecciones a su salud f\u00edsica, como consecuencia de las dificultades para ba\u00f1arse y hacer sus necesidades, lo cual ha\u2026 <a href=\"https:\/\/t.co\/39KQ1ymigx\">pic.twitter.com\/39KQ1ymigx<\/a><\/p>\n<p>\u2014 Caleidoscopio Humano (@CaleidoHumano) <a href=\"https:\/\/twitter.com\/CaleidoHumano\/status\/2016579530107080947?ref_src=twsrc%5Etfw\">28 de enero de 2026<\/a><\/p><\/blockquote>\n<\/div>\n<\/figure>\n<p>La Organizaci\u00f3n de Naciones Unidas para la Igualdad de G\u00e9nero y el Empoderamiento de la Mujer (ONU Mujeres), asegura en su p\u00e1gina web que la pobreza menstrual se refiere a la imposibilidad de pagar los productos menstruales o de acceder a ellos y no contar con instalaciones de saneamiento e higiene ni la educaci\u00f3n o los conocimientos para gestionar la salud menstrual.<\/p>\n<p>De acuerdo con la ONU, una higiene menstrual deficiente en situaciones de emergencia aumenta el riesgo de \u201cinfecciones y complicaciones ginecol\u00f3gicas\u201d.<\/p>\n<h2 id=\"familiares-llevan-mas-de-20-dias-en-vigilia-en-la-zona-7-de-la-pnb\" class=\"rb-heading-index-0-841373 wp-block-heading\"><strong>Familiares llevan m\u00e1s de 20 d\u00edas en vigilia en la Zona 7 de la PNB<\/strong><\/h2>\n<p>Desde el anuncio de las liberaciones el pasado 8 de enero, familiares, allegados y defensores de DD HH han estado en vigilia en los diferentes centros de detenci\u00f3n en Venezuela, para exigir la libertad de los presos pol\u00edticos. Los familiares de los presos pol\u00edticos en la Zona 7 establecieron un campamento con carpas a la espera de la salida de sus seres queridos.<\/p>\n<p>En el caso de la Zona 7 de la PNB, se estima que pernoctan en las afueras del centro alrededor de 80 familiares. Muchos llegaron siguiendo una corazonada, tras meses buscando en otros centros de reclusi\u00f3n sin \u00e9xito.<\/p>\n<p>Yaxodara Lozada, de 28 a\u00f1os de edad, exige la liberaci\u00f3n de su esposo y cont\u00f3 c\u00f3mo es la vida de las mujeres en el lugar.<\/p>\n<p>\u201cLo m\u00e1s dif\u00edcil para m\u00ed ha sido dormir fuera de casa, aunque aqu\u00ed me siento un poco cerca de mi esposo. Nos ba\u00f1amos en una garita que tenemos all\u00ed: agarramos agua, un tobito y nos ba\u00f1amos, tambi\u00e9n hacemos nuestras necesidades\u201d, dijo a Caleidoscopio Humano.<\/p>\n<figure class=\"wp-block-image size-large\"><picture fetchpriority=\"high\" decoding=\"async\" class=\"wp-image-840384\"><source type=\"image\/webp\" srcset=\"https:\/\/eldiario.com\/wp-content\/uploads\/2026\/01\/vigilia-zona-7-18-1200x800.jpg.webp 1200w, https:\/\/eldiario.com\/wp-content\/uploads\/2026\/01\/vigilia-zona-7-18-300x200.jpg.webp 300w, https:\/\/eldiario.com\/wp-content\/uploads\/2026\/01\/vigilia-zona-7-18-768x512.jpg.webp 768w, https:\/\/eldiario.com\/wp-content\/uploads\/2026\/01\/vigilia-zona-7-18-1536x1024.jpg.webp 1536w, https:\/\/eldiario.com\/wp-content\/uploads\/2026\/01\/vigilia-zona-7-18-330x220.jpg.webp 330w, https:\/\/eldiario.com\/wp-content\/uploads\/2026\/01\/vigilia-zona-7-18-420x280.jpg.webp 420w, https:\/\/eldiario.com\/wp-content\/uploads\/2026\/01\/vigilia-zona-7-18-615x410.jpg.webp 615w, https:\/\/eldiario.com\/wp-content\/uploads\/2026\/01\/vigilia-zona-7-18-860x574.jpg.webp 860w, https:\/\/eldiario.com\/wp-content\/uploads\/2026\/01\/vigilia-zona-7-18-150x100.jpg.webp 150w, https:\/\/eldiario.com\/wp-content\/uploads\/2026\/01\/vigilia-zona-7-18.jpg.webp 1600w\" sizes=\"(max-width: 1200px) 100vw, 1200px\"\/><img fetchpriority=\"high\" decoding=\"async\" width=\"1200\" height=\"800\" src=\"https:\/\/eldiario.com\/wp-content\/uploads\/2026\/01\/vigilia-zona-7-18-1200x800.jpg\" alt=\"Un campamento de historias y sue\u00f1os resiste frente a la Zona 7 de la PNB\" srcset=\"https:\/\/eldiario.com\/wp-content\/uploads\/2026\/01\/vigilia-zona-7-18-1200x800.jpg 1200w, https:\/\/eldiario.com\/wp-content\/uploads\/2026\/01\/vigilia-zona-7-18-300x200.jpg 300w, https:\/\/eldiario.com\/wp-content\/uploads\/2026\/01\/vigilia-zona-7-18-768x512.jpg 768w, https:\/\/eldiario.com\/wp-content\/uploads\/2026\/01\/vigilia-zona-7-18-1536x1024.jpg 1536w, https:\/\/eldiario.com\/wp-content\/uploads\/2026\/01\/vigilia-zona-7-18-330x220.jpg 330w, https:\/\/eldiario.com\/wp-content\/uploads\/2026\/01\/vigilia-zona-7-18-420x280.jpg 420w, https:\/\/eldiario.com\/wp-content\/uploads\/2026\/01\/vigilia-zona-7-18-615x410.jpg 615w, https:\/\/eldiario.com\/wp-content\/uploads\/2026\/01\/vigilia-zona-7-18-860x574.jpg 860w, https:\/\/eldiario.com\/wp-content\/uploads\/2026\/01\/vigilia-zona-7-18-150x100.jpg 150w, https:\/\/eldiario.com\/wp-content\/uploads\/2026\/01\/vigilia-zona-7-18.jpg 1600w\" sizes=\"(max-width: 1200px) 100vw, 1200px\"\/>\n<\/picture><figcaption class=\"wp-element-caption\">Foto: David Ocanto | El Diario<\/figcaption><\/figure>\n<p>Por otro lado, Flor Zambrano, de 68 a\u00f1os de edad, espera que su hijo no est\u00e9 enfermo cuando lo vayan a excarcelar, debido a que estaba sano antes de su detenci\u00f3n.<\/p>\n<p>\u201cAhora lo que me dijeron es que mi hijo estaba desnutrido. No quiero que me lo vayan a entregar enfermo porque \u00e9l no sufr\u00eda de nada\u201d, asegur\u00f3 a Caleidoscopio Humano.<\/p>\n<p>Por su parte, Evelis Cano, una de las madres que se encaden\u00f3 en la Zona 7, pidi\u00f3 ayuda a \u201ctodos los pa\u00edses y organismos internacionales\u201d para que hagan algo.<\/p>\n<p>Mar\u00eda Saldivia, quien tiene a cuatro familiares detenidos, sufri\u00f3 una descompensaci\u00f3n a las afueras del centro de detenci\u00f3n. La mujer logr\u00f3 ver a sus seres queridos luego de pasar 18 d\u00edas en vigilia.<\/p>\n<h2 id=\"denuncias-de-hostigamiento-contra-los-familiaresnbsp\" class=\"rb-heading-index-1-841373 wp-block-heading\"><strong>Denuncias de hostigamiento contra los familiares <\/strong><\/h2>\n<p>En la Zona 7 de la sede de la PNB en Bole\u00edta, se ha denunciado una situaci\u00f3n tensa en los campamentos de los familiares de presos pol\u00edticos. El 12 de enero, se present\u00f3 el equipo antimot\u00edn de la PNB. <\/p>\n<p>Una denuncia an\u00f3nima para <strong>El Diario<\/strong> revel\u00f3 que los funcionarios policiales ocuparon parte de los espacios del campamento que tienen los familiares de los presos pol\u00edticos.<\/p>\n<p>Por otro lado, el 21 de enero las autoridades instalaron c\u00e1maras frente al campamento que formaron los familiares para poder pernoctar. Las madres congregadas en el lugar calificaron esta medida como \u201cuna violaci\u00f3n a sus derechos\u201d y exigieron el retiro de las c\u00e1maras.<\/p>\n<figure class=\"wp-block-image size-large\"><picture loading=\"lazy\" decoding=\"async\" class=\"wp-image-839433\"><source type=\"image\/webp\" srcset=\"https:\/\/eldiario.com\/wp-content\/uploads\/2026\/01\/presos-politicos-zona-7-PNB-1200x900.jpg.webp 1200w, https:\/\/eldiario.com\/wp-content\/uploads\/2026\/01\/presos-politicos-zona-7-PNB-300x225.jpg.webp 300w, https:\/\/eldiario.com\/wp-content\/uploads\/2026\/01\/presos-politicos-zona-7-PNB-768x576.jpg.webp 768w, https:\/\/eldiario.com\/wp-content\/uploads\/2026\/01\/presos-politicos-zona-7-PNB-1536x1152.jpg.webp 1536w, https:\/\/eldiario.com\/wp-content\/uploads\/2026\/01\/presos-politicos-zona-7-PNB-860x645.jpg.webp 860w, https:\/\/eldiario.com\/wp-content\/uploads\/2026\/01\/presos-politicos-zona-7-PNB-150x113.jpg.webp 150w, https:\/\/eldiario.com\/wp-content\/uploads\/2026\/01\/presos-politicos-zona-7-PNB.jpg.webp 1600w\" sizes=\"(max-width: 1200px) 100vw, 1200px\"\/><img loading=\"lazy\" decoding=\"async\" width=\"1200\" height=\"900\" src=\"https:\/\/eldiario.com\/wp-content\/uploads\/2026\/01\/presos-politicos-zona-7-PNB-1200x900.jpg\" alt=\"Denunciaron hostigamiento contra familiares de presos pol\u00edticos en la Zona 7 de la PNB en Bole\u00edta \" srcset=\"https:\/\/eldiario.com\/wp-content\/uploads\/2026\/01\/presos-politicos-zona-7-PNB-1200x900.jpg 1200w, https:\/\/eldiario.com\/wp-content\/uploads\/2026\/01\/presos-politicos-zona-7-PNB-300x225.jpg 300w, https:\/\/eldiario.com\/wp-content\/uploads\/2026\/01\/presos-politicos-zona-7-PNB-768x576.jpg 768w, https:\/\/eldiario.com\/wp-content\/uploads\/2026\/01\/presos-politicos-zona-7-PNB-1536x1152.jpg 1536w, https:\/\/eldiario.com\/wp-content\/uploads\/2026\/01\/presos-politicos-zona-7-PNB-860x645.jpg 860w, https:\/\/eldiario.com\/wp-content\/uploads\/2026\/01\/presos-politicos-zona-7-PNB-150x113.jpg 150w, https:\/\/eldiario.com\/wp-content\/uploads\/2026\/01\/presos-politicos-zona-7-PNB.jpg 1600w\" sizes=\"auto, (max-width: 1200px) 100vw, 1200px\"\/>\n<\/picture><figcaption class=\"wp-element-caption\">Foto: @VivaLaUCV | Gorjeo<\/figcaption><\/figure>\n<p><!-- CONTENT END 1 -->\n<\/div>\n<p><script async src=\"https:\/\/platform.twitter.com\/widgets.js\" charset=\"utf-8\"><\/script><br \/>\n<br \/>\n","protected":false},"excerpt":{"rendered":"<p>La organizaci\u00f3n no gubernamental (ONG) Caleidoscopio Humano denunci\u00f3 que las mujeres que se encuentran a la espera de la excarcelaci\u00f3n de sus familiares presos pol\u00edticos en la Zona 7 de la Polic\u00eda Nacional Bolivariana (PNB) de Bole\u00edta se enfrentan a pobreza menstrual. Familiares llevan m\u00e1s de 20 d\u00edas en vigilia en la Zona 7 de &hellip;<\/p>\n","protected":false},"author":1,"featured_media":57441,"comment_status":"open","ping_status":"open","sticky":false,"template":"","format":"standard","meta":{"fifu_image_url":"https:\/\/eldiario.com\/wp-content\/uploads\/2026\/01\/20c4d396f0cecb891b5cd842584715fa2470a55e.jpg","fifu_image_alt":"","footnotes":""},"categories":[13],"tags":[],"class_list":["post-57439","post","type-post","status-publish","format-standard","has-post-thumbnail","","category-mundo"],"_links":{"self":[{"href":"https:\/\/noticiasveraces.com\/index.php?rest_route=\/wp\/v2\/posts\/57439","targetHints":{"allow":["GET"]}}],"collection":[{"href":"https:\/\/noticiasveraces.com\/index.php?rest_route=\/wp\/v2\/posts"}],"about":[{"href":"https:\/\/noticiasveraces.com\/index.php?rest_route=\/wp\/v2\/types\/post"}],"author":[{"embeddable":true,"href":"https:\/\/noticiasveraces.com\/index.php?rest_route=\/wp\/v2\/users\/1"}],"replies":[{"embeddable":true,"href":"https:\/\/noticiasveraces.com\/index.php?rest_route=%2Fwp%2Fv2%2Fcomments&post=57439"}],"version-history":[{"count":0,"href":"https:\/\/noticiasveraces.com\/index.php?rest_route=\/wp\/v2\/posts\/57439\/revisions"}],"wp:featuredmedia":[{"embeddable":true,"href":"https:\/\/noticiasveraces.com\/index.php?rest_route=\/wp\/v2\/media\/57441"}],"wp:attachment":[{"href":"https:\/\/noticiasveraces.com\/index.php?rest_route=%2Fwp%2Fv2%2Fmedia&parent=57439"}],"wp:term":[{"taxonomy":"category","embeddable":true,"href":"https:\/\/noticiasveraces.com\/index.php?rest_route=%2Fwp%2Fv2%2Fcategories&post=57439"},{"taxonomy":"post_tag","embeddable":true,"href":"https:\/\/noticiasveraces.com\/index.php?rest_route=%2Fwp%2Fv2%2Ftags&post=57439"}],"curies":[{"name":"wp","href":"https:\/\/api.w.org\/{rel}","templated":true}]}}